{"id":11137,"date":"2019-09-16T14:07:48","date_gmt":"2019-09-16T14:07:48","guid":{"rendered":"https:\/\/www.centregrat.com\/compararse-con-los-demas\/"},"modified":"2022-01-03T22:23:13","modified_gmt":"2022-01-03T22:23:13","slug":"com-deixar-de-compararse-amb-els-altres","status":"publish","type":"post","link":"https:\/\/www.centregrat.com\/ca\/com-deixar-de-compararse-amb-els-altres\/","title":{"rendered":"8 PREGUNTES PER A REFLEXIONAR i deixar de comparar-te amb els altres"},"content":{"rendered":"<p>&nbsp;<\/p>\n<p style=\"text-align: center;\">\u201cLa comparaci\u00f3 ens roba l&#8217;alegria.\u201d Theodore Roosevelt.<\/p>\n<h2>&#8220;No puc parar de comparar-me amb els altres&#8221;<\/h2>\n<p><strong>&#8220;Ell\/Ella \u00e9s m\u00e9s&#8230; que jo&#8221;<\/strong>.\u00a0&#8220;Ell\/ella t\u00e9 un cotxe millor que el meu, est\u00e0 m\u00e9s prima que jo, viatja m\u00e9s, t\u00e9 sort de\u00a0tenir aquest treball, la seva fam\u00edlia \u00e9s m\u00e9s gran que la meva, no t\u00e9 tants problemes com jo,\u00a0vesteix millor, \u00e9s m\u00e9s atractiu, cau millor&#8230;&#8221;.<\/p>\n<p><strong>Quan ens comparem amb els altres sempre solem fixar-nos en all\u00f2 que tenen i\u00a0nosaltres no, en all\u00f2 que ens agradaria ser o tenir.<\/strong> Siguem conscients llavors, que\u00a0la nostra visi\u00f3 sempre ser\u00e0 una visi\u00f3 esbiaixada dels altres. No podem tenir una visi\u00f3\u00a0global i 100% real de tota la seva vida. Coneixem dels altres nom\u00e9s una part d&#8217;ells, la part\u00a0que ens mostren. No podem valorar un tret o aspecte a\u00efllat de la seva vida i centrar-nos en\u00a0aix\u00f2 perqu\u00e8 llavors correm el risc d&#8217;idealitzar-lo&#8230;<\/p>\n<p><img loading=\"lazy\" decoding=\"async\" class=\"size-medium wp-image-11128 alignright\" src=\"https:\/\/www.centregrat.com\/wp-content\/uploads\/2019\/09\/compararse-con-los-demas2-300x200.jpg\" alt=\"compararse-con-los-demas\" width=\"300\" height=\"200\" srcset=\"https:\/\/www.centregrat.com\/wp-content\/uploads\/2019\/09\/compararse-con-los-demas2-300x200.jpg 300w, https:\/\/www.centregrat.com\/wp-content\/uploads\/2019\/09\/compararse-con-los-demas2-768x512.jpg 768w, https:\/\/www.centregrat.com\/wp-content\/uploads\/2019\/09\/compararse-con-los-demas2-1024x682.jpg 1024w, https:\/\/www.centregrat.com\/wp-content\/uploads\/2019\/09\/compararse-con-los-demas2-700x466.jpg 700w, https:\/\/www.centregrat.com\/wp-content\/uploads\/2019\/09\/compararse-con-los-demas2.jpg 1920w\" sizes=\"auto, (max-width: 300px) 100vw, 300px\" \/><\/p>\n<h2>On est\u00e0 el que jo valc?<\/h2>\n<p>Voldria tamb\u00e9, deixar una cosa clara. <strong>Sempre hi haur\u00e0 alg\u00fa m\u00e9s ric\/a, maco\/a o amb un millor\u00a0treball que tu. Sempre. Igual que sempre hi haur\u00e0 alg\u00fa que faci una mica millor que tu.<\/strong> Aix\u00f2\u00a0significa que el que tu fas o tens deixa de tenir valor? Si busques sentir-te satisfet amb el\u00a0que tens comparant amb el que tenen els altres, sempre trobar\u00e0s una cosa millor. O\u00a0aparentment millor.<\/p>\n<p>Perqu\u00e8 a m\u00e9s, hi ha una altra q\u00fcesti\u00f3: <strong>pot ser que el que li serveixi a ell\/ella\u00a0no et serveixi a tu.<\/strong> Poso un exemple: \u201cUauu tinc un amic que t\u00e9 una casa enorme i dos\u00a0cavalls. I t\u00e9 un bon treball amb un horari fant\u00e0stic\u201d. Val, potser el teu amic \u00e9s \u201cfeli\u00e7\u201d\u00a0amb la seva vida (o no, perqu\u00e8 viu estressat o perqu\u00e8 t\u00e9 una s\u00e8rie de problemes que tu\u00a0no coneixes). Per\u00f2 \u00e9s que a m\u00e9s, potser a tu viure en una casa tan enorme i retirada de\u00a0la ciutat no et faria feli\u00e7, els dos cavalls et suposarien molta despesa i nom\u00e9s aniries una vegada a el\u00a0mes a veure&#8217;ls una estona sense m\u00e9s. I potser en aquest treball t\u00e9 un cap que no suportaries o et\u00a0atabalaria el tipus de tasques que ell realitza.<\/p>\n<h2>Mirar-se a un\/a mateix\/a<\/h2>\n<p>Com us deia, no podem quedar-nos nom\u00e9s amb\u00a0all\u00f2 que veiem a simple vista, ni tampoc idealitzar la vida dels altres.\u00a0<strong>I si gast\u00e9ssim l&#8217;energia que utilitzem a comparar-nos amb els altres en una altra cosa? Qu\u00e8\u00a0tal usar-la a tenir clars els nostres propis valors i objectius i construir la nostra vida en base\u00a0a ells?<\/strong><\/p>\n<p><img loading=\"lazy\" decoding=\"async\" class=\"size-medium wp-image-11130 alignleft\" src=\"https:\/\/www.centregrat.com\/wp-content\/uploads\/2019\/09\/compararse-con-los-demas1-300x204.jpg\" alt=\"compararse-con-los-demas\" width=\"300\" height=\"204\" srcset=\"https:\/\/www.centregrat.com\/wp-content\/uploads\/2019\/09\/compararse-con-los-demas1-300x204.jpg 300w, https:\/\/www.centregrat.com\/wp-content\/uploads\/2019\/09\/compararse-con-los-demas1-768x522.jpg 768w, https:\/\/www.centregrat.com\/wp-content\/uploads\/2019\/09\/compararse-con-los-demas1-1024x696.jpg 1024w, https:\/\/www.centregrat.com\/wp-content\/uploads\/2019\/09\/compararse-con-los-demas1-700x476.jpg 700w, https:\/\/www.centregrat.com\/wp-content\/uploads\/2019\/09\/compararse-con-los-demas1.jpg 1920w\" sizes=\"auto, (max-width: 300px) 100vw, 300px\" \/><\/p>\n<p>Els altres tindran les seves pr\u00f2pies aspiracions. I potser, per dir alguna cosa, a alg\u00fa li\u00a0compensi anar al gimn\u00e0s cinc vegades a la setmana per a estar \u00e0gil i fer maratons. Per\u00f2 potser a tu aix\u00f2 no et faria feli\u00e7 i no est\u00e0s disposat\/a realitzar aquest esfor\u00e7. Llavors, quin\u00a0sentit tindria envejar el seu cos o la seva agilitat?<\/p>\n<p><strong>En veure en l&#8217;altre alguna cosa que desitges, sigues honest\/a amb tu mateix\/a.<\/strong> Tingues en compte el teu propi criteri i metes personals i decideix en\u00a0base a aix\u00f2. No et deixis engalipar per la teva ment i la interpretaci\u00f3 que fas del que has vist.\u00a0<strong>Investiga, avalua la situaci\u00f3 i si de deb\u00f2 vols aix\u00f2, fes-s&#8217;ho!<\/strong> Per\u00f2 ull, tampoc ho\u00a0facis perqu\u00e8 alg\u00fa t&#8217;ho diu o creguis que els altres ho valoraran, sin\u00f3 perqu\u00e8 \u00e9s alguna cosa que a\u00a0tu et vagi a satisfer.<\/p>\n<h2>I enmig de la comparaci\u00f3&#8230; l&#8217;autoestima<\/h2>\n<p><strong>En veure alguna cosa que volem tenir o ser poden despertar-se en nosaltres sentiments de baixa\u00a0autoestima<\/strong>, de ser menys que l&#8217;altre, de sentir-nos inferiors en algun aspecte. Per\u00f2 est\u00e0 a la teva\u00a0m\u00e0 decidir qu\u00e8 fer amb aix\u00f2. Pots quedar-te amb la frustraci\u00f3 i deixar que l&#8217;enveja o el\u00a0malestar s&#8217;apoderin de tu i s&#8217;expressin a trav\u00e9s de males cares, queixes i irritabilitat. O b\u00e9,\u00a0<strong>pots fer-te les seg\u00fcents 8 preguntes poderoses:<\/strong><\/p>\n<p><img loading=\"lazy\" decoding=\"async\" class=\"size-medium wp-image-11126 alignright\" src=\"https:\/\/www.centregrat.com\/wp-content\/uploads\/2019\/09\/compararse-con-los-demas3-300x199.jpg\" alt=\"compararse-con-los-demas\" width=\"300\" height=\"199\" srcset=\"https:\/\/www.centregrat.com\/wp-content\/uploads\/2019\/09\/compararse-con-los-demas3-300x199.jpg 300w, https:\/\/www.centregrat.com\/wp-content\/uploads\/2019\/09\/compararse-con-los-demas3-768x508.jpg 768w, https:\/\/www.centregrat.com\/wp-content\/uploads\/2019\/09\/compararse-con-los-demas3-1024x678.jpg 1024w, https:\/\/www.centregrat.com\/wp-content\/uploads\/2019\/09\/compararse-con-los-demas3-700x463.jpg 700w, https:\/\/www.centregrat.com\/wp-content\/uploads\/2019\/09\/compararse-con-los-demas3.jpg 1920w\" sizes=\"auto, (max-width: 300px) 100vw, 300px\" \/><\/p>\n<ol>\n<li>Qu\u00e8 \u00e9s exactament el que veig en l&#8217;altre que m&#8217;agradaria tenir a mi?<\/li>\n<li>Aix\u00f2 que envejo de l&#8217;altre\/a a mi em resultaria realment satisfactori?<\/li>\n<li>Ell\/ella \u00e9s millor que jo per tenir aix\u00f2 o ser aix\u00ed?<\/li>\n<li>Com ho ha aconseguit? Puc jo aconseguir-ho?<\/li>\n<li>Em compensaria l&#8217;esfor\u00e7 que requereix o realment prefereixo no tenir-ho?<\/li>\n<li>Si tingu\u00e9s aix\u00f2 em valoraria m\u00e9s o haig de comen\u00e7ar a valorar primer el que ja s\u00ed que tinc?<\/li>\n<li>Em valoro a trav\u00e9s de l&#8217;altre? De quines altres formes i quines altres coses podria comen\u00e7ar a valorar-me?<\/li>\n<li>Quins aspectes del meu mateix\/a valoro i em fan sentir-se orgull\u00f3s\/a de mi?<\/li>\n<\/ol>\n<h2>Tu no ets menys que ning\u00fa<\/h2>\n<p>La pr\u00f2xima vegada que vegis una cosa d&#8217;alg\u00fa que t&#8217;agradaria tenir o ser i aix\u00f2 et desperti una\u00a0sensaci\u00f3 de frustraci\u00f3, de sentir-te tu menys que l&#8217;altre\/a&#8230; espero que et vingui a la ment\u00a0aquest article. O almenys que et quedis amb la idea que r<strong>es \u00e9s el que sembla i que tu\u00a0no ets menys que ning\u00fa<\/strong>. Potser ell\/ella t\u00e9 alguna cosa que el teu consideres millor i potser ni ho\u00a0valora o desitgi. O potser si coneguessis tots els \u00e0mbits de la seva vida deixaries d&#8217;idealitzar-li.<\/p>\n<p><img loading=\"lazy\" decoding=\"async\" class=\"size-medium wp-image-11124 alignleft\" src=\"https:\/\/www.centregrat.com\/wp-content\/uploads\/2019\/09\/compararse-con-los-demas4-300x300.jpg\" alt=\"compararse-con-los-demas\" width=\"300\" height=\"300\" srcset=\"https:\/\/www.centregrat.com\/wp-content\/uploads\/2019\/09\/compararse-con-los-demas4-300x300.jpg 300w, https:\/\/www.centregrat.com\/wp-content\/uploads\/2019\/09\/compararse-con-los-demas4-150x150.jpg 150w, https:\/\/www.centregrat.com\/wp-content\/uploads\/2019\/09\/compararse-con-los-demas4-768x768.jpg 768w, https:\/\/www.centregrat.com\/wp-content\/uploads\/2019\/09\/compararse-con-los-demas4-1024x1024.jpg 1024w, https:\/\/www.centregrat.com\/wp-content\/uploads\/2019\/09\/compararse-con-los-demas4-570x570.jpg 570w, https:\/\/www.centregrat.com\/wp-content\/uploads\/2019\/09\/compararse-con-los-demas4-500x500.jpg 500w, https:\/\/www.centregrat.com\/wp-content\/uploads\/2019\/09\/compararse-con-los-demas4-1000x1000.jpg 1000w, https:\/\/www.centregrat.com\/wp-content\/uploads\/2019\/09\/compararse-con-los-demas4-700x700.jpg 700w, https:\/\/www.centregrat.com\/wp-content\/uploads\/2019\/09\/compararse-con-los-demas4.jpg 1920w\" sizes=\"auto, (max-width: 300px) 100vw, 300px\" \/><\/p>\n<p>Espero tamb\u00e9, que a partir d&#8217;ara, quan t&#8217;adonis que t&#8217;est\u00e0s comparant amb\u00a0alg\u00fa, siguis capa\u00e7 de fer-te les preguntes i la reflexi\u00f3 pertinent. I que aix\u00f2 t&#8217;ajudi a\u00a0comen\u00e7ar a utilitzar aquesta comparaci\u00f3 per a centrar-te en el que tu realment desitgis i posar-te a\u00a0treballar en aix\u00f2 sense perdre la teva energia comparant-te&#8230; Perqu\u00e8 no hi ha dues persones iguals. I\u00a0perqu\u00e8 q<strong>uan ens comparem amb els altres estem valorant els nostres assoliments i la nostra\u00a0v\u00e0lua a trav\u00e9s d&#8217;ells. Estem donant-los un poder que no els correspon.<\/strong><\/p>\n<p>&nbsp;<\/p>\n<p style=\"text-align: right;\"><em><strong>Silvia Pueo<\/strong><\/em><\/p>\n<p style=\"text-align: right;\"><em><strong>Psic\u00f2loga General Sanit\u00e0ria. Col.18637<\/strong><\/em><\/p>\n<p>&nbsp;<\/p>\n<h2>Vols fer-nos una consulta?<\/h2>\n<p>Els nostres professionals estan al teu servei per a ajudar-te. <a href=\"https:\/\/www.centregrat.com\/\">Contacta amb nosaltres!<\/a><\/p>\n<p>&nbsp;<\/p>\n<p>Si t&#8217;ha interessat aquest article, pot ser que tamb\u00e9 t&#8217;interessi:<\/p>\n<ul>\n<li><a href=\"https:\/\/www.centregrat.com\/dol-per-ruptura-sentimental\/\">El dol per ruptura sentimental.<\/a><\/li>\n<li><a href=\"https:\/\/www.centregrat.com\/depedencia-emocional-en-parella\/\">Est\u00e0s en una relaci\u00f3 de depend\u00e8ncia emocional?<\/a><\/li>\n<li><a href=\"https:\/\/www.centregrat.com\/que-es-lagorafobia\/\">L&#8217;ocellet al que li van fallar les ales. (Una hist\u00f2ria d&#8217;agoraf\u00f2bia).<\/a><\/li>\n<li><a href=\"https:\/\/www.centregrat.com\/separar-se-be-fills\/\">Com separar-se (b\u00e9) amb fills?<\/a><\/li>\n<li><a href=\"https:\/\/www.centregrat.com\/estar-prima-trastorns-alimentacio\/\">Vull estar prima, aix\u00ed ser\u00e9 feli\u00e7.<\/a><\/li>\n<li><a href=\"https:\/\/www.centregrat.com\/arribada-primer-fill-crisis-de-parella\/\">Per qu\u00e8 amb l&#8217;arribada del primer fill arriba una crisi de parella?<\/a><\/li>\n<li><a href=\"https:\/\/www.centregrat.com\/cuida-la-teva-relacio-de-parella\/\">Cuida la teva relaci\u00f3 de parella.<\/a><\/li>\n<li><a href=\"https:\/\/www.centregrat.com\/apren-a-discutir-en-parella-sense-perdre-el-control\/\">Apr\u00e8n a discutir en parella sense perdre el control.<\/a><\/li>\n<li><a href=\"https:\/\/www.centregrat.com\/com-recuperar-la-passio-a-la-teva-relacio-de-parella-8-consells-per-a-parelles-amb-i-sense-fills\/\">Com recuperar la passi\u00f3 en la teva relaci\u00f3 de parella? 8 consells per a parelles (amb i sense fills).<\/a><\/li>\n<\/ul>\n","protected":false},"excerpt":{"rendered":"<p>&nbsp; \u201cLa comparaci\u00f3 ens roba l&#8217;alegria.\u201d Theodore Roosevelt. &#8220;No puc parar de comparar-me amb els altres&#8221; &#8220;Ell\/Ella \u00e9s m\u00e9s&#8230; que jo&#8221;.\u00a0&#8220;Ell\/ella t\u00e9 un cotxe millor que el meu, est\u00e0 m\u00e9s prima que jo, viatja m\u00e9s, t\u00e9 sort de\u00a0tenir aquest treball, la seva fam\u00edlia \u00e9s m\u00e9s gran que la meva, no t\u00e9 tants problemes com jo,\u00a0vesteix millor, \u00e9s m\u00e9s atractiu, cau millor&#8230;&#8221;. Quan ens comparem amb els altres sempre solem fixar-nos en all\u00f2 que tenen i\u00a0nosaltres no, en all\u00f2 que ens agradaria ser o tenir. Siguem conscients llavors, que\u00a0la nostra visi\u00f3 sempre ser\u00e0 una visi\u00f3 esbiaixada dels altres. No podem tenir&#8230;<\/p>\n","protected":false},"author":2,"featured_media":11138,"comment_status":"open","ping_status":"closed","sticky":false,"template":"","format":"standard","meta":{"_acf_changed":false,"_exactmetrics_skip_tracking":false,"_exactmetrics_sitenote_active":false,"_exactmetrics_sitenote_note":"","_exactmetrics_sitenote_category":0,"footnotes":""},"categories":[776],"tags":[305,1266,1265,1526,920],"class_list":["post-11137","post","type-post","status-publish","format-standard","has-post-thumbnail","hentry","category-adults","tag-autoestima","tag-comparar-se-amb-els-altres","tag-compararse-con-los-demas-2","tag-deixar-de-comparar-se","tag-millorar-autoestima"],"acf":[],"yoast_head":"<!-- This site is optimized with the Yoast SEO plugin v27.4 - https:\/\/yoast.com\/product\/yoast-seo-wordpress\/ -->\n<title>8 PREGUNTAS PER DEIXAR DE COMPARAR-TE AMB ELS ALTRES<\/title>\n<meta name=\"description\" content=\"Et compares amb els altres? Creus que aix\u00f2 t&#039;afecta negativament? T&#039;ajudem a deixar de fer-ho a partir de 8 preguntes clau per a reflexionar.\" \/>\n<meta name=\"robots\" content=\"index, follow, max-snippet:-1, max-image-preview:large, max-video-preview:-1\" \/>\n<link rel=\"canonical\" href=\"https:\/\/www.centregrat.com\/ca\/com-deixar-de-compararse-amb-els-altres\/\" \/>\n<meta property=\"og:locale\" content=\"ca_ES\" \/>\n<meta property=\"og:type\" content=\"article\" \/>\n<meta property=\"og:title\" content=\"8 PREGUNTAS PER DEIXAR DE COMPARAR-TE AMB ELS ALTRES\" \/>\n<meta property=\"og:description\" content=\"Et compares amb els altres? Creus que aix\u00f2 t&#039;afecta negativament? T&#039;ajudem a deixar de fer-ho a partir de 8 preguntes clau per a reflexionar.\" \/>\n<meta property=\"og:url\" content=\"https:\/\/www.centregrat.com\/ca\/com-deixar-de-compararse-amb-els-altres\/\" \/>\n<meta property=\"og:site_name\" content=\"Centre GRAT | Centre de psicologia a Barcelona\" \/>\n<meta property=\"article:published_time\" content=\"2019-09-16T14:07:48+00:00\" \/>\n<meta property=\"article:modified_time\" content=\"2022-01-03T22:23:13+00:00\" \/>\n<meta property=\"og:image\" content=\"https:\/\/www.centregrat.com\/wp-content\/uploads\/2019\/09\/et-compares-amb-els-altres.jpg\" \/>\n\t<meta property=\"og:image:width\" content=\"1100\" \/>\n\t<meta property=\"og:image:height\" content=\"600\" \/>\n\t<meta property=\"og:image:type\" content=\"image\/jpeg\" \/>\n<meta name=\"author\" content=\"Centre Grat\" \/>\n<meta name=\"twitter:card\" content=\"summary_large_image\" \/>\n<meta name=\"twitter:label1\" content=\"Escrit per\" \/>\n\t<meta name=\"twitter:data1\" content=\"Centre Grat\" \/>\n\t<meta name=\"twitter:label2\" content=\"Temps estimat de lectura\" \/>\n\t<meta name=\"twitter:data2\" content=\"6 minuts\" \/>\n<script type=\"application\/ld+json\" class=\"yoast-schema-graph\">{\"@context\":\"https:\\\/\\\/schema.org\",\"@graph\":[{\"@type\":\"Article\",\"@id\":\"https:\\\/\\\/www.centregrat.com\\\/ca\\\/com-deixar-de-compararse-amb-els-altres\\\/#article\",\"isPartOf\":{\"@id\":\"https:\\\/\\\/www.centregrat.com\\\/ca\\\/com-deixar-de-compararse-amb-els-altres\\\/\"},\"author\":{\"name\":\"Centre Grat\",\"@id\":\"https:\\\/\\\/www.centregrat.com\\\/ca\\\/#\\\/schema\\\/person\\\/b2b01a7ecc622fa9a0a36e1370ecba97\"},\"headline\":\"8 PREGUNTES PER A REFLEXIONAR i deixar de comparar-te amb els altres\",\"datePublished\":\"2019-09-16T14:07:48+00:00\",\"dateModified\":\"2022-01-03T22:23:13+00:00\",\"mainEntityOfPage\":{\"@id\":\"https:\\\/\\\/www.centregrat.com\\\/ca\\\/com-deixar-de-compararse-amb-els-altres\\\/\"},\"wordCount\":1116,\"commentCount\":0,\"publisher\":{\"@id\":\"https:\\\/\\\/www.centregrat.com\\\/ca\\\/#organization\"},\"image\":{\"@id\":\"https:\\\/\\\/www.centregrat.com\\\/ca\\\/com-deixar-de-compararse-amb-els-altres\\\/#primaryimage\"},\"thumbnailUrl\":\"https:\\\/\\\/www.centregrat.com\\\/wp-content\\\/uploads\\\/2019\\\/09\\\/et-compares-amb-els-altres.jpg\",\"keywords\":[\"autoestima\",\"comparar-se amb els altres\",\"compararse con los dem\u00e1s\",\"deixar de comparar-se\",\"millorar autoestima\"],\"articleSection\":[\"Adults\"],\"inLanguage\":\"ca\",\"potentialAction\":[{\"@type\":\"CommentAction\",\"name\":\"Comment\",\"target\":[\"https:\\\/\\\/www.centregrat.com\\\/ca\\\/com-deixar-de-compararse-amb-els-altres\\\/#respond\"]}]},{\"@type\":\"WebPage\",\"@id\":\"https:\\\/\\\/www.centregrat.com\\\/ca\\\/com-deixar-de-compararse-amb-els-altres\\\/\",\"url\":\"https:\\\/\\\/www.centregrat.com\\\/ca\\\/com-deixar-de-compararse-amb-els-altres\\\/\",\"name\":\"8 PREGUNTAS PER DEIXAR DE COMPARAR-TE AMB ELS ALTRES\",\"isPartOf\":{\"@id\":\"https:\\\/\\\/www.centregrat.com\\\/ca\\\/#website\"},\"primaryImageOfPage\":{\"@id\":\"https:\\\/\\\/www.centregrat.com\\\/ca\\\/com-deixar-de-compararse-amb-els-altres\\\/#primaryimage\"},\"image\":{\"@id\":\"https:\\\/\\\/www.centregrat.com\\\/ca\\\/com-deixar-de-compararse-amb-els-altres\\\/#primaryimage\"},\"thumbnailUrl\":\"https:\\\/\\\/www.centregrat.com\\\/wp-content\\\/uploads\\\/2019\\\/09\\\/et-compares-amb-els-altres.jpg\",\"datePublished\":\"2019-09-16T14:07:48+00:00\",\"dateModified\":\"2022-01-03T22:23:13+00:00\",\"description\":\"Et compares amb els altres? Creus que aix\u00f2 t'afecta negativament? T'ajudem a deixar de fer-ho a partir de 8 preguntes clau per a reflexionar.\",\"breadcrumb\":{\"@id\":\"https:\\\/\\\/www.centregrat.com\\\/ca\\\/com-deixar-de-compararse-amb-els-altres\\\/#breadcrumb\"},\"inLanguage\":\"ca\",\"potentialAction\":[{\"@type\":\"ReadAction\",\"target\":[\"https:\\\/\\\/www.centregrat.com\\\/ca\\\/com-deixar-de-compararse-amb-els-altres\\\/\"]}]},{\"@type\":\"ImageObject\",\"inLanguage\":\"ca\",\"@id\":\"https:\\\/\\\/www.centregrat.com\\\/ca\\\/com-deixar-de-compararse-amb-els-altres\\\/#primaryimage\",\"url\":\"https:\\\/\\\/www.centregrat.com\\\/wp-content\\\/uploads\\\/2019\\\/09\\\/et-compares-amb-els-altres.jpg\",\"contentUrl\":\"https:\\\/\\\/www.centregrat.com\\\/wp-content\\\/uploads\\\/2019\\\/09\\\/et-compares-amb-els-altres.jpg\",\"width\":1100,\"height\":600,\"caption\":\"et-compares-amb-els-altres\"},{\"@type\":\"BreadcrumbList\",\"@id\":\"https:\\\/\\\/www.centregrat.com\\\/ca\\\/com-deixar-de-compararse-amb-els-altres\\\/#breadcrumb\",\"itemListElement\":[{\"@type\":\"ListItem\",\"position\":1,\"name\":\"Portada\",\"item\":\"https:\\\/\\\/www.centregrat.com\\\/ca\\\/\"},{\"@type\":\"ListItem\",\"position\":2,\"name\":\"8 PREGUNTES PER A REFLEXIONAR i deixar de comparar-te amb els altres\"}]},{\"@type\":\"WebSite\",\"@id\":\"https:\\\/\\\/www.centregrat.com\\\/ca\\\/#website\",\"url\":\"https:\\\/\\\/www.centregrat.com\\\/ca\\\/\",\"name\":\"Centre GRAT | Centre de psicologia a Barcelona\",\"description\":\"Millora la teva qualitat de vida. Et donem les eines necess\u00e0ries perqu\u00e8 aconsegueixis portar una vida satisfact\u00f2ria. Coneix el nostre centre de psicologia a Barcelona\",\"publisher\":{\"@id\":\"https:\\\/\\\/www.centregrat.com\\\/ca\\\/#organization\"},\"potentialAction\":[{\"@type\":\"SearchAction\",\"target\":{\"@type\":\"EntryPoint\",\"urlTemplate\":\"https:\\\/\\\/www.centregrat.com\\\/ca\\\/?s={search_term_string}\"},\"query-input\":{\"@type\":\"PropertyValueSpecification\",\"valueRequired\":true,\"valueName\":\"search_term_string\"}}],\"inLanguage\":\"ca\"},{\"@type\":\"Organization\",\"@id\":\"https:\\\/\\\/www.centregrat.com\\\/ca\\\/#organization\",\"name\":\"Centre GRAT\",\"url\":\"https:\\\/\\\/www.centregrat.com\\\/ca\\\/\",\"logo\":{\"@type\":\"ImageObject\",\"inLanguage\":\"ca\",\"@id\":\"https:\\\/\\\/www.centregrat.com\\\/ca\\\/#\\\/schema\\\/logo\\\/image\\\/\",\"url\":\"https:\\\/\\\/www.centregrat.com\\\/wp-content\\\/uploads\\\/2017\\\/03\\\/logo-grat-90-psicologia-educacio.png\",\"contentUrl\":\"https:\\\/\\\/www.centregrat.com\\\/wp-content\\\/uploads\\\/2017\\\/03\\\/logo-grat-90-psicologia-educacio.png\",\"width\":90,\"height\":90,\"caption\":\"Centre GRAT\"},\"image\":{\"@id\":\"https:\\\/\\\/www.centregrat.com\\\/ca\\\/#\\\/schema\\\/logo\\\/image\\\/\"}},{\"@type\":\"Person\",\"@id\":\"https:\\\/\\\/www.centregrat.com\\\/ca\\\/#\\\/schema\\\/person\\\/b2b01a7ecc622fa9a0a36e1370ecba97\",\"name\":\"Centre Grat\",\"image\":{\"@type\":\"ImageObject\",\"inLanguage\":\"ca\",\"@id\":\"https:\\\/\\\/secure.gravatar.com\\\/avatar\\\/7f86715d0984a8778cd2c958ac0676b28b1e18efbc7ac85723e5a2e4a9a4191f?s=96&d=mm&r=g\",\"url\":\"https:\\\/\\\/secure.gravatar.com\\\/avatar\\\/7f86715d0984a8778cd2c958ac0676b28b1e18efbc7ac85723e5a2e4a9a4191f?s=96&d=mm&r=g\",\"contentUrl\":\"https:\\\/\\\/secure.gravatar.com\\\/avatar\\\/7f86715d0984a8778cd2c958ac0676b28b1e18efbc7ac85723e5a2e4a9a4191f?s=96&d=mm&r=g\",\"caption\":\"Centre Grat\"}}]}<\/script>\n<!-- \/ Yoast SEO plugin. -->","yoast_head_json":{"title":"8 PREGUNTAS PER DEIXAR DE COMPARAR-TE AMB ELS ALTRES","description":"Et compares amb els altres? Creus que aix\u00f2 t'afecta negativament? T'ajudem a deixar de fer-ho a partir de 8 preguntes clau per a reflexionar.","robots":{"index":"index","follow":"follow","max-snippet":"max-snippet:-1","max-image-preview":"max-image-preview:large","max-video-preview":"max-video-preview:-1"},"canonical":"https:\/\/www.centregrat.com\/ca\/com-deixar-de-compararse-amb-els-altres\/","og_locale":"ca_ES","og_type":"article","og_title":"8 PREGUNTAS PER DEIXAR DE COMPARAR-TE AMB ELS ALTRES","og_description":"Et compares amb els altres? Creus que aix\u00f2 t'afecta negativament? T'ajudem a deixar de fer-ho a partir de 8 preguntes clau per a reflexionar.","og_url":"https:\/\/www.centregrat.com\/ca\/com-deixar-de-compararse-amb-els-altres\/","og_site_name":"Centre GRAT | Centre de psicologia a Barcelona","article_published_time":"2019-09-16T14:07:48+00:00","article_modified_time":"2022-01-03T22:23:13+00:00","og_image":[{"width":1100,"height":600,"url":"https:\/\/www.centregrat.com\/wp-content\/uploads\/2019\/09\/et-compares-amb-els-altres.jpg","type":"image\/jpeg"}],"author":"Centre Grat","twitter_card":"summary_large_image","twitter_misc":{"Escrit per":"Centre Grat","Temps estimat de lectura":"6 minuts"},"schema":{"@context":"https:\/\/schema.org","@graph":[{"@type":"Article","@id":"https:\/\/www.centregrat.com\/ca\/com-deixar-de-compararse-amb-els-altres\/#article","isPartOf":{"@id":"https:\/\/www.centregrat.com\/ca\/com-deixar-de-compararse-amb-els-altres\/"},"author":{"name":"Centre Grat","@id":"https:\/\/www.centregrat.com\/ca\/#\/schema\/person\/b2b01a7ecc622fa9a0a36e1370ecba97"},"headline":"8 PREGUNTES PER A REFLEXIONAR i deixar de comparar-te amb els altres","datePublished":"2019-09-16T14:07:48+00:00","dateModified":"2022-01-03T22:23:13+00:00","mainEntityOfPage":{"@id":"https:\/\/www.centregrat.com\/ca\/com-deixar-de-compararse-amb-els-altres\/"},"wordCount":1116,"commentCount":0,"publisher":{"@id":"https:\/\/www.centregrat.com\/ca\/#organization"},"image":{"@id":"https:\/\/www.centregrat.com\/ca\/com-deixar-de-compararse-amb-els-altres\/#primaryimage"},"thumbnailUrl":"https:\/\/www.centregrat.com\/wp-content\/uploads\/2019\/09\/et-compares-amb-els-altres.jpg","keywords":["autoestima","comparar-se amb els altres","compararse con los dem\u00e1s","deixar de comparar-se","millorar autoestima"],"articleSection":["Adults"],"inLanguage":"ca","potentialAction":[{"@type":"CommentAction","name":"Comment","target":["https:\/\/www.centregrat.com\/ca\/com-deixar-de-compararse-amb-els-altres\/#respond"]}]},{"@type":"WebPage","@id":"https:\/\/www.centregrat.com\/ca\/com-deixar-de-compararse-amb-els-altres\/","url":"https:\/\/www.centregrat.com\/ca\/com-deixar-de-compararse-amb-els-altres\/","name":"8 PREGUNTAS PER DEIXAR DE COMPARAR-TE AMB ELS ALTRES","isPartOf":{"@id":"https:\/\/www.centregrat.com\/ca\/#website"},"primaryImageOfPage":{"@id":"https:\/\/www.centregrat.com\/ca\/com-deixar-de-compararse-amb-els-altres\/#primaryimage"},"image":{"@id":"https:\/\/www.centregrat.com\/ca\/com-deixar-de-compararse-amb-els-altres\/#primaryimage"},"thumbnailUrl":"https:\/\/www.centregrat.com\/wp-content\/uploads\/2019\/09\/et-compares-amb-els-altres.jpg","datePublished":"2019-09-16T14:07:48+00:00","dateModified":"2022-01-03T22:23:13+00:00","description":"Et compares amb els altres? Creus que aix\u00f2 t'afecta negativament? T'ajudem a deixar de fer-ho a partir de 8 preguntes clau per a reflexionar.","breadcrumb":{"@id":"https:\/\/www.centregrat.com\/ca\/com-deixar-de-compararse-amb-els-altres\/#breadcrumb"},"inLanguage":"ca","potentialAction":[{"@type":"ReadAction","target":["https:\/\/www.centregrat.com\/ca\/com-deixar-de-compararse-amb-els-altres\/"]}]},{"@type":"ImageObject","inLanguage":"ca","@id":"https:\/\/www.centregrat.com\/ca\/com-deixar-de-compararse-amb-els-altres\/#primaryimage","url":"https:\/\/www.centregrat.com\/wp-content\/uploads\/2019\/09\/et-compares-amb-els-altres.jpg","contentUrl":"https:\/\/www.centregrat.com\/wp-content\/uploads\/2019\/09\/et-compares-amb-els-altres.jpg","width":1100,"height":600,"caption":"et-compares-amb-els-altres"},{"@type":"BreadcrumbList","@id":"https:\/\/www.centregrat.com\/ca\/com-deixar-de-compararse-amb-els-altres\/#breadcrumb","itemListElement":[{"@type":"ListItem","position":1,"name":"Portada","item":"https:\/\/www.centregrat.com\/ca\/"},{"@type":"ListItem","position":2,"name":"8 PREGUNTES PER A REFLEXIONAR i deixar de comparar-te amb els altres"}]},{"@type":"WebSite","@id":"https:\/\/www.centregrat.com\/ca\/#website","url":"https:\/\/www.centregrat.com\/ca\/","name":"Centre GRAT | Centre de psicologia a Barcelona","description":"Millora la teva qualitat de vida. Et donem les eines necess\u00e0ries perqu\u00e8 aconsegueixis portar una vida satisfact\u00f2ria. Coneix el nostre centre de psicologia a Barcelona","publisher":{"@id":"https:\/\/www.centregrat.com\/ca\/#organization"},"potentialAction":[{"@type":"SearchAction","target":{"@type":"EntryPoint","urlTemplate":"https:\/\/www.centregrat.com\/ca\/?s={search_term_string}"},"query-input":{"@type":"PropertyValueSpecification","valueRequired":true,"valueName":"search_term_string"}}],"inLanguage":"ca"},{"@type":"Organization","@id":"https:\/\/www.centregrat.com\/ca\/#organization","name":"Centre GRAT","url":"https:\/\/www.centregrat.com\/ca\/","logo":{"@type":"ImageObject","inLanguage":"ca","@id":"https:\/\/www.centregrat.com\/ca\/#\/schema\/logo\/image\/","url":"https:\/\/www.centregrat.com\/wp-content\/uploads\/2017\/03\/logo-grat-90-psicologia-educacio.png","contentUrl":"https:\/\/www.centregrat.com\/wp-content\/uploads\/2017\/03\/logo-grat-90-psicologia-educacio.png","width":90,"height":90,"caption":"Centre GRAT"},"image":{"@id":"https:\/\/www.centregrat.com\/ca\/#\/schema\/logo\/image\/"}},{"@type":"Person","@id":"https:\/\/www.centregrat.com\/ca\/#\/schema\/person\/b2b01a7ecc622fa9a0a36e1370ecba97","name":"Centre Grat","image":{"@type":"ImageObject","inLanguage":"ca","@id":"https:\/\/secure.gravatar.com\/avatar\/7f86715d0984a8778cd2c958ac0676b28b1e18efbc7ac85723e5a2e4a9a4191f?s=96&d=mm&r=g","url":"https:\/\/secure.gravatar.com\/avatar\/7f86715d0984a8778cd2c958ac0676b28b1e18efbc7ac85723e5a2e4a9a4191f?s=96&d=mm&r=g","contentUrl":"https:\/\/secure.gravatar.com\/avatar\/7f86715d0984a8778cd2c958ac0676b28b1e18efbc7ac85723e5a2e4a9a4191f?s=96&d=mm&r=g","caption":"Centre Grat"}}]}},"_links":{"self":[{"href":"https:\/\/www.centregrat.com\/ca\/wp-json\/wp\/v2\/posts\/11137","targetHints":{"allow":["GET"]}}],"collection":[{"href":"https:\/\/www.centregrat.com\/ca\/wp-json\/wp\/v2\/posts"}],"about":[{"href":"https:\/\/www.centregrat.com\/ca\/wp-json\/wp\/v2\/types\/post"}],"author":[{"embeddable":true,"href":"https:\/\/www.centregrat.com\/ca\/wp-json\/wp\/v2\/users\/2"}],"replies":[{"embeddable":true,"href":"https:\/\/www.centregrat.com\/ca\/wp-json\/wp\/v2\/comments?post=11137"}],"version-history":[{"count":7,"href":"https:\/\/www.centregrat.com\/ca\/wp-json\/wp\/v2\/posts\/11137\/revisions"}],"predecessor-version":[{"id":11537,"href":"https:\/\/www.centregrat.com\/ca\/wp-json\/wp\/v2\/posts\/11137\/revisions\/11537"}],"wp:featuredmedia":[{"embeddable":true,"href":"https:\/\/www.centregrat.com\/ca\/wp-json\/wp\/v2\/media\/11138"}],"wp:attachment":[{"href":"https:\/\/www.centregrat.com\/ca\/wp-json\/wp\/v2\/media?parent=11137"}],"wp:term":[{"taxonomy":"category","embeddable":true,"href":"https:\/\/www.centregrat.com\/ca\/wp-json\/wp\/v2\/categories?post=11137"},{"taxonomy":"post_tag","embeddable":true,"href":"https:\/\/www.centregrat.com\/ca\/wp-json\/wp\/v2\/tags?post=11137"}],"curies":[{"name":"wp","href":"https:\/\/api.w.org\/{rel}","templated":true}]}}