{"id":1170,"date":"2015-10-26T13:02:33","date_gmt":"2015-10-26T13:02:33","guid":{"rendered":"https:\/\/www.centregrat.com\/2015\/10\/26\/xerrada-gratuita-el-meu-fill-no-aprova-que-puc-fer\/"},"modified":"2025-09-30T09:01:18","modified_gmt":"2025-09-30T09:01:18","slug":"xerrada-gratuita-el-meu-fill-no-aprova-que-puc-fer","status":"publish","type":"post","link":"https:\/\/www.centregrat.com\/ca\/xerrada-gratuita-el-meu-fill-no-aprova-que-puc-fer\/","title":{"rendered":"Xerrada Gratu\u00efta: El meu fill no aprova: qu\u00e8 puc fer?"},"content":{"rendered":"<p>Per qu\u00e8 susp\u00e8n el meu fill? Resolem els teus dubtes. Places Limitades, Inscriu-te<\/p>\n<h2><span style=\"font-size:22px;\"><strong><u>El meu fill no aprova: qu\u00e8 puc fer?<\/u>&nbsp;<\/strong><\/span> &nbsp; &nbsp; &nbsp; &nbsp; &nbsp; <span style=\"background-color:#ffd700;\">&nbsp;<\/span><strong><big><span style=\"background-color:#ffd700;\"> &nbsp;PLACES LIMITADES &nbsp;&nbsp;<\/span><\/big><\/strong><\/h2>\n<p><span style=\"font-size:14px;\"><span style=\"line-height: 1.538em;\"><strong>Dia:&nbsp;<\/strong><\/span><\/span><span style=\"font-size: 14px; line-height: 1.538em;\">Divendres 13<\/span><span style=\"font-size: 14px; line-height: 1.538em;\">&nbsp;de gener del 2017 <\/span><\/p>\n<p><span style=\"font-size: 14px; line-height: 1.538em;\"><strong>Hora:<\/strong> 18:00 a 19:00<\/span><\/p>\n<p><span style=\"font-size:14px;\"><strong>Ubicaci\u00f3:<\/strong> Centre GRAT: C\/Arag\u00f3, 266, 3r 1a<\/span><\/p>\n<p><span style=\"font-size:14px;\"><strong><span style=\"line-height: 1.538em;\">Qu\u00e8?:<\/span><\/strong><\/span><\/p>\n<ul>\n<li><span style=\"font-size:14px;\">Quins aspectes influeixen a l&#8217;aprenentatge?<\/span><\/li>\n<li><span style=\"font-size:14px;\">Quines estret\u00e8gies existeixen perqu\u00e8 el meu fill pugui aprendre millor?<\/span><\/li>\n<li><span style=\"font-size:14px;\">Al centre GRAT t\u2019assessorem en el proc\u00e9s educatiu del teu fill<\/span><\/li>\n<li><span style=\"font-size:14px;\">Tots els nens tenen la capacitat d\u2019aprendre: ajudem-los!<\/span><\/li>\n<\/ul>\n<p><span style=\"font-size:14px;\">Es far\u00e0 una revisi\u00f3 dels diferents aspectes que poden influir en les dificultats per a un&nbsp;<span style=\"line-height: 1.538em;\">bon rendiment escolar i respondran als dubtes dels pares i mares sobre com ajudar als seus&nbsp;<\/span><span style=\"line-height: 1.538em;\">fills.<\/span><\/span><\/p>\n<p><span style=\"font-size:14px;\"><strong>A c\u00e0rreg de: <\/strong><span style=\"line-height: 1.538em;\">Maria Costa Bosch. Psic\u00f2loga infantil i terapeuta familiar, especialitzada en dificultats d&#8217;aprenentatge i altes capacitats<\/span><\/span><\/p>\n<p><span style=\"font-size:14px;\"><big style=\"line-height: 20.0063px;\"><strong>Places limitades:<\/strong><\/big><span style=\"line-height: 20.0063px;\">&nbsp;\u00c9s necessari que&nbsp;<\/span><strong style=\"font-size: 13.008px; line-height: 20.0063px;\">confirmeu la vostra assist\u00e8ncia<\/strong><span style=\"line-height: 20.0063px;\">&nbsp;ja que el nombre de places \u00e9s limitat.&nbsp;<\/span><\/span><\/p>\n<p><a href=\"https:\/\/centregrat.leadpages.co\/leadbox\/145526173f72a2%3A160aab0cf746dc\/5703417800425472\/\" style=\"background: rgb(255, 201, 45); color: rgb(32, 55, 109); text-decoration: none; font-family: Helvetica, Arial, sans-serif; font-weight: bold; font-size: 16px; line-height: 20px; padding: 10px; display: inline-block; max-width: 300px; border-radius: 5px; text-shadow: rgba(0, 0, 0, 0.247059) 0px -1px 1px; box-shadow: rgba(255, 255, 255, 0.498039) 0px 1px 3px inset, rgba(0, 0, 0, 0.498039) 0px 1px 3px;\" target=\"_blank\">Inscriure&#8217;m<\/a><\/p>\n","protected":false},"excerpt":{"rendered":"<p>Per qu\u00e8 susp\u00e8n el meu fill? Resolem els teus dubtes. Places Limitades, Inscriu-te<\/p>\n","protected":false},"author":2,"featured_media":1169,"comment_status":"open","ping_status":"open","sticky":false,"template":"","format":"standard","meta":{"_acf_changed":false,"_exactmetrics_skip_tracking":false,"_exactmetrics_sitenote_active":false,"_exactmetrics_sitenote_note":"","_exactmetrics_sitenote_category":0,"footnotes":""},"categories":[868],"tags":[322,349,893,302,371,397,404],"class_list":["post-1170","post","type-post","status-publish","format-standard","has-post-thumbnail","hentry","category-tallers-i-xerrades","tag-adolescents","tag-aprenentatge","tag-deixar-de-suspendre","tag-educacio","tag-infancia","tag-psicopedagogia","tag-suspendre"],"acf":[],"yoast_head":"<!-- This site is optimized with the Yoast SEO plugin v27.4 - https:\/\/yoast.com\/product\/yoast-seo-wordpress\/ -->\n<title>Xerrada Gratu\u00efta: El meu fill no aprova: qu\u00e8 puc fer? - Centre GRAT | Centre de psicologia a Barcelona<\/title>\n<meta name=\"robots\" content=\"index, follow, max-snippet:-1, max-image-preview:large, max-video-preview:-1\" \/>\n<link rel=\"canonical\" href=\"https:\/\/www.centregrat.com\/ca\/xerrada-gratuita-el-meu-fill-no-aprova-que-puc-fer\/\" \/>\n<meta property=\"og:locale\" content=\"ca_ES\" \/>\n<meta property=\"og:type\" content=\"article\" \/>\n<meta property=\"og:title\" content=\"Xerrada Gratu\u00efta: El meu fill no aprova: qu\u00e8 puc fer? - Centre GRAT | Centre de psicologia a Barcelona\" \/>\n<meta property=\"og:description\" content=\"Per qu\u00e8 susp\u00e8n el meu fill? Resolem els teus dubtes. Places Limitades, Inscriu-te\" \/>\n<meta property=\"og:url\" content=\"https:\/\/www.centregrat.com\/ca\/xerrada-gratuita-el-meu-fill-no-aprova-que-puc-fer\/\" \/>\n<meta property=\"og:site_name\" content=\"Centre GRAT | Centre de psicologia a Barcelona\" \/>\n<meta property=\"article:published_time\" content=\"2015-10-26T13:02:33+00:00\" \/>\n<meta property=\"article:modified_time\" content=\"2025-09-30T09:01:18+00:00\" \/>\n<meta property=\"og:image\" content=\"https:\/\/www.centregrat.com\/wp-content\/uploads\/2015\/10\/file7491250647364.jpg\" \/>\n\t<meta property=\"og:image:width\" content=\"620\" \/>\n\t<meta property=\"og:image:height\" content=\"415\" \/>\n\t<meta property=\"og:image:type\" content=\"image\/jpeg\" \/>\n<meta name=\"author\" content=\"Centre Grat\" \/>\n<meta name=\"twitter:card\" content=\"summary_large_image\" \/>\n<meta name=\"twitter:label1\" content=\"Escrit per\" \/>\n\t<meta name=\"twitter:data1\" content=\"Centre Grat\" \/>\n\t<meta name=\"twitter:label2\" content=\"Temps estimat de lectura\" \/>\n\t<meta name=\"twitter:data2\" content=\"1 minut\" \/>\n<script type=\"application\/ld+json\" class=\"yoast-schema-graph\">{\"@context\":\"https:\\\/\\\/schema.org\",\"@graph\":[{\"@type\":\"Article\",\"@id\":\"https:\\\/\\\/www.centregrat.com\\\/ca\\\/xerrada-gratuita-el-meu-fill-no-aprova-que-puc-fer\\\/#article\",\"isPartOf\":{\"@id\":\"https:\\\/\\\/www.centregrat.com\\\/ca\\\/xerrada-gratuita-el-meu-fill-no-aprova-que-puc-fer\\\/\"},\"author\":{\"name\":\"Centre Grat\",\"@id\":\"https:\\\/\\\/www.centregrat.com\\\/ca\\\/#\\\/schema\\\/person\\\/b2b01a7ecc622fa9a0a36e1370ecba97\"},\"headline\":\"Xerrada Gratu\u00efta: El meu fill no aprova: qu\u00e8 puc fer?\",\"datePublished\":\"2015-10-26T13:02:33+00:00\",\"dateModified\":\"2025-09-30T09:01:18+00:00\",\"mainEntityOfPage\":{\"@id\":\"https:\\\/\\\/www.centregrat.com\\\/ca\\\/xerrada-gratuita-el-meu-fill-no-aprova-que-puc-fer\\\/\"},\"wordCount\":178,\"commentCount\":0,\"publisher\":{\"@id\":\"https:\\\/\\\/www.centregrat.com\\\/ca\\\/#organization\"},\"image\":{\"@id\":\"https:\\\/\\\/www.centregrat.com\\\/ca\\\/xerrada-gratuita-el-meu-fill-no-aprova-que-puc-fer\\\/#primaryimage\"},\"thumbnailUrl\":\"https:\\\/\\\/www.centregrat.com\\\/wp-content\\\/uploads\\\/2015\\\/10\\\/file7491250647364.jpg\",\"keywords\":[\"adolescents\",\"aprenentatge\",\"deixar de suspendre\",\"educaci\u00f3\",\"infancia\",\"psicopedagogia\",\"suspendre\"],\"articleSection\":[\"Tallers i xerrades\"],\"inLanguage\":\"ca\",\"potentialAction\":[{\"@type\":\"CommentAction\",\"name\":\"Comment\",\"target\":[\"https:\\\/\\\/www.centregrat.com\\\/ca\\\/xerrada-gratuita-el-meu-fill-no-aprova-que-puc-fer\\\/#respond\"]}]},{\"@type\":\"WebPage\",\"@id\":\"https:\\\/\\\/www.centregrat.com\\\/ca\\\/xerrada-gratuita-el-meu-fill-no-aprova-que-puc-fer\\\/\",\"url\":\"https:\\\/\\\/www.centregrat.com\\\/ca\\\/xerrada-gratuita-el-meu-fill-no-aprova-que-puc-fer\\\/\",\"name\":\"Xerrada Gratu\u00efta: El meu fill no aprova: qu\u00e8 puc fer? - Centre GRAT | Centre de psicologia a Barcelona\",\"isPartOf\":{\"@id\":\"https:\\\/\\\/www.centregrat.com\\\/ca\\\/#website\"},\"primaryImageOfPage\":{\"@id\":\"https:\\\/\\\/www.centregrat.com\\\/ca\\\/xerrada-gratuita-el-meu-fill-no-aprova-que-puc-fer\\\/#primaryimage\"},\"image\":{\"@id\":\"https:\\\/\\\/www.centregrat.com\\\/ca\\\/xerrada-gratuita-el-meu-fill-no-aprova-que-puc-fer\\\/#primaryimage\"},\"thumbnailUrl\":\"https:\\\/\\\/www.centregrat.com\\\/wp-content\\\/uploads\\\/2015\\\/10\\\/file7491250647364.jpg\",\"datePublished\":\"2015-10-26T13:02:33+00:00\",\"dateModified\":\"2025-09-30T09:01:18+00:00\",\"breadcrumb\":{\"@id\":\"https:\\\/\\\/www.centregrat.com\\\/ca\\\/xerrada-gratuita-el-meu-fill-no-aprova-que-puc-fer\\\/#breadcrumb\"},\"inLanguage\":\"ca\",\"potentialAction\":[{\"@type\":\"ReadAction\",\"target\":[\"https:\\\/\\\/www.centregrat.com\\\/ca\\\/xerrada-gratuita-el-meu-fill-no-aprova-que-puc-fer\\\/\"]}]},{\"@type\":\"ImageObject\",\"inLanguage\":\"ca\",\"@id\":\"https:\\\/\\\/www.centregrat.com\\\/ca\\\/xerrada-gratuita-el-meu-fill-no-aprova-que-puc-fer\\\/#primaryimage\",\"url\":\"https:\\\/\\\/www.centregrat.com\\\/wp-content\\\/uploads\\\/2015\\\/10\\\/file7491250647364.jpg\",\"contentUrl\":\"https:\\\/\\\/www.centregrat.com\\\/wp-content\\\/uploads\\\/2015\\\/10\\\/file7491250647364.jpg\",\"width\":620,\"height\":415,\"caption\":\"mi hijo no aprueba\"},{\"@type\":\"BreadcrumbList\",\"@id\":\"https:\\\/\\\/www.centregrat.com\\\/ca\\\/xerrada-gratuita-el-meu-fill-no-aprova-que-puc-fer\\\/#breadcrumb\",\"itemListElement\":[{\"@type\":\"ListItem\",\"position\":1,\"name\":\"Portada\",\"item\":\"https:\\\/\\\/www.centregrat.com\\\/ca\\\/\"},{\"@type\":\"ListItem\",\"position\":2,\"name\":\"Xerrada Gratu\u00efta: El meu fill no aprova: qu\u00e8 puc fer?\"}]},{\"@type\":\"WebSite\",\"@id\":\"https:\\\/\\\/www.centregrat.com\\\/ca\\\/#website\",\"url\":\"https:\\\/\\\/www.centregrat.com\\\/ca\\\/\",\"name\":\"Centre GRAT | Centre de psicologia a Barcelona\",\"description\":\"Millora la teva qualitat de vida. Et donem les eines necess\u00e0ries perqu\u00e8 aconsegueixis portar una vida satisfact\u00f2ria. Coneix el nostre centre de psicologia a Barcelona\",\"publisher\":{\"@id\":\"https:\\\/\\\/www.centregrat.com\\\/ca\\\/#organization\"},\"potentialAction\":[{\"@type\":\"SearchAction\",\"target\":{\"@type\":\"EntryPoint\",\"urlTemplate\":\"https:\\\/\\\/www.centregrat.com\\\/ca\\\/?s={search_term_string}\"},\"query-input\":{\"@type\":\"PropertyValueSpecification\",\"valueRequired\":true,\"valueName\":\"search_term_string\"}}],\"inLanguage\":\"ca\"},{\"@type\":\"Organization\",\"@id\":\"https:\\\/\\\/www.centregrat.com\\\/ca\\\/#organization\",\"name\":\"Centre GRAT\",\"url\":\"https:\\\/\\\/www.centregrat.com\\\/ca\\\/\",\"logo\":{\"@type\":\"ImageObject\",\"inLanguage\":\"ca\",\"@id\":\"https:\\\/\\\/www.centregrat.com\\\/ca\\\/#\\\/schema\\\/logo\\\/image\\\/\",\"url\":\"https:\\\/\\\/www.centregrat.com\\\/wp-content\\\/uploads\\\/2017\\\/03\\\/logo-grat-90-psicologia-educacio.png\",\"contentUrl\":\"https:\\\/\\\/www.centregrat.com\\\/wp-content\\\/uploads\\\/2017\\\/03\\\/logo-grat-90-psicologia-educacio.png\",\"width\":90,\"height\":90,\"caption\":\"Centre GRAT\"},\"image\":{\"@id\":\"https:\\\/\\\/www.centregrat.com\\\/ca\\\/#\\\/schema\\\/logo\\\/image\\\/\"}},{\"@type\":\"Person\",\"@id\":\"https:\\\/\\\/www.centregrat.com\\\/ca\\\/#\\\/schema\\\/person\\\/b2b01a7ecc622fa9a0a36e1370ecba97\",\"name\":\"Centre Grat\",\"image\":{\"@type\":\"ImageObject\",\"inLanguage\":\"ca\",\"@id\":\"https:\\\/\\\/secure.gravatar.com\\\/avatar\\\/7f86715d0984a8778cd2c958ac0676b28b1e18efbc7ac85723e5a2e4a9a4191f?s=96&d=mm&r=g\",\"url\":\"https:\\\/\\\/secure.gravatar.com\\\/avatar\\\/7f86715d0984a8778cd2c958ac0676b28b1e18efbc7ac85723e5a2e4a9a4191f?s=96&d=mm&r=g\",\"contentUrl\":\"https:\\\/\\\/secure.gravatar.com\\\/avatar\\\/7f86715d0984a8778cd2c958ac0676b28b1e18efbc7ac85723e5a2e4a9a4191f?s=96&d=mm&r=g\",\"caption\":\"Centre Grat\"}}]}<\/script>\n<!-- \/ Yoast SEO plugin. -->","yoast_head_json":{"title":"Xerrada Gratu\u00efta: El meu fill no aprova: qu\u00e8 puc fer? - Centre GRAT | Centre de psicologia a Barcelona","robots":{"index":"index","follow":"follow","max-snippet":"max-snippet:-1","max-image-preview":"max-image-preview:large","max-video-preview":"max-video-preview:-1"},"canonical":"https:\/\/www.centregrat.com\/ca\/xerrada-gratuita-el-meu-fill-no-aprova-que-puc-fer\/","og_locale":"ca_ES","og_type":"article","og_title":"Xerrada Gratu\u00efta: El meu fill no aprova: qu\u00e8 puc fer? - Centre GRAT | Centre de psicologia a Barcelona","og_description":"Per qu\u00e8 susp\u00e8n el meu fill? Resolem els teus dubtes. Places Limitades, Inscriu-te","og_url":"https:\/\/www.centregrat.com\/ca\/xerrada-gratuita-el-meu-fill-no-aprova-que-puc-fer\/","og_site_name":"Centre GRAT | Centre de psicologia a Barcelona","article_published_time":"2015-10-26T13:02:33+00:00","article_modified_time":"2025-09-30T09:01:18+00:00","og_image":[{"width":620,"height":415,"url":"https:\/\/www.centregrat.com\/wp-content\/uploads\/2015\/10\/file7491250647364.jpg","type":"image\/jpeg"}],"author":"Centre Grat","twitter_card":"summary_large_image","twitter_misc":{"Escrit per":"Centre Grat","Temps estimat de lectura":"1 minut"},"schema":{"@context":"https:\/\/schema.org","@graph":[{"@type":"Article","@id":"https:\/\/www.centregrat.com\/ca\/xerrada-gratuita-el-meu-fill-no-aprova-que-puc-fer\/#article","isPartOf":{"@id":"https:\/\/www.centregrat.com\/ca\/xerrada-gratuita-el-meu-fill-no-aprova-que-puc-fer\/"},"author":{"name":"Centre Grat","@id":"https:\/\/www.centregrat.com\/ca\/#\/schema\/person\/b2b01a7ecc622fa9a0a36e1370ecba97"},"headline":"Xerrada Gratu\u00efta: El meu fill no aprova: qu\u00e8 puc fer?","datePublished":"2015-10-26T13:02:33+00:00","dateModified":"2025-09-30T09:01:18+00:00","mainEntityOfPage":{"@id":"https:\/\/www.centregrat.com\/ca\/xerrada-gratuita-el-meu-fill-no-aprova-que-puc-fer\/"},"wordCount":178,"commentCount":0,"publisher":{"@id":"https:\/\/www.centregrat.com\/ca\/#organization"},"image":{"@id":"https:\/\/www.centregrat.com\/ca\/xerrada-gratuita-el-meu-fill-no-aprova-que-puc-fer\/#primaryimage"},"thumbnailUrl":"https:\/\/www.centregrat.com\/wp-content\/uploads\/2015\/10\/file7491250647364.jpg","keywords":["adolescents","aprenentatge","deixar de suspendre","educaci\u00f3","infancia","psicopedagogia","suspendre"],"articleSection":["Tallers i xerrades"],"inLanguage":"ca","potentialAction":[{"@type":"CommentAction","name":"Comment","target":["https:\/\/www.centregrat.com\/ca\/xerrada-gratuita-el-meu-fill-no-aprova-que-puc-fer\/#respond"]}]},{"@type":"WebPage","@id":"https:\/\/www.centregrat.com\/ca\/xerrada-gratuita-el-meu-fill-no-aprova-que-puc-fer\/","url":"https:\/\/www.centregrat.com\/ca\/xerrada-gratuita-el-meu-fill-no-aprova-que-puc-fer\/","name":"Xerrada Gratu\u00efta: El meu fill no aprova: qu\u00e8 puc fer? - Centre GRAT | Centre de psicologia a Barcelona","isPartOf":{"@id":"https:\/\/www.centregrat.com\/ca\/#website"},"primaryImageOfPage":{"@id":"https:\/\/www.centregrat.com\/ca\/xerrada-gratuita-el-meu-fill-no-aprova-que-puc-fer\/#primaryimage"},"image":{"@id":"https:\/\/www.centregrat.com\/ca\/xerrada-gratuita-el-meu-fill-no-aprova-que-puc-fer\/#primaryimage"},"thumbnailUrl":"https:\/\/www.centregrat.com\/wp-content\/uploads\/2015\/10\/file7491250647364.jpg","datePublished":"2015-10-26T13:02:33+00:00","dateModified":"2025-09-30T09:01:18+00:00","breadcrumb":{"@id":"https:\/\/www.centregrat.com\/ca\/xerrada-gratuita-el-meu-fill-no-aprova-que-puc-fer\/#breadcrumb"},"inLanguage":"ca","potentialAction":[{"@type":"ReadAction","target":["https:\/\/www.centregrat.com\/ca\/xerrada-gratuita-el-meu-fill-no-aprova-que-puc-fer\/"]}]},{"@type":"ImageObject","inLanguage":"ca","@id":"https:\/\/www.centregrat.com\/ca\/xerrada-gratuita-el-meu-fill-no-aprova-que-puc-fer\/#primaryimage","url":"https:\/\/www.centregrat.com\/wp-content\/uploads\/2015\/10\/file7491250647364.jpg","contentUrl":"https:\/\/www.centregrat.com\/wp-content\/uploads\/2015\/10\/file7491250647364.jpg","width":620,"height":415,"caption":"mi hijo no aprueba"},{"@type":"BreadcrumbList","@id":"https:\/\/www.centregrat.com\/ca\/xerrada-gratuita-el-meu-fill-no-aprova-que-puc-fer\/#breadcrumb","itemListElement":[{"@type":"ListItem","position":1,"name":"Portada","item":"https:\/\/www.centregrat.com\/ca\/"},{"@type":"ListItem","position":2,"name":"Xerrada Gratu\u00efta: El meu fill no aprova: qu\u00e8 puc fer?"}]},{"@type":"WebSite","@id":"https:\/\/www.centregrat.com\/ca\/#website","url":"https:\/\/www.centregrat.com\/ca\/","name":"Centre GRAT | Centre de psicologia a Barcelona","description":"Millora la teva qualitat de vida. Et donem les eines necess\u00e0ries perqu\u00e8 aconsegueixis portar una vida satisfact\u00f2ria. Coneix el nostre centre de psicologia a Barcelona","publisher":{"@id":"https:\/\/www.centregrat.com\/ca\/#organization"},"potentialAction":[{"@type":"SearchAction","target":{"@type":"EntryPoint","urlTemplate":"https:\/\/www.centregrat.com\/ca\/?s={search_term_string}"},"query-input":{"@type":"PropertyValueSpecification","valueRequired":true,"valueName":"search_term_string"}}],"inLanguage":"ca"},{"@type":"Organization","@id":"https:\/\/www.centregrat.com\/ca\/#organization","name":"Centre GRAT","url":"https:\/\/www.centregrat.com\/ca\/","logo":{"@type":"ImageObject","inLanguage":"ca","@id":"https:\/\/www.centregrat.com\/ca\/#\/schema\/logo\/image\/","url":"https:\/\/www.centregrat.com\/wp-content\/uploads\/2017\/03\/logo-grat-90-psicologia-educacio.png","contentUrl":"https:\/\/www.centregrat.com\/wp-content\/uploads\/2017\/03\/logo-grat-90-psicologia-educacio.png","width":90,"height":90,"caption":"Centre GRAT"},"image":{"@id":"https:\/\/www.centregrat.com\/ca\/#\/schema\/logo\/image\/"}},{"@type":"Person","@id":"https:\/\/www.centregrat.com\/ca\/#\/schema\/person\/b2b01a7ecc622fa9a0a36e1370ecba97","name":"Centre Grat","image":{"@type":"ImageObject","inLanguage":"ca","@id":"https:\/\/secure.gravatar.com\/avatar\/7f86715d0984a8778cd2c958ac0676b28b1e18efbc7ac85723e5a2e4a9a4191f?s=96&d=mm&r=g","url":"https:\/\/secure.gravatar.com\/avatar\/7f86715d0984a8778cd2c958ac0676b28b1e18efbc7ac85723e5a2e4a9a4191f?s=96&d=mm&r=g","contentUrl":"https:\/\/secure.gravatar.com\/avatar\/7f86715d0984a8778cd2c958ac0676b28b1e18efbc7ac85723e5a2e4a9a4191f?s=96&d=mm&r=g","caption":"Centre Grat"}}]}},"_links":{"self":[{"href":"https:\/\/www.centregrat.com\/ca\/wp-json\/wp\/v2\/posts\/1170","targetHints":{"allow":["GET"]}}],"collection":[{"href":"https:\/\/www.centregrat.com\/ca\/wp-json\/wp\/v2\/posts"}],"about":[{"href":"https:\/\/www.centregrat.com\/ca\/wp-json\/wp\/v2\/types\/post"}],"author":[{"embeddable":true,"href":"https:\/\/www.centregrat.com\/ca\/wp-json\/wp\/v2\/users\/2"}],"replies":[{"embeddable":true,"href":"https:\/\/www.centregrat.com\/ca\/wp-json\/wp\/v2\/comments?post=1170"}],"version-history":[{"count":1,"href":"https:\/\/www.centregrat.com\/ca\/wp-json\/wp\/v2\/posts\/1170\/revisions"}],"predecessor-version":[{"id":2986,"href":"https:\/\/www.centregrat.com\/ca\/wp-json\/wp\/v2\/posts\/1170\/revisions\/2986"}],"wp:featuredmedia":[{"embeddable":true,"href":"https:\/\/www.centregrat.com\/ca\/wp-json\/wp\/v2\/media\/1169"}],"wp:attachment":[{"href":"https:\/\/www.centregrat.com\/ca\/wp-json\/wp\/v2\/media?parent=1170"}],"wp:term":[{"taxonomy":"category","embeddable":true,"href":"https:\/\/www.centregrat.com\/ca\/wp-json\/wp\/v2\/categories?post=1170"},{"taxonomy":"post_tag","embeddable":true,"href":"https:\/\/www.centregrat.com\/ca\/wp-json\/wp\/v2\/tags?post=1170"}],"curies":[{"name":"wp","href":"https:\/\/api.w.org\/{rel}","templated":true}]}}