{"id":1176,"date":"2018-01-10T16:27:04","date_gmt":"2018-01-10T16:27:04","guid":{"rendered":"https:\/\/www.centregrat.com\/2015\/10\/29\/per-que-el-meu-fill-no-aprova\/"},"modified":"2025-09-30T09:01:12","modified_gmt":"2025-09-30T09:01:12","slug":"per-que-el-meu-fill-no-aprova","status":"publish","type":"post","link":"https:\/\/www.centregrat.com\/ca\/per-que-el-meu-fill-no-aprova\/","title":{"rendered":"PER QU\u00c8 EL MEU FILL NO APROVA?"},"content":{"rendered":"<h1>El meu fill va justet<\/h1>\n<p>&#8220;El meu fill no aprova totes mai! En va suspendre 5, \u00a0per\u00f2 al final en va recuperar 3&#8221;. &#8220;Sempre li ha anat molt malament aquesta assignatura&#8221;. &#8220;El segon trimestre va anar millor, el primer molt malament&#8221;.<\/p>\n<p>Aquestes s\u00f3n algunes de les frases que m\u00e9s escolto dels pares quan venen a la consulta. Tot aix\u00f2 ens deixa amb la sensaci\u00f3 que el <strong>nostre fill sempre va justet, que no acaba d&#8217;aprovar, que no se&#8217;n surt.\u00a0<\/strong><\/p>\n<h1>Busquem una visi\u00f3 alternativa<\/h1>\n<p><img loading=\"lazy\" decoding=\"async\" class=\"size-medium wp-image-4788 alignright\" src=\"https:\/\/www.centregrat.com\/wp-content\/uploads\/2015\/10\/por-que-mi-hijo-no-aprueba4-300x200.jpg\" alt=\"\" width=\"300\" height=\"200\" srcset=\"https:\/\/www.centregrat.com\/wp-content\/uploads\/2015\/10\/por-que-mi-hijo-no-aprueba4-300x200.jpg 300w, https:\/\/www.centregrat.com\/wp-content\/uploads\/2015\/10\/por-que-mi-hijo-no-aprueba4-768x511.jpg 768w, https:\/\/www.centregrat.com\/wp-content\/uploads\/2015\/10\/por-que-mi-hijo-no-aprueba4-1024x681.jpg 1024w, https:\/\/www.centregrat.com\/wp-content\/uploads\/2015\/10\/por-que-mi-hijo-no-aprueba4-610x406.jpg 610w, https:\/\/www.centregrat.com\/wp-content\/uploads\/2015\/10\/por-que-mi-hijo-no-aprueba4-700x466.jpg 700w, https:\/\/www.centregrat.com\/wp-content\/uploads\/2015\/10\/por-que-mi-hijo-no-aprueba4.jpg 1920w\" sizes=\"auto, (max-width: 300px) 100vw, 300px\" \/>Mirem-ho, per\u00f2, des d&#8217;un altre punt de vista. \u00c9s veritat que no aprova? quines coses fa b\u00e9? <strong>\u00c9s capa\u00e7 d&#8217;aprovar i recuperar assignatures.<\/strong>\u00a0Aix\u00ed doncs, <strong>t\u00e9 la capacitat d&#8217;aprendre, plasmar-ho i fer-ho b\u00e9<\/strong>. Hem de pensar, per\u00f2, per qu\u00e8 no \u00e9s sempre aix\u00ed. Nosaltres com a adults i part educadora podem i hem de donar-li estrat\u00e8gies perqu\u00e8 trobi la manera de millorar en aquest sentit.<\/p>\n<p>Aquestes estrat\u00e8gies no passen per insistir constantment en que faci els deures: &#8220;va posa-t&#8217;hi&#8221; &#8220;has d&#8217;estudiar m\u00e9s&#8221;, &#8220;si aquest any no aproves no tindr\u00e0s \u2026&#8221;, &#8221; sempre fas igual&#8221;.<\/p>\n<p><strong>Les estrat\u00e8gies han de ser concretes, aplicables, que el nen\/a o adolescent les entengui.<\/strong>\u00a0Li hem d&#8217;oferir una manera nova de fer les coses i que li permeti encarar els aprenentatges com no ho havia fet fins ara. <strong>Ells volen i tenen la capacitat d&#8217;aprendre<\/strong>, no ho oblidem.<\/p>\n<h1>Com els podem ajudar?<\/h1>\n<h2>Organitzaci\u00f3<\/h2>\n<p><img loading=\"lazy\" decoding=\"async\" class=\"size-medium wp-image-4787 alignleft\" src=\"https:\/\/www.centregrat.com\/wp-content\/uploads\/2015\/10\/por-que-mi-hijo-no-aprueba3-300x200.jpg\" alt=\"por-que-mi-hijo-no-aprueba\" width=\"300\" height=\"200\" srcset=\"https:\/\/www.centregrat.com\/wp-content\/uploads\/2015\/10\/por-que-mi-hijo-no-aprueba3-300x200.jpg 300w, https:\/\/www.centregrat.com\/wp-content\/uploads\/2015\/10\/por-que-mi-hijo-no-aprueba3-768x512.jpg 768w, https:\/\/www.centregrat.com\/wp-content\/uploads\/2015\/10\/por-que-mi-hijo-no-aprueba3-1024x683.jpg 1024w, https:\/\/www.centregrat.com\/wp-content\/uploads\/2015\/10\/por-que-mi-hijo-no-aprueba3-610x407.jpg 610w, https:\/\/www.centregrat.com\/wp-content\/uploads\/2015\/10\/por-que-mi-hijo-no-aprueba3-700x467.jpg 700w, https:\/\/www.centregrat.com\/wp-content\/uploads\/2015\/10\/por-que-mi-hijo-no-aprueba3.jpg 1920w\" sizes=\"auto, (max-width: 300px) 100vw, 300px\" \/><\/p>\n<ul>\n<li>Hem de <strong>parar atenci\u00f3 en el que ens diuen des de l&#8217;escola.<\/strong>\u00a0Tant les coses que fa malament com aquelles en qu\u00e8 se&#8217;n surt correctament. Ells s\u00f3n els que coneixen millor al nen com a alumne. Fixar-nos en all\u00f2 que fa b\u00e9 ens ajudar\u00e0 a poder-li donar eines perqu\u00e8 ho apliqui en all\u00f2 que li costa m\u00e9s.<\/li>\n<li><strong>Com s&#8217;organitza ell com a estudiant?\u00a0<\/strong>Com ens organitzem nosaltres com a pares? Molt sovint ens adonem que el nostre fill no es planifica b\u00e9 la feina, no s&#8217;organitza adequadament per preparar-se un examen, etc. Ens hem fixat en nosaltres com a model? Tenim nosaltres un horari? Una agenda? Una planificaci\u00f3?<\/li>\n<\/ul>\n<p>Ajudem a que s&#8217;organitzi introduint la seva feina a part de la nostra rutina. Facilitem-li una organitzaci\u00f3 fent que al seu dia a dia hi hagi uns costums, una estabilitat i uns horaris m\u00e9s o menys fixes perqu\u00e8 ell hi pugui introduir les seves obligacions. Per exemple, deixar un parell de tardes a la setmana sense activitats o obligacions.<\/p>\n<h2>Actitut<\/h2>\n<ul>\n<li><strong>L&#8217;actitut que tenen vers l&#8217;estudi \u00e9s una part fonamental de l&#8217;aprenentatge<\/strong>. Reflexionem tamb\u00e9 com \u00e9s la nostra actitud vers el seu estudi. Si sempre donem missatges negatius, si creiem que no se&#8217;n sortir\u00e0, si donem per suposat que \u00e9s un mal alumne, ell tamb\u00e9 s&#8217;ho creur\u00e0. <strong>Donem missatges en positiu i oferim-li estrat\u00e8gies per crear\u00a0solucions<\/strong>.<\/li>\n<li><strong>Els alumnes tenen la capacitat i les ganes d&#8217;aprendre i aprovar.<\/strong> Aix\u00f2 sempre \u00e9s aix\u00ed tot i que sovint no ho veiem reflectit en la seva actitud. Per qu\u00e8? Molt sovint <strong>l&#8217;aprenentatge s&#8217;acaba convertint en una rutina avorrida i mon\u00f2tona<\/strong>, amb objectius poc clars a curt termini m\u00e9s enll\u00e0 de l&#8217;aprovat o el suspens.<\/li>\n<li>\u00c9s molt necessari, per aconseguir una bona actitud d&#8217;aprenentatge, que per a ells sigui <strong>un repte, una motivaci\u00f3 constant.<\/strong> Per exemple, lligar el que va aprenent amb els seus interessos. O b\u00e9 amb les coses quotidianes del dia a dia: fer-li portar algun compte, buscar alguna informaci\u00f3 sobre un viatge, etc. Hem de refor\u00e7ar-li com de b\u00e9 ho est\u00e0 fent i aprenent, cosa que l&#8217;ajudar\u00e0 a <strong>sentir que el que apr\u00e8n l&#8217;ajuda amb alguna cosa pr\u00e0ctica del seu dia a dia.\u00a0<\/strong><\/li>\n<\/ul>\n<h2>Estat emocional<\/h2>\n<p><img loading=\"lazy\" decoding=\"async\" class=\"size-medium wp-image-4786 alignright\" src=\"https:\/\/www.centregrat.com\/wp-content\/uploads\/2015\/10\/por-que-mi-hijo-no-aprueba2-300x271.jpg\" alt=\"por-que-mi-hijo-no-aprueba2\" width=\"300\" height=\"271\" srcset=\"https:\/\/www.centregrat.com\/wp-content\/uploads\/2015\/10\/por-que-mi-hijo-no-aprueba2-300x271.jpg 300w, https:\/\/www.centregrat.com\/wp-content\/uploads\/2015\/10\/por-que-mi-hijo-no-aprueba2-768x694.jpg 768w, https:\/\/www.centregrat.com\/wp-content\/uploads\/2015\/10\/por-que-mi-hijo-no-aprueba2-1024x926.jpg 1024w, https:\/\/www.centregrat.com\/wp-content\/uploads\/2015\/10\/por-que-mi-hijo-no-aprueba2-610x552.jpg 610w, https:\/\/www.centregrat.com\/wp-content\/uploads\/2015\/10\/por-que-mi-hijo-no-aprueba2-700x633.jpg 700w, https:\/\/www.centregrat.com\/wp-content\/uploads\/2015\/10\/por-que-mi-hijo-no-aprueba2.jpg 1920w\" sizes=\"auto, (max-width: 300px) 100vw, 300px\" \/><\/p>\n<ul>\n<li>Un altre dels punts claus per a uns bons resultats acad\u00e8mics \u00e9s l&#8217;<strong>aspecte emocional<\/strong>. Com se sent, com est\u00e0, qu\u00e8 passa a casa, qu\u00e8 passa en el seu \u00e0mbit social, etc. Cuidar i tenir en compte els estats emocionals de l&#8217;alumne \u00e9s molt important. Tamb\u00e9 ens passa a nosaltres com a adults, <strong>si alguna cosa ens preocupa estem m\u00e9s distrets, amb menys energia<\/strong>, etc. Als alumnes els passa el mateix, tot i que la manera de transmetre-ho a vegades no \u00e9s la mateixa que a la dels adults. Hem de parar atenci\u00f3, doncs, en com est\u00e0 ell.<\/li>\n<\/ul>\n<p><strong>Tots els nens i nenes tenen la capacitat d&#8217;aprendre i tamb\u00e9 les ganes de fer-ho<\/strong>. No posem una etiqueta en aquell alumne que li costa alguna assignatura o t\u00e9 m\u00e9s dificultats en aprendre la mat\u00e8ria que li \u00e9s traslladada des de l&#8217;escola. Posem els nostres esfor\u00e7os en pensar qu\u00e8 es pot millorar perqu\u00e8 l&#8217;alumne aprofiti tots els seus recursos per aprendre i transmetre els seus coneixements al m\u00e0xim.<\/p>\n<p style=\"text-align: right;\"><strong><em>Maria Costa<\/em><\/strong><\/p>\n<p style=\"text-align: right;\"><strong><em>Psic\u00f2loga Especialista en Educaci\u00f3<\/em><\/strong><\/p>\n<h2>T&#8217;ha interessat el nostre article? Potser t&#8217;interessa tamb\u00e9:<\/h2>\n<div>\n<ul>\n<li><a href=\"https:\/\/www.centregrat.com\/xarxes-socials-adolescencia\/\">Xarxes socials, un aparador fals pels adolescents.<\/a><\/li>\n<li><a href=\"https:\/\/www.centregrat.com\/com-influeix-com-parlem-als-fills-a-la-seva-autoestima\/\">Com influeix com parlem en l&#8217;autoestima dels nostres fills?<\/a><\/li>\n<li><a href=\"https:\/\/www.centregrat.com\/faltes-respecte-adolescents\/\">Per qu\u00e8 alguns adolescents falten el respecte als pares?<\/a><\/li>\n<li><a href=\"https:\/\/www.centregrat.com\/socors-ladolescencia-sha-colat-a-casa-i-no-lhavia-convidat\/\">Socors! L&#8217;adolesc\u00e8ncia s&#8217;ha colat a casa i no l&#8217;havia convidat.<\/a><\/li>\n<li><a href=\"https:\/\/www.centregrat.com\/per-que-el-meu-fill-no-aprova\/\">Per qu\u00e8 no aprova el meu fill \/ a?<\/a><\/li>\n<li><a href=\"https:\/\/www.centregrat.com\/blog\/joguines-per-desenvolupar-capacitats\">Joquines per desenvolupar capacitats.<\/a><\/li>\n<li><a href=\"https:\/\/www.centregrat.com\/com-millorar-lautoestima-del-teu-fill-8-consells-i-3-tasques-per-aconseguir-ho\/\">Com millorar l&#8217;autoestima del meu fill? 8 consells i 3 tasques per aconseguir-ho.<\/a><\/li>\n<li><a href=\"https:\/\/www.centregrat.com\/sexualitzacio-infancia-nenes-model\/\">La sexualitzaci\u00f3 de la inf\u00e0ncia: les nenes model.<\/a><\/li>\n<li><a href=\"https:\/\/www.centregrat.com\/trastorn-de-conducta-adolescencia\/\">El meu fill adolescent no em respecta, t\u00e9 un trastorn de conducta?<\/a><\/li>\n<li><a href=\"https:\/\/www.centregrat.com\/quina-es-la-millor-forma-de-gestionar-les-rabietes\/\">Quina \u00e9s la millor forma de gestionar les rabietes?<\/a><\/li>\n<li><a href=\"https:\/\/www.centregrat.com\/actividatst-creatives-nens-confinament-cuarentena-coronavirus\/\">Activitats creatives en fam\u00edlia.<\/a><\/li>\n<li><a href=\"https:\/\/www.centregrat.com\/xarxes-socials-adolescencia\/\">Xarxes socials: un fals aparador pels adolescents<\/a><\/li>\n<\/ul>\n<\/div>\n<h2 style=\"text-align: center;\">Vols fer-nos una consulta?<\/h2>\n<p style=\"text-align: center;\"><a href=\"https:\/\/www.centregrat.com\/\">Contacta amb nosaltres!<\/a><\/p>\n<div>\n<ul>\n<li><\/li>\n<\/ul>\n<\/div>\n","protected":false},"excerpt":{"rendered":"<p>Algunes claus de com afrontar com a pares les dificultats en els estudis dels nostres fills.<\/p>\n","protected":false},"author":2,"featured_media":4798,"comment_status":"open","ping_status":"open","sticky":false,"template":"","format":"standard","meta":{"_acf_changed":false,"_exactmetrics_skip_tracking":false,"_exactmetrics_sitenote_active":false,"_exactmetrics_sitenote_note":"","_exactmetrics_sitenote_category":0,"footnotes":""},"categories":[1544],"tags":[1514,403,305,402,1513,404],"class_list":["post-1176","post","type-post","status-publish","format-standard","has-post-thumbnail","hentry","category-adolescents","tag-adolescents-i-notes","tag-aprovar","tag-autoestima","tag-estudis","tag-millorar-notes","tag-suspendre"],"acf":[],"yoast_head":"<!-- This site is optimized with the Yoast SEO plugin v27.4 - https:\/\/yoast.com\/product\/yoast-seo-wordpress\/ -->\n<title>Per qu\u00e8 el meu fill no aprova? Com el puc ajudar?<\/title>\n<meta name=\"description\" content=\"Alguns pares veuen que els seus fills no s&#039;ensurten amb els estudis, per\u00f2 no saben qu\u00e8 poden fer per ajudar-los. Aqu\u00ed alguns consells pr\u00e0ctics!\" \/>\n<meta name=\"robots\" content=\"index, follow, max-snippet:-1, max-image-preview:large, max-video-preview:-1\" \/>\n<link rel=\"canonical\" href=\"https:\/\/www.centregrat.com\/ca\/per-que-el-meu-fill-no-aprova\/\" \/>\n<meta property=\"og:locale\" content=\"ca_ES\" \/>\n<meta property=\"og:type\" content=\"article\" \/>\n<meta property=\"og:title\" content=\"Per qu\u00e8 el meu fill no aprova? Com el puc ajudar?\" \/>\n<meta property=\"og:description\" content=\"Alguns pares veuen que els seus fills no s&#039;ensurten amb els estudis, per\u00f2 no saben qu\u00e8 poden fer per ajudar-los. Aqu\u00ed alguns consells pr\u00e0ctics!\" \/>\n<meta property=\"og:url\" content=\"https:\/\/www.centregrat.com\/ca\/per-que-el-meu-fill-no-aprova\/\" \/>\n<meta property=\"og:site_name\" content=\"Centre GRAT | Centre de psicologia a Barcelona\" \/>\n<meta property=\"article:published_time\" content=\"2018-01-10T16:27:04+00:00\" \/>\n<meta property=\"article:modified_time\" content=\"2025-09-30T09:01:12+00:00\" \/>\n<meta property=\"og:image\" content=\"https:\/\/www.centregrat.com\/wp-content\/uploads\/2015\/10\/por-que-mi-hijo-no-aprueba2.jpg\" \/>\n\t<meta property=\"og:image:width\" content=\"1920\" \/>\n\t<meta property=\"og:image:height\" content=\"1736\" \/>\n\t<meta property=\"og:image:type\" content=\"image\/jpeg\" \/>\n<meta name=\"author\" content=\"Centre Grat\" \/>\n<meta name=\"twitter:card\" content=\"summary_large_image\" \/>\n<meta name=\"twitter:label1\" content=\"Escrit per\" \/>\n\t<meta name=\"twitter:data1\" content=\"Centre Grat\" \/>\n\t<meta name=\"twitter:label2\" content=\"Temps estimat de lectura\" \/>\n\t<meta name=\"twitter:data2\" content=\"4 minuts\" \/>\n<script type=\"application\/ld+json\" class=\"yoast-schema-graph\">{\"@context\":\"https:\\\/\\\/schema.org\",\"@graph\":[{\"@type\":\"Article\",\"@id\":\"https:\\\/\\\/www.centregrat.com\\\/ca\\\/per-que-el-meu-fill-no-aprova\\\/#article\",\"isPartOf\":{\"@id\":\"https:\\\/\\\/www.centregrat.com\\\/ca\\\/per-que-el-meu-fill-no-aprova\\\/\"},\"author\":{\"name\":\"Centre Grat\",\"@id\":\"https:\\\/\\\/www.centregrat.com\\\/ca\\\/#\\\/schema\\\/person\\\/b2b01a7ecc622fa9a0a36e1370ecba97\"},\"headline\":\"PER QU\u00c8 EL MEU FILL NO APROVA?\",\"datePublished\":\"2018-01-10T16:27:04+00:00\",\"dateModified\":\"2025-09-30T09:01:12+00:00\",\"mainEntityOfPage\":{\"@id\":\"https:\\\/\\\/www.centregrat.com\\\/ca\\\/per-que-el-meu-fill-no-aprova\\\/\"},\"wordCount\":905,\"commentCount\":4,\"publisher\":{\"@id\":\"https:\\\/\\\/www.centregrat.com\\\/ca\\\/#organization\"},\"image\":{\"@id\":\"https:\\\/\\\/www.centregrat.com\\\/ca\\\/per-que-el-meu-fill-no-aprova\\\/#primaryimage\"},\"thumbnailUrl\":\"https:\\\/\\\/www.centregrat.com\\\/wp-content\\\/uploads\\\/2015\\\/10\\\/per-que-el-meu-fill-no-aprova.jpg\",\"keywords\":[\"adolescents i notes\",\"aprovar\",\"autoestima\",\"estudis\",\"millorar notes\",\"suspendre\"],\"articleSection\":[\"Adolescents\"],\"inLanguage\":\"ca\",\"potentialAction\":[{\"@type\":\"CommentAction\",\"name\":\"Comment\",\"target\":[\"https:\\\/\\\/www.centregrat.com\\\/ca\\\/per-que-el-meu-fill-no-aprova\\\/#respond\"]}]},{\"@type\":\"WebPage\",\"@id\":\"https:\\\/\\\/www.centregrat.com\\\/ca\\\/per-que-el-meu-fill-no-aprova\\\/\",\"url\":\"https:\\\/\\\/www.centregrat.com\\\/ca\\\/per-que-el-meu-fill-no-aprova\\\/\",\"name\":\"Per qu\u00e8 el meu fill no aprova? Com el puc ajudar?\",\"isPartOf\":{\"@id\":\"https:\\\/\\\/www.centregrat.com\\\/ca\\\/#website\"},\"primaryImageOfPage\":{\"@id\":\"https:\\\/\\\/www.centregrat.com\\\/ca\\\/per-que-el-meu-fill-no-aprova\\\/#primaryimage\"},\"image\":{\"@id\":\"https:\\\/\\\/www.centregrat.com\\\/ca\\\/per-que-el-meu-fill-no-aprova\\\/#primaryimage\"},\"thumbnailUrl\":\"https:\\\/\\\/www.centregrat.com\\\/wp-content\\\/uploads\\\/2015\\\/10\\\/per-que-el-meu-fill-no-aprova.jpg\",\"datePublished\":\"2018-01-10T16:27:04+00:00\",\"dateModified\":\"2025-09-30T09:01:12+00:00\",\"description\":\"Alguns pares veuen que els seus fills no s'ensurten amb els estudis, per\u00f2 no saben qu\u00e8 poden fer per ajudar-los. Aqu\u00ed alguns consells pr\u00e0ctics!\",\"breadcrumb\":{\"@id\":\"https:\\\/\\\/www.centregrat.com\\\/ca\\\/per-que-el-meu-fill-no-aprova\\\/#breadcrumb\"},\"inLanguage\":\"ca\",\"potentialAction\":[{\"@type\":\"ReadAction\",\"target\":[\"https:\\\/\\\/www.centregrat.com\\\/ca\\\/per-que-el-meu-fill-no-aprova\\\/\"]}]},{\"@type\":\"ImageObject\",\"inLanguage\":\"ca\",\"@id\":\"https:\\\/\\\/www.centregrat.com\\\/ca\\\/per-que-el-meu-fill-no-aprova\\\/#primaryimage\",\"url\":\"https:\\\/\\\/www.centregrat.com\\\/wp-content\\\/uploads\\\/2015\\\/10\\\/per-que-el-meu-fill-no-aprova.jpg\",\"contentUrl\":\"https:\\\/\\\/www.centregrat.com\\\/wp-content\\\/uploads\\\/2015\\\/10\\\/per-que-el-meu-fill-no-aprova.jpg\",\"width\":1100,\"height\":600},{\"@type\":\"BreadcrumbList\",\"@id\":\"https:\\\/\\\/www.centregrat.com\\\/ca\\\/per-que-el-meu-fill-no-aprova\\\/#breadcrumb\",\"itemListElement\":[{\"@type\":\"ListItem\",\"position\":1,\"name\":\"Portada\",\"item\":\"https:\\\/\\\/www.centregrat.com\\\/ca\\\/\"},{\"@type\":\"ListItem\",\"position\":2,\"name\":\"PER QU\u00c8 EL MEU FILL NO APROVA?\"}]},{\"@type\":\"WebSite\",\"@id\":\"https:\\\/\\\/www.centregrat.com\\\/ca\\\/#website\",\"url\":\"https:\\\/\\\/www.centregrat.com\\\/ca\\\/\",\"name\":\"Centre GRAT | Centre de psicologia a Barcelona\",\"description\":\"Millora la teva qualitat de vida. Et donem les eines necess\u00e0ries perqu\u00e8 aconsegueixis portar una vida satisfact\u00f2ria. Coneix el nostre centre de psicologia a Barcelona\",\"publisher\":{\"@id\":\"https:\\\/\\\/www.centregrat.com\\\/ca\\\/#organization\"},\"potentialAction\":[{\"@type\":\"SearchAction\",\"target\":{\"@type\":\"EntryPoint\",\"urlTemplate\":\"https:\\\/\\\/www.centregrat.com\\\/ca\\\/?s={search_term_string}\"},\"query-input\":{\"@type\":\"PropertyValueSpecification\",\"valueRequired\":true,\"valueName\":\"search_term_string\"}}],\"inLanguage\":\"ca\"},{\"@type\":\"Organization\",\"@id\":\"https:\\\/\\\/www.centregrat.com\\\/ca\\\/#organization\",\"name\":\"Centre GRAT\",\"url\":\"https:\\\/\\\/www.centregrat.com\\\/ca\\\/\",\"logo\":{\"@type\":\"ImageObject\",\"inLanguage\":\"ca\",\"@id\":\"https:\\\/\\\/www.centregrat.com\\\/ca\\\/#\\\/schema\\\/logo\\\/image\\\/\",\"url\":\"https:\\\/\\\/www.centregrat.com\\\/wp-content\\\/uploads\\\/2017\\\/03\\\/logo-grat-90-psicologia-educacio.png\",\"contentUrl\":\"https:\\\/\\\/www.centregrat.com\\\/wp-content\\\/uploads\\\/2017\\\/03\\\/logo-grat-90-psicologia-educacio.png\",\"width\":90,\"height\":90,\"caption\":\"Centre GRAT\"},\"image\":{\"@id\":\"https:\\\/\\\/www.centregrat.com\\\/ca\\\/#\\\/schema\\\/logo\\\/image\\\/\"}},{\"@type\":\"Person\",\"@id\":\"https:\\\/\\\/www.centregrat.com\\\/ca\\\/#\\\/schema\\\/person\\\/b2b01a7ecc622fa9a0a36e1370ecba97\",\"name\":\"Centre Grat\",\"image\":{\"@type\":\"ImageObject\",\"inLanguage\":\"ca\",\"@id\":\"https:\\\/\\\/secure.gravatar.com\\\/avatar\\\/7f86715d0984a8778cd2c958ac0676b28b1e18efbc7ac85723e5a2e4a9a4191f?s=96&d=mm&r=g\",\"url\":\"https:\\\/\\\/secure.gravatar.com\\\/avatar\\\/7f86715d0984a8778cd2c958ac0676b28b1e18efbc7ac85723e5a2e4a9a4191f?s=96&d=mm&r=g\",\"contentUrl\":\"https:\\\/\\\/secure.gravatar.com\\\/avatar\\\/7f86715d0984a8778cd2c958ac0676b28b1e18efbc7ac85723e5a2e4a9a4191f?s=96&d=mm&r=g\",\"caption\":\"Centre Grat\"}}]}<\/script>\n<!-- \/ Yoast SEO plugin. -->","yoast_head_json":{"title":"Per qu\u00e8 el meu fill no aprova? Com el puc ajudar?","description":"Alguns pares veuen que els seus fills no s'ensurten amb els estudis, per\u00f2 no saben qu\u00e8 poden fer per ajudar-los. Aqu\u00ed alguns consells pr\u00e0ctics!","robots":{"index":"index","follow":"follow","max-snippet":"max-snippet:-1","max-image-preview":"max-image-preview:large","max-video-preview":"max-video-preview:-1"},"canonical":"https:\/\/www.centregrat.com\/ca\/per-que-el-meu-fill-no-aprova\/","og_locale":"ca_ES","og_type":"article","og_title":"Per qu\u00e8 el meu fill no aprova? Com el puc ajudar?","og_description":"Alguns pares veuen que els seus fills no s'ensurten amb els estudis, per\u00f2 no saben qu\u00e8 poden fer per ajudar-los. Aqu\u00ed alguns consells pr\u00e0ctics!","og_url":"https:\/\/www.centregrat.com\/ca\/per-que-el-meu-fill-no-aprova\/","og_site_name":"Centre GRAT | Centre de psicologia a Barcelona","article_published_time":"2018-01-10T16:27:04+00:00","article_modified_time":"2025-09-30T09:01:12+00:00","og_image":[{"width":1920,"height":1736,"url":"https:\/\/www.centregrat.com\/wp-content\/uploads\/2015\/10\/por-que-mi-hijo-no-aprueba2.jpg","type":"image\/jpeg"}],"author":"Centre Grat","twitter_card":"summary_large_image","twitter_misc":{"Escrit per":"Centre Grat","Temps estimat de lectura":"4 minuts"},"schema":{"@context":"https:\/\/schema.org","@graph":[{"@type":"Article","@id":"https:\/\/www.centregrat.com\/ca\/per-que-el-meu-fill-no-aprova\/#article","isPartOf":{"@id":"https:\/\/www.centregrat.com\/ca\/per-que-el-meu-fill-no-aprova\/"},"author":{"name":"Centre Grat","@id":"https:\/\/www.centregrat.com\/ca\/#\/schema\/person\/b2b01a7ecc622fa9a0a36e1370ecba97"},"headline":"PER QU\u00c8 EL MEU FILL NO APROVA?","datePublished":"2018-01-10T16:27:04+00:00","dateModified":"2025-09-30T09:01:12+00:00","mainEntityOfPage":{"@id":"https:\/\/www.centregrat.com\/ca\/per-que-el-meu-fill-no-aprova\/"},"wordCount":905,"commentCount":4,"publisher":{"@id":"https:\/\/www.centregrat.com\/ca\/#organization"},"image":{"@id":"https:\/\/www.centregrat.com\/ca\/per-que-el-meu-fill-no-aprova\/#primaryimage"},"thumbnailUrl":"https:\/\/www.centregrat.com\/wp-content\/uploads\/2015\/10\/per-que-el-meu-fill-no-aprova.jpg","keywords":["adolescents i notes","aprovar","autoestima","estudis","millorar notes","suspendre"],"articleSection":["Adolescents"],"inLanguage":"ca","potentialAction":[{"@type":"CommentAction","name":"Comment","target":["https:\/\/www.centregrat.com\/ca\/per-que-el-meu-fill-no-aprova\/#respond"]}]},{"@type":"WebPage","@id":"https:\/\/www.centregrat.com\/ca\/per-que-el-meu-fill-no-aprova\/","url":"https:\/\/www.centregrat.com\/ca\/per-que-el-meu-fill-no-aprova\/","name":"Per qu\u00e8 el meu fill no aprova? Com el puc ajudar?","isPartOf":{"@id":"https:\/\/www.centregrat.com\/ca\/#website"},"primaryImageOfPage":{"@id":"https:\/\/www.centregrat.com\/ca\/per-que-el-meu-fill-no-aprova\/#primaryimage"},"image":{"@id":"https:\/\/www.centregrat.com\/ca\/per-que-el-meu-fill-no-aprova\/#primaryimage"},"thumbnailUrl":"https:\/\/www.centregrat.com\/wp-content\/uploads\/2015\/10\/per-que-el-meu-fill-no-aprova.jpg","datePublished":"2018-01-10T16:27:04+00:00","dateModified":"2025-09-30T09:01:12+00:00","description":"Alguns pares veuen que els seus fills no s'ensurten amb els estudis, per\u00f2 no saben qu\u00e8 poden fer per ajudar-los. Aqu\u00ed alguns consells pr\u00e0ctics!","breadcrumb":{"@id":"https:\/\/www.centregrat.com\/ca\/per-que-el-meu-fill-no-aprova\/#breadcrumb"},"inLanguage":"ca","potentialAction":[{"@type":"ReadAction","target":["https:\/\/www.centregrat.com\/ca\/per-que-el-meu-fill-no-aprova\/"]}]},{"@type":"ImageObject","inLanguage":"ca","@id":"https:\/\/www.centregrat.com\/ca\/per-que-el-meu-fill-no-aprova\/#primaryimage","url":"https:\/\/www.centregrat.com\/wp-content\/uploads\/2015\/10\/per-que-el-meu-fill-no-aprova.jpg","contentUrl":"https:\/\/www.centregrat.com\/wp-content\/uploads\/2015\/10\/per-que-el-meu-fill-no-aprova.jpg","width":1100,"height":600},{"@type":"BreadcrumbList","@id":"https:\/\/www.centregrat.com\/ca\/per-que-el-meu-fill-no-aprova\/#breadcrumb","itemListElement":[{"@type":"ListItem","position":1,"name":"Portada","item":"https:\/\/www.centregrat.com\/ca\/"},{"@type":"ListItem","position":2,"name":"PER QU\u00c8 EL MEU FILL NO APROVA?"}]},{"@type":"WebSite","@id":"https:\/\/www.centregrat.com\/ca\/#website","url":"https:\/\/www.centregrat.com\/ca\/","name":"Centre GRAT | Centre de psicologia a Barcelona","description":"Millora la teva qualitat de vida. Et donem les eines necess\u00e0ries perqu\u00e8 aconsegueixis portar una vida satisfact\u00f2ria. Coneix el nostre centre de psicologia a Barcelona","publisher":{"@id":"https:\/\/www.centregrat.com\/ca\/#organization"},"potentialAction":[{"@type":"SearchAction","target":{"@type":"EntryPoint","urlTemplate":"https:\/\/www.centregrat.com\/ca\/?s={search_term_string}"},"query-input":{"@type":"PropertyValueSpecification","valueRequired":true,"valueName":"search_term_string"}}],"inLanguage":"ca"},{"@type":"Organization","@id":"https:\/\/www.centregrat.com\/ca\/#organization","name":"Centre GRAT","url":"https:\/\/www.centregrat.com\/ca\/","logo":{"@type":"ImageObject","inLanguage":"ca","@id":"https:\/\/www.centregrat.com\/ca\/#\/schema\/logo\/image\/","url":"https:\/\/www.centregrat.com\/wp-content\/uploads\/2017\/03\/logo-grat-90-psicologia-educacio.png","contentUrl":"https:\/\/www.centregrat.com\/wp-content\/uploads\/2017\/03\/logo-grat-90-psicologia-educacio.png","width":90,"height":90,"caption":"Centre GRAT"},"image":{"@id":"https:\/\/www.centregrat.com\/ca\/#\/schema\/logo\/image\/"}},{"@type":"Person","@id":"https:\/\/www.centregrat.com\/ca\/#\/schema\/person\/b2b01a7ecc622fa9a0a36e1370ecba97","name":"Centre Grat","image":{"@type":"ImageObject","inLanguage":"ca","@id":"https:\/\/secure.gravatar.com\/avatar\/7f86715d0984a8778cd2c958ac0676b28b1e18efbc7ac85723e5a2e4a9a4191f?s=96&d=mm&r=g","url":"https:\/\/secure.gravatar.com\/avatar\/7f86715d0984a8778cd2c958ac0676b28b1e18efbc7ac85723e5a2e4a9a4191f?s=96&d=mm&r=g","contentUrl":"https:\/\/secure.gravatar.com\/avatar\/7f86715d0984a8778cd2c958ac0676b28b1e18efbc7ac85723e5a2e4a9a4191f?s=96&d=mm&r=g","caption":"Centre Grat"}}]}},"_links":{"self":[{"href":"https:\/\/www.centregrat.com\/ca\/wp-json\/wp\/v2\/posts\/1176","targetHints":{"allow":["GET"]}}],"collection":[{"href":"https:\/\/www.centregrat.com\/ca\/wp-json\/wp\/v2\/posts"}],"about":[{"href":"https:\/\/www.centregrat.com\/ca\/wp-json\/wp\/v2\/types\/post"}],"author":[{"embeddable":true,"href":"https:\/\/www.centregrat.com\/ca\/wp-json\/wp\/v2\/users\/2"}],"replies":[{"embeddable":true,"href":"https:\/\/www.centregrat.com\/ca\/wp-json\/wp\/v2\/comments?post=1176"}],"version-history":[{"count":13,"href":"https:\/\/www.centregrat.com\/ca\/wp-json\/wp\/v2\/posts\/1176\/revisions"}],"predecessor-version":[{"id":21015,"href":"https:\/\/www.centregrat.com\/ca\/wp-json\/wp\/v2\/posts\/1176\/revisions\/21015"}],"wp:featuredmedia":[{"embeddable":true,"href":"https:\/\/www.centregrat.com\/ca\/wp-json\/wp\/v2\/media\/4798"}],"wp:attachment":[{"href":"https:\/\/www.centregrat.com\/ca\/wp-json\/wp\/v2\/media?parent=1176"}],"wp:term":[{"taxonomy":"category","embeddable":true,"href":"https:\/\/www.centregrat.com\/ca\/wp-json\/wp\/v2\/categories?post=1176"},{"taxonomy":"post_tag","embeddable":true,"href":"https:\/\/www.centregrat.com\/ca\/wp-json\/wp\/v2\/tags?post=1176"}],"curies":[{"name":"wp","href":"https:\/\/api.w.org\/{rel}","templated":true}]}}