{"id":1186,"date":"2016-01-10T14:18:01","date_gmt":"2016-01-10T14:18:01","guid":{"rendered":"https:\/\/www.centregrat.com\/2016\/01\/10\/xerrada-gratuita-com-millorar-lautoestima-del-meu-fill\/"},"modified":"2025-09-30T09:01:18","modified_gmt":"2025-09-30T09:01:18","slug":"xerrada-gratuita-com-millorar-lautoestima-del-meu-fill","status":"publish","type":"post","link":"https:\/\/www.centregrat.com\/ca\/xerrada-gratuita-com-millorar-lautoestima-del-meu-fill\/","title":{"rendered":"Xerrada Gratu\u00efta: Com millorar l&#8217;autoestima del meu fill?"},"content":{"rendered":"<p>Et donem pautes concretes sobre com millorar l&#8217;autoestima del teu fill<\/p>\n<h3 style=\"line-height: 20.0063px; color: blue;\"><strong>Com millorar l&rsquo;autoestima del meu fill? &nbsp; &nbsp; &nbsp; &nbsp;<\/strong><span style=\"line-height: 1.538em; font-size: 16px; text-align: justify;\">&nbsp;<\/span><span style=\"line-height: 1.538em; font-size: 16px; text-align: justify; background-color: yellow;\">&nbsp;PLACES LIMITADES<\/span><\/h3>\n<p>&nbsp;<\/p>\n<div style=\"font-size: 13.008px; line-height: 20.0063px; text-align: justify;\"><span style=\"font-size: 14px;\"><strong>Quan? On?<\/strong><\/span><\/div>\n<ul style=\"font-size: 13.008px; line-height: 20.0063px;\">\n<li style=\"text-align: justify;\"><span style=\"font-size: 14px;\"><strong>Xerrada Gratu\u00efta:<\/strong>&nbsp;14 d&#39;abril del 2016, de 19:00 a 20:00<\/span><\/li>\n<li style=\"text-align: justify;\"><span style=\"font-size: 14px;\"><strong>Taller pr\u00e0ctic:<\/strong>&nbsp;dates properament<\/span><\/li>\n<li style=\"text-align: justify;\"><span style=\"font-size: 14px;\">Al Centre GRAT: C\/Arag\u00f3, 266, 3r 2a<\/span><\/li>\n<\/ul>\n<p style=\"text-align: justify;\"><strong><span style=\"font-size: 14px;\">Qu\u00e8?<\/span><\/strong><\/p>\n<ul>\n<li style=\"text-align: justify;\"><span style=\"font-size:14px;\">&quot;Com puc aconseguir que el meu fill tingui m\u00e9s confian\u00e7a en ell mateix?&quot;<\/span><\/li>\n<li style=\"text-align: justify;\"><span style=\"font-size:14px;\">&ldquo;Per qu\u00e8 el meu fill no confia en les seves habilitats?&rdquo;<\/span><\/li>\n<li style=\"text-align: justify;\"><span style=\"font-size:14px;\">&ldquo;Sempre respon amb un no s\u00e9 o no puc&rdquo;<\/span><\/li>\n<li style=\"text-align: justify;\"><span style=\"font-size:14px;\">&ldquo;Li dic que \u00e9s bo i no s&rsquo;ho creu&rdquo;<\/span><\/li>\n<li style=\"text-align: justify;\"><span style=\"font-size:14px;\">&ldquo;Li explico com millorar i no m&rsquo;escolta&rdquo;<\/span><\/li>\n<\/ul>\n<p style=\"text-align: justify;\"><span style=\"font-size:14px;\">L&rsquo;etapa de la infantesa i l&rsquo;adolesc\u00e8ncia esdevenen fonamentals per a l&rsquo;establiment d&rsquo;una bona autoestima. Els pares s\u00f3n qui m\u00e9s poder tenen per a que els fills construeixin una imatge sana de s\u00ed mateixos. Ajudem-los a aconseguir-ho.<\/span><\/p>\n<p style=\"text-align: justify;\"><span style=\"font-size:14px;\">Al centre GRAT, <strong>et donem pautes concretes<\/strong> que ajudaran a <strong>millorar l&rsquo;autoestima<\/strong> del teu <strong>fill<\/strong>.<\/span><\/p>\n<p style=\"text-align: justify;\"><strong style=\"font-size: 13.008px; line-height: 20.0063px;\"><span style=\"font-size: 14px;\">Assist\u00e8ncia:&nbsp;<\/span><\/strong><\/p>\n<div style=\"font-size: 13.008px; line-height: 20.0063px; text-align: justify;\"><span style=\"font-size: 14px;\">Les<\/span><strong><span style=\"font-size: 14px;\">&nbsp;<span style=\"background-color: yellow;\">places s\u00f3n limitades<\/span>,&nbsp;<\/span><\/strong><span style=\"font-size: 14px;\">pel que es prega<\/span><strong><span style=\"font-size: 14px;\">&nbsp;confirmaci\u00f3 d&#39;assist\u00e8ncia&nbsp;<\/span><\/strong><span style=\"font-size: 14px;\">enviant un e-mail a info@centregrat.com&nbsp;<\/span><\/div>\n<div style=\"font-size: 13.008px; line-height: 20.0063px; text-align: justify;\">&nbsp;<\/div>\n<div style=\"font-size: 13.008px; line-height: 20.0063px; text-align: justify;\"><strong><span style=\"font-size: 14px;\">Qui?<\/span><\/strong><\/div>\n<div style=\"font-size: 13.008px; line-height: 20.0063px; text-align: justify;\"><strong style=\"font-size: 14px; line-height: 1.538em;\">Amalia Gord\u00f3vil Merino<\/strong><span style=\"font-size: 14px; line-height: 1.538em;\">. Psic\u00f2loga infantojuvenil i familiar. Professora de la Universitat Oberta de Catalunya<\/span><\/div>\n","protected":false},"excerpt":{"rendered":"<p>Et donem pautes concretes sobre com millorar l&#8217;autoestima del teu fill<\/p>\n","protected":false},"author":2,"featured_media":0,"comment_status":"open","ping_status":"open","sticky":false,"template":"","format":"standard","meta":{"_acf_changed":false,"_exactmetrics_skip_tracking":false,"_exactmetrics_sitenote_active":false,"_exactmetrics_sitenote_note":"","_exactmetrics_sitenote_category":0,"footnotes":""},"categories":[868],"tags":[305,446,392,371,929,930],"class_list":["post-1186","post","type-post","status-publish","format-standard","hentry","category-tallers-i-xerrades","tag-autoestima","tag-autoestima-infantil","tag-escola-de-pares","tag-infancia","tag-millorar-autoestima-del-meu-fill","tag-reforcar-autoestima-nens"],"acf":[],"yoast_head":"<!-- This site is optimized with the Yoast SEO plugin v27.4 - https:\/\/yoast.com\/product\/yoast-seo-wordpress\/ -->\n<title>Xerrada Gratu\u00efta: Com millorar l&#039;autoestima del meu fill? - Centre GRAT | Centre de psicologia a Barcelona<\/title>\n<meta name=\"robots\" content=\"index, follow, max-snippet:-1, max-image-preview:large, max-video-preview:-1\" \/>\n<link rel=\"canonical\" href=\"https:\/\/www.centregrat.com\/ca\/xerrada-gratuita-com-millorar-lautoestima-del-meu-fill\/\" \/>\n<meta property=\"og:locale\" content=\"ca_ES\" \/>\n<meta property=\"og:type\" content=\"article\" \/>\n<meta property=\"og:title\" content=\"Xerrada Gratu\u00efta: Com millorar l&#039;autoestima del meu fill? - Centre GRAT | Centre de psicologia a Barcelona\" \/>\n<meta property=\"og:description\" content=\"Et donem pautes concretes sobre com millorar l&#039;autoestima del teu fill\" \/>\n<meta property=\"og:url\" content=\"https:\/\/www.centregrat.com\/ca\/xerrada-gratuita-com-millorar-lautoestima-del-meu-fill\/\" \/>\n<meta property=\"og:site_name\" content=\"Centre GRAT | Centre de psicologia a Barcelona\" \/>\n<meta property=\"article:published_time\" content=\"2016-01-10T14:18:01+00:00\" \/>\n<meta property=\"article:modified_time\" content=\"2025-09-30T09:01:18+00:00\" \/>\n<meta property=\"og:image\" content=\"https:\/\/www.centregrat.com\/wp-content\/uploads\/2017\/03\/logo-grat-90-psicologia-educacio.png\" \/>\n\t<meta property=\"og:image:width\" content=\"90\" \/>\n\t<meta property=\"og:image:height\" content=\"90\" \/>\n\t<meta property=\"og:image:type\" content=\"image\/png\" \/>\n<meta name=\"author\" content=\"Centre Grat\" \/>\n<meta name=\"twitter:card\" content=\"summary_large_image\" \/>\n<meta name=\"twitter:label1\" content=\"Escrit per\" \/>\n\t<meta name=\"twitter:data1\" content=\"Centre Grat\" \/>\n\t<meta name=\"twitter:label2\" content=\"Temps estimat de lectura\" \/>\n\t<meta name=\"twitter:data2\" content=\"1 minut\" \/>\n<script type=\"application\/ld+json\" class=\"yoast-schema-graph\">{\"@context\":\"https:\\\/\\\/schema.org\",\"@graph\":[{\"@type\":\"Article\",\"@id\":\"https:\\\/\\\/www.centregrat.com\\\/ca\\\/xerrada-gratuita-com-millorar-lautoestima-del-meu-fill\\\/#article\",\"isPartOf\":{\"@id\":\"https:\\\/\\\/www.centregrat.com\\\/ca\\\/xerrada-gratuita-com-millorar-lautoestima-del-meu-fill\\\/\"},\"author\":{\"name\":\"Centre Grat\",\"@id\":\"https:\\\/\\\/www.centregrat.com\\\/ca\\\/#\\\/schema\\\/person\\\/b2b01a7ecc622fa9a0a36e1370ecba97\"},\"headline\":\"Xerrada Gratu\u00efta: Com millorar l&#8217;autoestima del meu fill?\",\"datePublished\":\"2016-01-10T14:18:01+00:00\",\"dateModified\":\"2025-09-30T09:01:18+00:00\",\"mainEntityOfPage\":{\"@id\":\"https:\\\/\\\/www.centregrat.com\\\/ca\\\/xerrada-gratuita-com-millorar-lautoestima-del-meu-fill\\\/\"},\"wordCount\":237,\"commentCount\":0,\"publisher\":{\"@id\":\"https:\\\/\\\/www.centregrat.com\\\/ca\\\/#organization\"},\"keywords\":[\"autoestima\",\"autoestima infantil\",\"Escola de Pares\",\"infancia\",\"millorar autoestima del meu fill\",\"refor\u00e7ar autoestima nens\"],\"articleSection\":[\"Tallers i xerrades\"],\"inLanguage\":\"ca\",\"potentialAction\":[{\"@type\":\"CommentAction\",\"name\":\"Comment\",\"target\":[\"https:\\\/\\\/www.centregrat.com\\\/ca\\\/xerrada-gratuita-com-millorar-lautoestima-del-meu-fill\\\/#respond\"]}]},{\"@type\":\"WebPage\",\"@id\":\"https:\\\/\\\/www.centregrat.com\\\/ca\\\/xerrada-gratuita-com-millorar-lautoestima-del-meu-fill\\\/\",\"url\":\"https:\\\/\\\/www.centregrat.com\\\/ca\\\/xerrada-gratuita-com-millorar-lautoestima-del-meu-fill\\\/\",\"name\":\"Xerrada Gratu\u00efta: Com millorar l'autoestima del meu fill? - Centre GRAT | Centre de psicologia a Barcelona\",\"isPartOf\":{\"@id\":\"https:\\\/\\\/www.centregrat.com\\\/ca\\\/#website\"},\"datePublished\":\"2016-01-10T14:18:01+00:00\",\"dateModified\":\"2025-09-30T09:01:18+00:00\",\"breadcrumb\":{\"@id\":\"https:\\\/\\\/www.centregrat.com\\\/ca\\\/xerrada-gratuita-com-millorar-lautoestima-del-meu-fill\\\/#breadcrumb\"},\"inLanguage\":\"ca\",\"potentialAction\":[{\"@type\":\"ReadAction\",\"target\":[\"https:\\\/\\\/www.centregrat.com\\\/ca\\\/xerrada-gratuita-com-millorar-lautoestima-del-meu-fill\\\/\"]}]},{\"@type\":\"BreadcrumbList\",\"@id\":\"https:\\\/\\\/www.centregrat.com\\\/ca\\\/xerrada-gratuita-com-millorar-lautoestima-del-meu-fill\\\/#breadcrumb\",\"itemListElement\":[{\"@type\":\"ListItem\",\"position\":1,\"name\":\"Portada\",\"item\":\"https:\\\/\\\/www.centregrat.com\\\/ca\\\/\"},{\"@type\":\"ListItem\",\"position\":2,\"name\":\"Xerrada Gratu\u00efta: Com millorar l&#8217;autoestima del meu fill?\"}]},{\"@type\":\"WebSite\",\"@id\":\"https:\\\/\\\/www.centregrat.com\\\/ca\\\/#website\",\"url\":\"https:\\\/\\\/www.centregrat.com\\\/ca\\\/\",\"name\":\"Centre GRAT | Centre de psicologia a Barcelona\",\"description\":\"Millora la teva qualitat de vida. Et donem les eines necess\u00e0ries perqu\u00e8 aconsegueixis portar una vida satisfact\u00f2ria. Coneix el nostre centre de psicologia a Barcelona\",\"publisher\":{\"@id\":\"https:\\\/\\\/www.centregrat.com\\\/ca\\\/#organization\"},\"potentialAction\":[{\"@type\":\"SearchAction\",\"target\":{\"@type\":\"EntryPoint\",\"urlTemplate\":\"https:\\\/\\\/www.centregrat.com\\\/ca\\\/?s={search_term_string}\"},\"query-input\":{\"@type\":\"PropertyValueSpecification\",\"valueRequired\":true,\"valueName\":\"search_term_string\"}}],\"inLanguage\":\"ca\"},{\"@type\":\"Organization\",\"@id\":\"https:\\\/\\\/www.centregrat.com\\\/ca\\\/#organization\",\"name\":\"Centre GRAT\",\"url\":\"https:\\\/\\\/www.centregrat.com\\\/ca\\\/\",\"logo\":{\"@type\":\"ImageObject\",\"inLanguage\":\"ca\",\"@id\":\"https:\\\/\\\/www.centregrat.com\\\/ca\\\/#\\\/schema\\\/logo\\\/image\\\/\",\"url\":\"https:\\\/\\\/www.centregrat.com\\\/wp-content\\\/uploads\\\/2017\\\/03\\\/logo-grat-90-psicologia-educacio.png\",\"contentUrl\":\"https:\\\/\\\/www.centregrat.com\\\/wp-content\\\/uploads\\\/2017\\\/03\\\/logo-grat-90-psicologia-educacio.png\",\"width\":90,\"height\":90,\"caption\":\"Centre GRAT\"},\"image\":{\"@id\":\"https:\\\/\\\/www.centregrat.com\\\/ca\\\/#\\\/schema\\\/logo\\\/image\\\/\"}},{\"@type\":\"Person\",\"@id\":\"https:\\\/\\\/www.centregrat.com\\\/ca\\\/#\\\/schema\\\/person\\\/b2b01a7ecc622fa9a0a36e1370ecba97\",\"name\":\"Centre Grat\",\"image\":{\"@type\":\"ImageObject\",\"inLanguage\":\"ca\",\"@id\":\"https:\\\/\\\/secure.gravatar.com\\\/avatar\\\/7f86715d0984a8778cd2c958ac0676b28b1e18efbc7ac85723e5a2e4a9a4191f?s=96&d=mm&r=g\",\"url\":\"https:\\\/\\\/secure.gravatar.com\\\/avatar\\\/7f86715d0984a8778cd2c958ac0676b28b1e18efbc7ac85723e5a2e4a9a4191f?s=96&d=mm&r=g\",\"contentUrl\":\"https:\\\/\\\/secure.gravatar.com\\\/avatar\\\/7f86715d0984a8778cd2c958ac0676b28b1e18efbc7ac85723e5a2e4a9a4191f?s=96&d=mm&r=g\",\"caption\":\"Centre Grat\"}}]}<\/script>\n<!-- \/ Yoast SEO plugin. -->","yoast_head_json":{"title":"Xerrada Gratu\u00efta: Com millorar l'autoestima del meu fill? - Centre GRAT | Centre de psicologia a Barcelona","robots":{"index":"index","follow":"follow","max-snippet":"max-snippet:-1","max-image-preview":"max-image-preview:large","max-video-preview":"max-video-preview:-1"},"canonical":"https:\/\/www.centregrat.com\/ca\/xerrada-gratuita-com-millorar-lautoestima-del-meu-fill\/","og_locale":"ca_ES","og_type":"article","og_title":"Xerrada Gratu\u00efta: Com millorar l'autoestima del meu fill? - Centre GRAT | Centre de psicologia a Barcelona","og_description":"Et donem pautes concretes sobre com millorar l'autoestima del teu fill","og_url":"https:\/\/www.centregrat.com\/ca\/xerrada-gratuita-com-millorar-lautoestima-del-meu-fill\/","og_site_name":"Centre GRAT | Centre de psicologia a Barcelona","article_published_time":"2016-01-10T14:18:01+00:00","article_modified_time":"2025-09-30T09:01:18+00:00","og_image":[{"width":90,"height":90,"url":"https:\/\/www.centregrat.com\/wp-content\/uploads\/2017\/03\/logo-grat-90-psicologia-educacio.png","type":"image\/png"}],"author":"Centre Grat","twitter_card":"summary_large_image","twitter_misc":{"Escrit per":"Centre Grat","Temps estimat de lectura":"1 minut"},"schema":{"@context":"https:\/\/schema.org","@graph":[{"@type":"Article","@id":"https:\/\/www.centregrat.com\/ca\/xerrada-gratuita-com-millorar-lautoestima-del-meu-fill\/#article","isPartOf":{"@id":"https:\/\/www.centregrat.com\/ca\/xerrada-gratuita-com-millorar-lautoestima-del-meu-fill\/"},"author":{"name":"Centre Grat","@id":"https:\/\/www.centregrat.com\/ca\/#\/schema\/person\/b2b01a7ecc622fa9a0a36e1370ecba97"},"headline":"Xerrada Gratu\u00efta: Com millorar l&#8217;autoestima del meu fill?","datePublished":"2016-01-10T14:18:01+00:00","dateModified":"2025-09-30T09:01:18+00:00","mainEntityOfPage":{"@id":"https:\/\/www.centregrat.com\/ca\/xerrada-gratuita-com-millorar-lautoestima-del-meu-fill\/"},"wordCount":237,"commentCount":0,"publisher":{"@id":"https:\/\/www.centregrat.com\/ca\/#organization"},"keywords":["autoestima","autoestima infantil","Escola de Pares","infancia","millorar autoestima del meu fill","refor\u00e7ar autoestima nens"],"articleSection":["Tallers i xerrades"],"inLanguage":"ca","potentialAction":[{"@type":"CommentAction","name":"Comment","target":["https:\/\/www.centregrat.com\/ca\/xerrada-gratuita-com-millorar-lautoestima-del-meu-fill\/#respond"]}]},{"@type":"WebPage","@id":"https:\/\/www.centregrat.com\/ca\/xerrada-gratuita-com-millorar-lautoestima-del-meu-fill\/","url":"https:\/\/www.centregrat.com\/ca\/xerrada-gratuita-com-millorar-lautoestima-del-meu-fill\/","name":"Xerrada Gratu\u00efta: Com millorar l'autoestima del meu fill? - Centre GRAT | Centre de psicologia a Barcelona","isPartOf":{"@id":"https:\/\/www.centregrat.com\/ca\/#website"},"datePublished":"2016-01-10T14:18:01+00:00","dateModified":"2025-09-30T09:01:18+00:00","breadcrumb":{"@id":"https:\/\/www.centregrat.com\/ca\/xerrada-gratuita-com-millorar-lautoestima-del-meu-fill\/#breadcrumb"},"inLanguage":"ca","potentialAction":[{"@type":"ReadAction","target":["https:\/\/www.centregrat.com\/ca\/xerrada-gratuita-com-millorar-lautoestima-del-meu-fill\/"]}]},{"@type":"BreadcrumbList","@id":"https:\/\/www.centregrat.com\/ca\/xerrada-gratuita-com-millorar-lautoestima-del-meu-fill\/#breadcrumb","itemListElement":[{"@type":"ListItem","position":1,"name":"Portada","item":"https:\/\/www.centregrat.com\/ca\/"},{"@type":"ListItem","position":2,"name":"Xerrada Gratu\u00efta: Com millorar l&#8217;autoestima del meu fill?"}]},{"@type":"WebSite","@id":"https:\/\/www.centregrat.com\/ca\/#website","url":"https:\/\/www.centregrat.com\/ca\/","name":"Centre GRAT | Centre de psicologia a Barcelona","description":"Millora la teva qualitat de vida. Et donem les eines necess\u00e0ries perqu\u00e8 aconsegueixis portar una vida satisfact\u00f2ria. Coneix el nostre centre de psicologia a Barcelona","publisher":{"@id":"https:\/\/www.centregrat.com\/ca\/#organization"},"potentialAction":[{"@type":"SearchAction","target":{"@type":"EntryPoint","urlTemplate":"https:\/\/www.centregrat.com\/ca\/?s={search_term_string}"},"query-input":{"@type":"PropertyValueSpecification","valueRequired":true,"valueName":"search_term_string"}}],"inLanguage":"ca"},{"@type":"Organization","@id":"https:\/\/www.centregrat.com\/ca\/#organization","name":"Centre GRAT","url":"https:\/\/www.centregrat.com\/ca\/","logo":{"@type":"ImageObject","inLanguage":"ca","@id":"https:\/\/www.centregrat.com\/ca\/#\/schema\/logo\/image\/","url":"https:\/\/www.centregrat.com\/wp-content\/uploads\/2017\/03\/logo-grat-90-psicologia-educacio.png","contentUrl":"https:\/\/www.centregrat.com\/wp-content\/uploads\/2017\/03\/logo-grat-90-psicologia-educacio.png","width":90,"height":90,"caption":"Centre GRAT"},"image":{"@id":"https:\/\/www.centregrat.com\/ca\/#\/schema\/logo\/image\/"}},{"@type":"Person","@id":"https:\/\/www.centregrat.com\/ca\/#\/schema\/person\/b2b01a7ecc622fa9a0a36e1370ecba97","name":"Centre Grat","image":{"@type":"ImageObject","inLanguage":"ca","@id":"https:\/\/secure.gravatar.com\/avatar\/7f86715d0984a8778cd2c958ac0676b28b1e18efbc7ac85723e5a2e4a9a4191f?s=96&d=mm&r=g","url":"https:\/\/secure.gravatar.com\/avatar\/7f86715d0984a8778cd2c958ac0676b28b1e18efbc7ac85723e5a2e4a9a4191f?s=96&d=mm&r=g","contentUrl":"https:\/\/secure.gravatar.com\/avatar\/7f86715d0984a8778cd2c958ac0676b28b1e18efbc7ac85723e5a2e4a9a4191f?s=96&d=mm&r=g","caption":"Centre Grat"}}]}},"_links":{"self":[{"href":"https:\/\/www.centregrat.com\/ca\/wp-json\/wp\/v2\/posts\/1186","targetHints":{"allow":["GET"]}}],"collection":[{"href":"https:\/\/www.centregrat.com\/ca\/wp-json\/wp\/v2\/posts"}],"about":[{"href":"https:\/\/www.centregrat.com\/ca\/wp-json\/wp\/v2\/types\/post"}],"author":[{"embeddable":true,"href":"https:\/\/www.centregrat.com\/ca\/wp-json\/wp\/v2\/users\/2"}],"replies":[{"embeddable":true,"href":"https:\/\/www.centregrat.com\/ca\/wp-json\/wp\/v2\/comments?post=1186"}],"version-history":[{"count":1,"href":"https:\/\/www.centregrat.com\/ca\/wp-json\/wp\/v2\/posts\/1186\/revisions"}],"predecessor-version":[{"id":2982,"href":"https:\/\/www.centregrat.com\/ca\/wp-json\/wp\/v2\/posts\/1186\/revisions\/2982"}],"wp:attachment":[{"href":"https:\/\/www.centregrat.com\/ca\/wp-json\/wp\/v2\/media?parent=1186"}],"wp:term":[{"taxonomy":"category","embeddable":true,"href":"https:\/\/www.centregrat.com\/ca\/wp-json\/wp\/v2\/categories?post=1186"},{"taxonomy":"post_tag","embeddable":true,"href":"https:\/\/www.centregrat.com\/ca\/wp-json\/wp\/v2\/tags?post=1186"}],"curies":[{"name":"wp","href":"https:\/\/api.w.org\/{rel}","templated":true}]}}