{"id":1249,"date":"2016-06-14T17:23:01","date_gmt":"2016-06-14T17:23:01","guid":{"rendered":"https:\/\/www.centregrat.com\/2016\/06\/14\/la-gent-sana-tambe-va-al-psicoleg\/"},"modified":"2025-09-30T09:01:17","modified_gmt":"2025-09-30T09:01:17","slug":"quan-anar-al-psicoleg-terapia","status":"publish","type":"post","link":"https:\/\/www.centregrat.com\/ca\/quan-anar-al-psicoleg-terapia\/","title":{"rendered":"QUAN ANAR AL PSIC\u00d2LEG? LA GENT SANA TAMB\u00c9 VA AL PSIC\u00d2LEG"},"content":{"rendered":"<h2>Quan \u00e9s necessari anar al psic\u00f2leg?<\/h2>\n<p>En aquest article t&#8217;explicar\u00e9 algunes de les situacions en les que \u00e9s aconsellable<strong>\u00a0anar un psic\u00f2leg<\/strong> i intentar\u00e9 trencar alguns dels <strong>prejudicis que hi ha encara a la nostre societat sobre visitar un psic\u00f2leg.<\/strong><\/p>\n<h2>&#8220;No estic tan malament!&#8221;<\/h2>\n<div>He escoltat a molta gent que quan parla dels seus problemes i alg\u00fa li suggereix que vagi a <strong>visitar a un psic\u00f2leg<\/strong>, contesta que \u201cno estic tan malament!\u201d. Realment \u00e9s una alegria saber que no estan tan malament, no obstant aix\u00f2, aix\u00f2 no significa que la seva situaci\u00f3 no compleixi les caracter\u00edstiques per <strong>visitar a un psic\u00f2leg<\/strong>. Encara avui dia existeixen prejudicis o idees equivocades sobre anar al psic\u00f2leg, pot semblar que est\u00e0 bastant normalitzat: \u201cFulanito va al psic\u00f2leg, no passa res!\u201d. Per\u00f2 quan es tracta d&#8217;un mateix, se&#8217;ns segueix disparant la frase citada a dalt.<\/div>\n<div><\/div>\n<h2><big>\u201cNo s\u00e9 qu\u00e8 fer amb aquest tema o com portar-ho\u201d<\/big><\/h2>\n<div>A la meva consulta ve gent molt sana per motius molt puntuals que necessiten comentar-los amb <strong>alg\u00fa objectiu i especialitzat en el coneixement de les relacions familiars i personals<\/strong>, sobre el proc\u00e9s de presa de decisions, entre uns altres. Temes com rebre assessorament sobre com gestionar alguna relaci\u00f3 familiar o d&#8217;amistat, \u00a0decidir alguna cosa important, trobar una soluci\u00f3 per a una situaci\u00f3 molt concreta o com portar un proc\u00e9s de dol.<\/div>\n<div>Sovint, tractar aquests temes porta poques sessions de ter\u00e0pia (entre 4 i 10), encara que de vegades hi ha persones que despr\u00e9s de solucionar aix\u00f2, decideixen que volen mirar-se una mica m\u00e9s i treballar altres aspectes personals.<\/div>\n<div><\/div>\n<h2><big>\u201cQu\u00e8 em passa? No ho entenc\u201d<\/big><\/h2>\n<div>Altres vegades, els motius pels quals gent sana decideix venir a la meva consulta, estan relacionats amb un <strong>canvi en la seva etapa vital al que no s&#8217;estan adaptant tan b\u00e9 com desitjarien<\/strong>. En ocasions la persona ho identifica, en unes altres no i tan sols sent un malestar o li apareix algun s\u00edmptoma que no ent\u00e9n: <strong>ansietat, desmotivaci\u00f3, fatiga, \u00a0f\u00f2bies, obsessions i, fins i tot, s\u00edmptomes f\u00edsics amb un possible origen psicol\u00f2gic<\/strong>. Els psic\u00f2legs especialitzats en psicoter\u00e0pia som experts a orientar a les persones perqu\u00e8 s&#8217;adaptin als canvis del seu cicle vital, en coher\u00e8ncia amb els seus principis, els seus valors i els seus desitjos.<\/div>\n<div><\/div>\n<h2><big>\u201cPer qu\u00e8 nassos sempre em passa el mateix??!\u201d<\/big><\/h2>\n<div>Tamb\u00e9 arriben persones que han advertit que en la seva hist\u00f2ria es van <strong>repetint certs patrons amb parelles, amb amics, amb companys de treball<\/strong>, etc. que els resulten problem\u00e0tics i no entenen per qu\u00e8 reviuen la mateixa hist\u00f2ria vagin on vagin i amb qui vagin. En aquest cas, el <strong>psic\u00f2leg expert en psicoter\u00e0pia pot ajudar-li a identificar el nexe com\u00fa<\/strong> i modificar-ho en la seva justa mesura, per la qual la persona pugui portar una vida m\u00e9s tranquil\u00b7la i en coher\u00e8ncia amb els seus valors.<\/div>\n<div><\/div>\n<h2><big>\u00c9s necessari tenir un diagn\u00f2stic per fer ter\u00e0pia?<\/big><\/h2>\n<div>Existeix una classificaci\u00f3 dels trastorns psicol\u00f2gics amb la qual treballem psic\u00f2legs i psiquiatres per entendre&#8217;ns entre nosaltres, no obstant aix\u00f2, <strong>no \u00e9s necessari complir el diagn\u00f2stic d&#8217;un trastorn psicol\u00f2gic per anar a un psic\u00f2leg<\/strong>, amb trobar-se en una de les situacions descrites anteriorment ja \u00e9s suficient per demanar assessorament psicol\u00f2gic.<\/div>\n<div><\/div>\n<div>Si no acabes de tenir clar que rebre assessorament psicol\u00f2gic sigui el que necessites en el teu cas, demana&#8217;ns una visita informativa gratu\u00efta i t&#8217;orientarem sobre aix\u00f2.<\/div>\n<div><\/div>\n<div style=\"text-align: right;\"><strong><em>N\u00faria Tarifa Garcia<\/em><\/strong><\/div>\n<div style=\"text-align: right;\"><strong><em>Psic\u00f2loga especialista en Psicoter\u00e0pia<\/em><\/strong><\/div>\n<div style=\"text-align: right;\"><strong><em>Col\u00b7legiada n\u00ba18273<\/em><\/strong><\/div>\n","protected":false},"excerpt":{"rendered":"<p>Quan s&#8217;ha d&#8217;anar al psic\u00f2leg? A mi m&#8217;aniria b\u00e9 anar-hi?<\/p>\n","protected":false},"author":2,"featured_media":4834,"comment_status":"open","ping_status":"open","sticky":false,"template":"","format":"standard","meta":{"_acf_changed":false,"_exactmetrics_skip_tracking":false,"_exactmetrics_sitenote_active":false,"_exactmetrics_sitenote_note":"","_exactmetrics_sitenote_category":0,"footnotes":""},"categories":[776],"tags":[406,906,306,438,1541,905],"class_list":["post-1249","post","type-post","status-publish","format-standard","has-post-thumbnail","hentry","category-adults","tag-creixement-personal","tag-per-que-serveix-anar-al-psicoleg","tag-psicoleg","tag-psicoterapia","tag-quan-anar-a-terapia","tag-quan-anar-al-psicoleg"],"acf":[],"yoast_head":"<!-- This site is optimized with the Yoast SEO plugin v27.4 - https:\/\/yoast.com\/product\/yoast-seo-wordpress\/ -->\n<title>Quan \u00e9s necessari anar al psic\u00f2leg? La gent sana tamb\u00e9 va al psic\u00f2leg.<\/title>\n<meta name=\"description\" content=\"Anar al psic\u00f2leg no \u00e9s un sin\u00f2nim de tenir un trastorn mental. T&#039;expliquem en quines situacions \u00e9s aconsellable consultar un psic\u00f2leg especialista.\" \/>\n<meta name=\"robots\" content=\"index, follow, max-snippet:-1, max-image-preview:large, max-video-preview:-1\" \/>\n<link rel=\"canonical\" href=\"https:\/\/www.centregrat.com\/ca\/quan-anar-al-psicoleg-terapia\/\" \/>\n<meta property=\"og:locale\" content=\"ca_ES\" \/>\n<meta property=\"og:type\" content=\"article\" \/>\n<meta property=\"og:title\" content=\"Quan \u00e9s necessari anar al psic\u00f2leg? La gent sana tamb\u00e9 va al psic\u00f2leg.\" \/>\n<meta property=\"og:description\" content=\"Anar al psic\u00f2leg no \u00e9s un sin\u00f2nim de tenir un trastorn mental. T&#039;expliquem en quines situacions \u00e9s aconsellable consultar un psic\u00f2leg especialista.\" \/>\n<meta property=\"og:url\" content=\"https:\/\/www.centregrat.com\/ca\/quan-anar-al-psicoleg-terapia\/\" \/>\n<meta property=\"og:site_name\" content=\"Centre GRAT | Centre de psicologia a Barcelona\" \/>\n<meta property=\"article:published_time\" content=\"2016-06-14T17:23:01+00:00\" \/>\n<meta property=\"article:modified_time\" content=\"2025-09-30T09:01:17+00:00\" \/>\n<meta property=\"og:image\" content=\"https:\/\/www.centregrat.com\/wp-content\/uploads\/2016\/06\/quan-anar-al-psic\u00f2leg-ter\u00e0pia-e1521622585640.jpg\" \/>\n\t<meta property=\"og:image:width\" content=\"1100\" \/>\n\t<meta property=\"og:image:height\" content=\"600\" \/>\n\t<meta property=\"og:image:type\" content=\"image\/jpeg\" \/>\n<meta name=\"author\" content=\"Centre Grat\" \/>\n<meta name=\"twitter:card\" content=\"summary_large_image\" \/>\n<meta name=\"twitter:label1\" content=\"Escrit per\" \/>\n\t<meta name=\"twitter:data1\" content=\"Centre Grat\" \/>\n\t<meta name=\"twitter:label2\" content=\"Temps estimat de lectura\" \/>\n\t<meta name=\"twitter:data2\" content=\"3 minuts\" \/>\n<script type=\"application\/ld+json\" class=\"yoast-schema-graph\">{\"@context\":\"https:\\\/\\\/schema.org\",\"@graph\":[{\"@type\":\"Article\",\"@id\":\"https:\\\/\\\/www.centregrat.com\\\/ca\\\/quan-anar-al-psicoleg-terapia\\\/#article\",\"isPartOf\":{\"@id\":\"https:\\\/\\\/www.centregrat.com\\\/ca\\\/quan-anar-al-psicoleg-terapia\\\/\"},\"author\":{\"name\":\"Centre Grat\",\"@id\":\"https:\\\/\\\/www.centregrat.com\\\/ca\\\/#\\\/schema\\\/person\\\/b2b01a7ecc622fa9a0a36e1370ecba97\"},\"headline\":\"QUAN ANAR AL PSIC\u00d2LEG? LA GENT SANA TAMB\u00c9 VA AL PSIC\u00d2LEG\",\"datePublished\":\"2016-06-14T17:23:01+00:00\",\"dateModified\":\"2025-09-30T09:01:17+00:00\",\"mainEntityOfPage\":{\"@id\":\"https:\\\/\\\/www.centregrat.com\\\/ca\\\/quan-anar-al-psicoleg-terapia\\\/\"},\"wordCount\":612,\"commentCount\":6,\"publisher\":{\"@id\":\"https:\\\/\\\/www.centregrat.com\\\/ca\\\/#organization\"},\"image\":{\"@id\":\"https:\\\/\\\/www.centregrat.com\\\/ca\\\/quan-anar-al-psicoleg-terapia\\\/#primaryimage\"},\"thumbnailUrl\":\"https:\\\/\\\/www.centregrat.com\\\/wp-content\\\/uploads\\\/2016\\\/06\\\/quan-anar-al-psic\u00f2leg-ter\u00e0pia-e1521622585640.jpg\",\"keywords\":[\"creixement personal\",\"per qu\u00e8 serveix anar al psic\u00f2leg\",\"psic\u00f2leg\",\"psicoter\u00e0pia\",\"quan anar a terapia\",\"quan anar al psic\u00f2leg\"],\"articleSection\":[\"Adults\"],\"inLanguage\":\"ca\",\"potentialAction\":[{\"@type\":\"CommentAction\",\"name\":\"Comment\",\"target\":[\"https:\\\/\\\/www.centregrat.com\\\/ca\\\/quan-anar-al-psicoleg-terapia\\\/#respond\"]}]},{\"@type\":\"WebPage\",\"@id\":\"https:\\\/\\\/www.centregrat.com\\\/ca\\\/quan-anar-al-psicoleg-terapia\\\/\",\"url\":\"https:\\\/\\\/www.centregrat.com\\\/ca\\\/quan-anar-al-psicoleg-terapia\\\/\",\"name\":\"Quan \u00e9s necessari anar al psic\u00f2leg? La gent sana tamb\u00e9 va al psic\u00f2leg.\",\"isPartOf\":{\"@id\":\"https:\\\/\\\/www.centregrat.com\\\/ca\\\/#website\"},\"primaryImageOfPage\":{\"@id\":\"https:\\\/\\\/www.centregrat.com\\\/ca\\\/quan-anar-al-psicoleg-terapia\\\/#primaryimage\"},\"image\":{\"@id\":\"https:\\\/\\\/www.centregrat.com\\\/ca\\\/quan-anar-al-psicoleg-terapia\\\/#primaryimage\"},\"thumbnailUrl\":\"https:\\\/\\\/www.centregrat.com\\\/wp-content\\\/uploads\\\/2016\\\/06\\\/quan-anar-al-psic\u00f2leg-ter\u00e0pia-e1521622585640.jpg\",\"datePublished\":\"2016-06-14T17:23:01+00:00\",\"dateModified\":\"2025-09-30T09:01:17+00:00\",\"description\":\"Anar al psic\u00f2leg no \u00e9s un sin\u00f2nim de tenir un trastorn mental. T'expliquem en quines situacions \u00e9s aconsellable consultar un psic\u00f2leg especialista.\",\"breadcrumb\":{\"@id\":\"https:\\\/\\\/www.centregrat.com\\\/ca\\\/quan-anar-al-psicoleg-terapia\\\/#breadcrumb\"},\"inLanguage\":\"ca\",\"potentialAction\":[{\"@type\":\"ReadAction\",\"target\":[\"https:\\\/\\\/www.centregrat.com\\\/ca\\\/quan-anar-al-psicoleg-terapia\\\/\"]}]},{\"@type\":\"ImageObject\",\"inLanguage\":\"ca\",\"@id\":\"https:\\\/\\\/www.centregrat.com\\\/ca\\\/quan-anar-al-psicoleg-terapia\\\/#primaryimage\",\"url\":\"https:\\\/\\\/www.centregrat.com\\\/wp-content\\\/uploads\\\/2016\\\/06\\\/quan-anar-al-psic\u00f2leg-ter\u00e0pia-e1521622585640.jpg\",\"contentUrl\":\"https:\\\/\\\/www.centregrat.com\\\/wp-content\\\/uploads\\\/2016\\\/06\\\/quan-anar-al-psic\u00f2leg-ter\u00e0pia-e1521622585640.jpg\",\"width\":1100,\"height\":600,\"caption\":\"quan-anar-al-psic\u00f2leg-ter\u00e0pia\"},{\"@type\":\"BreadcrumbList\",\"@id\":\"https:\\\/\\\/www.centregrat.com\\\/ca\\\/quan-anar-al-psicoleg-terapia\\\/#breadcrumb\",\"itemListElement\":[{\"@type\":\"ListItem\",\"position\":1,\"name\":\"Portada\",\"item\":\"https:\\\/\\\/www.centregrat.com\\\/ca\\\/\"},{\"@type\":\"ListItem\",\"position\":2,\"name\":\"QUAN ANAR AL PSIC\u00d2LEG? LA GENT SANA TAMB\u00c9 VA AL PSIC\u00d2LEG\"}]},{\"@type\":\"WebSite\",\"@id\":\"https:\\\/\\\/www.centregrat.com\\\/ca\\\/#website\",\"url\":\"https:\\\/\\\/www.centregrat.com\\\/ca\\\/\",\"name\":\"Centre GRAT | Centre de psicologia a Barcelona\",\"description\":\"Millora la teva qualitat de vida. Et donem les eines necess\u00e0ries perqu\u00e8 aconsegueixis portar una vida satisfact\u00f2ria. Coneix el nostre centre de psicologia a Barcelona\",\"publisher\":{\"@id\":\"https:\\\/\\\/www.centregrat.com\\\/ca\\\/#organization\"},\"potentialAction\":[{\"@type\":\"SearchAction\",\"target\":{\"@type\":\"EntryPoint\",\"urlTemplate\":\"https:\\\/\\\/www.centregrat.com\\\/ca\\\/?s={search_term_string}\"},\"query-input\":{\"@type\":\"PropertyValueSpecification\",\"valueRequired\":true,\"valueName\":\"search_term_string\"}}],\"inLanguage\":\"ca\"},{\"@type\":\"Organization\",\"@id\":\"https:\\\/\\\/www.centregrat.com\\\/ca\\\/#organization\",\"name\":\"Centre GRAT\",\"url\":\"https:\\\/\\\/www.centregrat.com\\\/ca\\\/\",\"logo\":{\"@type\":\"ImageObject\",\"inLanguage\":\"ca\",\"@id\":\"https:\\\/\\\/www.centregrat.com\\\/ca\\\/#\\\/schema\\\/logo\\\/image\\\/\",\"url\":\"https:\\\/\\\/www.centregrat.com\\\/wp-content\\\/uploads\\\/2017\\\/03\\\/logo-grat-90-psicologia-educacio.png\",\"contentUrl\":\"https:\\\/\\\/www.centregrat.com\\\/wp-content\\\/uploads\\\/2017\\\/03\\\/logo-grat-90-psicologia-educacio.png\",\"width\":90,\"height\":90,\"caption\":\"Centre GRAT\"},\"image\":{\"@id\":\"https:\\\/\\\/www.centregrat.com\\\/ca\\\/#\\\/schema\\\/logo\\\/image\\\/\"}},{\"@type\":\"Person\",\"@id\":\"https:\\\/\\\/www.centregrat.com\\\/ca\\\/#\\\/schema\\\/person\\\/b2b01a7ecc622fa9a0a36e1370ecba97\",\"name\":\"Centre Grat\",\"image\":{\"@type\":\"ImageObject\",\"inLanguage\":\"ca\",\"@id\":\"https:\\\/\\\/secure.gravatar.com\\\/avatar\\\/7f86715d0984a8778cd2c958ac0676b28b1e18efbc7ac85723e5a2e4a9a4191f?s=96&d=mm&r=g\",\"url\":\"https:\\\/\\\/secure.gravatar.com\\\/avatar\\\/7f86715d0984a8778cd2c958ac0676b28b1e18efbc7ac85723e5a2e4a9a4191f?s=96&d=mm&r=g\",\"contentUrl\":\"https:\\\/\\\/secure.gravatar.com\\\/avatar\\\/7f86715d0984a8778cd2c958ac0676b28b1e18efbc7ac85723e5a2e4a9a4191f?s=96&d=mm&r=g\",\"caption\":\"Centre Grat\"}}]}<\/script>\n<!-- \/ Yoast SEO plugin. -->","yoast_head_json":{"title":"Quan \u00e9s necessari anar al psic\u00f2leg? La gent sana tamb\u00e9 va al psic\u00f2leg.","description":"Anar al psic\u00f2leg no \u00e9s un sin\u00f2nim de tenir un trastorn mental. T'expliquem en quines situacions \u00e9s aconsellable consultar un psic\u00f2leg especialista.","robots":{"index":"index","follow":"follow","max-snippet":"max-snippet:-1","max-image-preview":"max-image-preview:large","max-video-preview":"max-video-preview:-1"},"canonical":"https:\/\/www.centregrat.com\/ca\/quan-anar-al-psicoleg-terapia\/","og_locale":"ca_ES","og_type":"article","og_title":"Quan \u00e9s necessari anar al psic\u00f2leg? La gent sana tamb\u00e9 va al psic\u00f2leg.","og_description":"Anar al psic\u00f2leg no \u00e9s un sin\u00f2nim de tenir un trastorn mental. T'expliquem en quines situacions \u00e9s aconsellable consultar un psic\u00f2leg especialista.","og_url":"https:\/\/www.centregrat.com\/ca\/quan-anar-al-psicoleg-terapia\/","og_site_name":"Centre GRAT | Centre de psicologia a Barcelona","article_published_time":"2016-06-14T17:23:01+00:00","article_modified_time":"2025-09-30T09:01:17+00:00","og_image":[{"width":1100,"height":600,"url":"https:\/\/www.centregrat.com\/wp-content\/uploads\/2016\/06\/quan-anar-al-psic\u00f2leg-ter\u00e0pia-e1521622585640.jpg","type":"image\/jpeg"}],"author":"Centre Grat","twitter_card":"summary_large_image","twitter_misc":{"Escrit per":"Centre Grat","Temps estimat de lectura":"3 minuts"},"schema":{"@context":"https:\/\/schema.org","@graph":[{"@type":"Article","@id":"https:\/\/www.centregrat.com\/ca\/quan-anar-al-psicoleg-terapia\/#article","isPartOf":{"@id":"https:\/\/www.centregrat.com\/ca\/quan-anar-al-psicoleg-terapia\/"},"author":{"name":"Centre Grat","@id":"https:\/\/www.centregrat.com\/ca\/#\/schema\/person\/b2b01a7ecc622fa9a0a36e1370ecba97"},"headline":"QUAN ANAR AL PSIC\u00d2LEG? LA GENT SANA TAMB\u00c9 VA AL PSIC\u00d2LEG","datePublished":"2016-06-14T17:23:01+00:00","dateModified":"2025-09-30T09:01:17+00:00","mainEntityOfPage":{"@id":"https:\/\/www.centregrat.com\/ca\/quan-anar-al-psicoleg-terapia\/"},"wordCount":612,"commentCount":6,"publisher":{"@id":"https:\/\/www.centregrat.com\/ca\/#organization"},"image":{"@id":"https:\/\/www.centregrat.com\/ca\/quan-anar-al-psicoleg-terapia\/#primaryimage"},"thumbnailUrl":"https:\/\/www.centregrat.com\/wp-content\/uploads\/2016\/06\/quan-anar-al-psic\u00f2leg-ter\u00e0pia-e1521622585640.jpg","keywords":["creixement personal","per qu\u00e8 serveix anar al psic\u00f2leg","psic\u00f2leg","psicoter\u00e0pia","quan anar a terapia","quan anar al psic\u00f2leg"],"articleSection":["Adults"],"inLanguage":"ca","potentialAction":[{"@type":"CommentAction","name":"Comment","target":["https:\/\/www.centregrat.com\/ca\/quan-anar-al-psicoleg-terapia\/#respond"]}]},{"@type":"WebPage","@id":"https:\/\/www.centregrat.com\/ca\/quan-anar-al-psicoleg-terapia\/","url":"https:\/\/www.centregrat.com\/ca\/quan-anar-al-psicoleg-terapia\/","name":"Quan \u00e9s necessari anar al psic\u00f2leg? La gent sana tamb\u00e9 va al psic\u00f2leg.","isPartOf":{"@id":"https:\/\/www.centregrat.com\/ca\/#website"},"primaryImageOfPage":{"@id":"https:\/\/www.centregrat.com\/ca\/quan-anar-al-psicoleg-terapia\/#primaryimage"},"image":{"@id":"https:\/\/www.centregrat.com\/ca\/quan-anar-al-psicoleg-terapia\/#primaryimage"},"thumbnailUrl":"https:\/\/www.centregrat.com\/wp-content\/uploads\/2016\/06\/quan-anar-al-psic\u00f2leg-ter\u00e0pia-e1521622585640.jpg","datePublished":"2016-06-14T17:23:01+00:00","dateModified":"2025-09-30T09:01:17+00:00","description":"Anar al psic\u00f2leg no \u00e9s un sin\u00f2nim de tenir un trastorn mental. T'expliquem en quines situacions \u00e9s aconsellable consultar un psic\u00f2leg especialista.","breadcrumb":{"@id":"https:\/\/www.centregrat.com\/ca\/quan-anar-al-psicoleg-terapia\/#breadcrumb"},"inLanguage":"ca","potentialAction":[{"@type":"ReadAction","target":["https:\/\/www.centregrat.com\/ca\/quan-anar-al-psicoleg-terapia\/"]}]},{"@type":"ImageObject","inLanguage":"ca","@id":"https:\/\/www.centregrat.com\/ca\/quan-anar-al-psicoleg-terapia\/#primaryimage","url":"https:\/\/www.centregrat.com\/wp-content\/uploads\/2016\/06\/quan-anar-al-psic\u00f2leg-ter\u00e0pia-e1521622585640.jpg","contentUrl":"https:\/\/www.centregrat.com\/wp-content\/uploads\/2016\/06\/quan-anar-al-psic\u00f2leg-ter\u00e0pia-e1521622585640.jpg","width":1100,"height":600,"caption":"quan-anar-al-psic\u00f2leg-ter\u00e0pia"},{"@type":"BreadcrumbList","@id":"https:\/\/www.centregrat.com\/ca\/quan-anar-al-psicoleg-terapia\/#breadcrumb","itemListElement":[{"@type":"ListItem","position":1,"name":"Portada","item":"https:\/\/www.centregrat.com\/ca\/"},{"@type":"ListItem","position":2,"name":"QUAN ANAR AL PSIC\u00d2LEG? LA GENT SANA TAMB\u00c9 VA AL PSIC\u00d2LEG"}]},{"@type":"WebSite","@id":"https:\/\/www.centregrat.com\/ca\/#website","url":"https:\/\/www.centregrat.com\/ca\/","name":"Centre GRAT | Centre de psicologia a Barcelona","description":"Millora la teva qualitat de vida. Et donem les eines necess\u00e0ries perqu\u00e8 aconsegueixis portar una vida satisfact\u00f2ria. Coneix el nostre centre de psicologia a Barcelona","publisher":{"@id":"https:\/\/www.centregrat.com\/ca\/#organization"},"potentialAction":[{"@type":"SearchAction","target":{"@type":"EntryPoint","urlTemplate":"https:\/\/www.centregrat.com\/ca\/?s={search_term_string}"},"query-input":{"@type":"PropertyValueSpecification","valueRequired":true,"valueName":"search_term_string"}}],"inLanguage":"ca"},{"@type":"Organization","@id":"https:\/\/www.centregrat.com\/ca\/#organization","name":"Centre GRAT","url":"https:\/\/www.centregrat.com\/ca\/","logo":{"@type":"ImageObject","inLanguage":"ca","@id":"https:\/\/www.centregrat.com\/ca\/#\/schema\/logo\/image\/","url":"https:\/\/www.centregrat.com\/wp-content\/uploads\/2017\/03\/logo-grat-90-psicologia-educacio.png","contentUrl":"https:\/\/www.centregrat.com\/wp-content\/uploads\/2017\/03\/logo-grat-90-psicologia-educacio.png","width":90,"height":90,"caption":"Centre GRAT"},"image":{"@id":"https:\/\/www.centregrat.com\/ca\/#\/schema\/logo\/image\/"}},{"@type":"Person","@id":"https:\/\/www.centregrat.com\/ca\/#\/schema\/person\/b2b01a7ecc622fa9a0a36e1370ecba97","name":"Centre Grat","image":{"@type":"ImageObject","inLanguage":"ca","@id":"https:\/\/secure.gravatar.com\/avatar\/7f86715d0984a8778cd2c958ac0676b28b1e18efbc7ac85723e5a2e4a9a4191f?s=96&d=mm&r=g","url":"https:\/\/secure.gravatar.com\/avatar\/7f86715d0984a8778cd2c958ac0676b28b1e18efbc7ac85723e5a2e4a9a4191f?s=96&d=mm&r=g","contentUrl":"https:\/\/secure.gravatar.com\/avatar\/7f86715d0984a8778cd2c958ac0676b28b1e18efbc7ac85723e5a2e4a9a4191f?s=96&d=mm&r=g","caption":"Centre Grat"}}]}},"_links":{"self":[{"href":"https:\/\/www.centregrat.com\/ca\/wp-json\/wp\/v2\/posts\/1249","targetHints":{"allow":["GET"]}}],"collection":[{"href":"https:\/\/www.centregrat.com\/ca\/wp-json\/wp\/v2\/posts"}],"about":[{"href":"https:\/\/www.centregrat.com\/ca\/wp-json\/wp\/v2\/types\/post"}],"author":[{"embeddable":true,"href":"https:\/\/www.centregrat.com\/ca\/wp-json\/wp\/v2\/users\/2"}],"replies":[{"embeddable":true,"href":"https:\/\/www.centregrat.com\/ca\/wp-json\/wp\/v2\/comments?post=1249"}],"version-history":[{"count":4,"href":"https:\/\/www.centregrat.com\/ca\/wp-json\/wp\/v2\/posts\/1249\/revisions"}],"predecessor-version":[{"id":21049,"href":"https:\/\/www.centregrat.com\/ca\/wp-json\/wp\/v2\/posts\/1249\/revisions\/21049"}],"wp:featuredmedia":[{"embeddable":true,"href":"https:\/\/www.centregrat.com\/ca\/wp-json\/wp\/v2\/media\/4834"}],"wp:attachment":[{"href":"https:\/\/www.centregrat.com\/ca\/wp-json\/wp\/v2\/media?parent=1249"}],"wp:term":[{"taxonomy":"category","embeddable":true,"href":"https:\/\/www.centregrat.com\/ca\/wp-json\/wp\/v2\/categories?post=1249"},{"taxonomy":"post_tag","embeddable":true,"href":"https:\/\/www.centregrat.com\/ca\/wp-json\/wp\/v2\/tags?post=1249"}],"curies":[{"name":"wp","href":"https:\/\/api.w.org\/{rel}","templated":true}]}}