{"id":1262,"date":"2019-06-01T11:55:37","date_gmt":"2019-06-01T11:55:37","guid":{"rendered":"https:\/\/www.centregrat.com\/2016\/10\/17\/grups-dhabilitats-socials-per-nens-i-nenes-a-barcelona\/"},"modified":"2025-09-30T09:01:11","modified_gmt":"2025-09-30T09:01:11","slug":"grups-dhabilitats-socials-per-nens-i-nenes-a-barcelona","status":"publish","type":"post","link":"https:\/\/www.centregrat.com\/ca\/grups-dhabilitats-socials-per-nens-i-nenes-a-barcelona\/","title":{"rendered":"EL MEU FILL NO ES RELACIONA AMB ELS ALTRES NENS: QU\u00c8 PUC FER?"},"content":{"rendered":"<h2>El meu fill no es relaciona<\/h2>\n<p>Quan els nostres fills\/es tenen <strong>problemes per relacionar-se amb altres nens i nenes<\/strong> els pares i mares ens preguntem qu\u00e8 podem fer per ajudar-los. Sovint ens adonem dels problemes alhora de relacionar-se perqu\u00e8 l&#8217;escola ens avisa, perqu\u00e8 quan anem al parc veiem que li costa jugar amb altres nenes o nenes o perqu\u00e8 s&#8217;ailla. Tamb\u00e9 pot ser que molesti a altres nens, que faci el pallaso a classe o que veiem que no connecta amb els nens i nens de la seva edat.<\/p>\n<p>Quan \u00a0en general, tant sigui per infants o adults, parlem de problemes per relacionar-nos \u00e9s <strong>perqu\u00e8 les habilitats socials que estem posant en marxa estan fallant o no s\u00f3n suficients.<\/strong> La bona not\u00edcia \u00e9s que les habilitats socials es poden entrenar!<img loading=\"lazy\" decoding=\"async\" class=\"size-medium wp-image-9873 alignright\" src=\"https:\/\/www.centregrat.com\/wp-content\/uploads\/2016\/10\/grupos-habilidades-sociales-ni\u00f1os-barcelona-300x200.jpg\" alt=\"grupos-habilidades-sociales-ni\u00f1os-barcelona\" width=\"300\" height=\"200\" srcset=\"https:\/\/www.centregrat.com\/wp-content\/uploads\/2016\/10\/grupos-habilidades-sociales-ni\u00f1os-barcelona-300x200.jpg 300w, https:\/\/www.centregrat.com\/wp-content\/uploads\/2016\/10\/grupos-habilidades-sociales-ni\u00f1os-barcelona-768x511.jpg 768w, https:\/\/www.centregrat.com\/wp-content\/uploads\/2016\/10\/grupos-habilidades-sociales-ni\u00f1os-barcelona-1024x682.jpg 1024w, https:\/\/www.centregrat.com\/wp-content\/uploads\/2016\/10\/grupos-habilidades-sociales-ni\u00f1os-barcelona-700x466.jpg 700w, https:\/\/www.centregrat.com\/wp-content\/uploads\/2016\/10\/grupos-habilidades-sociales-ni\u00f1os-barcelona.jpg 1920w\" sizes=\"auto, (max-width: 300px) 100vw, 300px\" \/><\/p>\n<h2>Treballar les habilitats socials<\/h2>\n<div style=\"text-align: justify;\">\n<p>Una de les opcions que t\u00e9 m\u00e9s \u00e8xit \u00e9s poder <strong>treballar les habilitats socials en grup.<\/strong> El relacionar-nos \u00e9s un aprenentatge i a vegades \u00e9s important donar una ajuda a aquests nenes i nens que presenten dificultats perqu\u00e8 <strong>tinguin m\u00e9s eines alhora de relacionar-se.<\/strong><\/p>\n<p>L&#8217;objectiu dels\u00a0<b>grup d\u2019habilitats socials \u00e9s<\/b>\u00a0ajudar als nens i nenes que tenen dificultats a l\u2019hora de relacionar-se amb els seus companys a que aprenguin a relacionar-se de manera efica\u00e7.<\/p>\n<p>\u00c9s important que com a nens i nenes <b>puguin gaudir d&#8217;una relaci\u00f3 sana amb els seus companys\/es. <\/b>A m\u00e9s de poder\u00a0tenir una inf\u00e0ncia m\u00e9s feli\u00e7, es tracta de <strong>prevenir dificultats de relaci\u00f3 en etapes de la vida posteriors.<\/strong> En el futur, si aquests problemes de relaci\u00f3 s&#8217;han treballat podran ser uns adolescents i uns adults amb unes relacions personals sanes i satisfact\u00f2ries.<\/p>\n<\/div>\n<h2>Com es treballen les habilitats socials amb nens?<\/h2>\n<p>Les <strong>habilitats socials es treballen en sessions de grup dirigides per un psic\u00f2leg especialista<\/strong>. En aquestes sessions a trav\u00e9s del joc el psic\u00f2leg proposa din\u00e0miques i activitats per treballar aquells aspectes que veu necessaris que cada membre del grup treballi.<\/p>\n<p><img loading=\"lazy\" decoding=\"async\" class=\"size-medium wp-image-9875 alignleft\" src=\"https:\/\/www.centregrat.com\/wp-content\/uploads\/2016\/10\/grupos-habilidades-sociales-ni\u00f1os-barcelona1-300x228.png\" alt=\"grupos-habilidades-sociales-ni\u00f1os-barcelona\" width=\"300\" height=\"228\" srcset=\"https:\/\/www.centregrat.com\/wp-content\/uploads\/2016\/10\/grupos-habilidades-sociales-ni\u00f1os-barcelona1-300x228.png 300w, https:\/\/www.centregrat.com\/wp-content\/uploads\/2016\/10\/grupos-habilidades-sociales-ni\u00f1os-barcelona1-768x584.png 768w, https:\/\/www.centregrat.com\/wp-content\/uploads\/2016\/10\/grupos-habilidades-sociales-ni\u00f1os-barcelona1-1024x779.png 1024w, https:\/\/www.centregrat.com\/wp-content\/uploads\/2016\/10\/grupos-habilidades-sociales-ni\u00f1os-barcelona1-500x380.png 500w, https:\/\/www.centregrat.com\/wp-content\/uploads\/2016\/10\/grupos-habilidades-sociales-ni\u00f1os-barcelona1-700x533.png 700w, https:\/\/www.centregrat.com\/wp-content\/uploads\/2016\/10\/grupos-habilidades-sociales-ni\u00f1os-barcelona1.png 1280w\" sizes=\"auto, (max-width: 300px) 100vw, 300px\" \/>Posteriorment perqu\u00e8 els pares i mares puguin tenir un retorn del que s&#8217;est\u00e0 treballant i entendre qu\u00e8 necessita el seu fill, el psic\u00f2leg fa una sessi\u00f3 amb els pares.<\/p>\n<h3>Treball en equip<\/h3>\n<p><strong>Es tracta de treballar en equip.<\/strong> El grup d&#8217;habilitats socials, els pares i tamb\u00e9 l&#8217;escola, tots a una! Per aquesta ra\u00f3, quan el grup es fa durant el curs escolar, el psic\u00f2leg far\u00e0 coordinacions amb l&#8217;escola.<\/p>\n<p>\u00c9s important per poder ser adults sans, amb una autoestima forta, que les nostres primeres relacions siguin sanes. \u00c9s per aix\u00f2, <strong>que treballar les habilitats socials durant la infantesa \u00e9s prevenci\u00f3 de possibles dificultats en el futur!<\/strong><\/p>\n<p>Si despr\u00e9s de llegir aquest article creus que el teu fill o filla necessita treballar les seves habilitats socials, et convidem a que ens facis arribar els teus dubtes. Estarem encantats de poder-te respondre!<\/p>\n<p style=\"text-align: right;\"><strong>Mar\u00eda Mart\u00edn Santacreu<\/strong><\/p>\n<p style=\"text-align: right;\"><strong>Psic\u00f2loga \/ Terapeuta familiar<\/strong><\/p>\n<p style=\"text-align: right;\"><strong>Col. n\u00fam 15745.<\/strong><\/p>\n<h2>T&#8217;ha interessat el nostre article? Potser t&#8217;interessa tamb\u00e9:<\/h2>\n<div>\n<ul>\n<li><a href=\"https:\/\/www.centregrat.com\/xarxes-socials-adolescencia\/\">Xarxes socials, un aparador fals pels adolescents.<\/a><\/li>\n<li><a href=\"https:\/\/www.centregrat.com\/com-influeix-com-parlem-als-fills-a-la-seva-autoestima\/\">Com influeix com parlem en l&#8217;autoestima dels nostres fills?<\/a><\/li>\n<li><a href=\"https:\/\/www.centregrat.com\/faltes-respecte-adolescents\/\">Per qu\u00e8 alguns adolescents falten el respecte als pares?<\/a><\/li>\n<li><a href=\"https:\/\/www.centregrat.com\/socors-ladolescencia-sha-colat-a-casa-i-no-lhavia-convidat\/\">Socors! L&#8217;adolesc\u00e8ncia s&#8217;ha colat a casa i no l&#8217;havia convidat.<\/a><\/li>\n<li><a href=\"https:\/\/www.centregrat.com\/per-que-el-meu-fill-no-aprova\/\">Per qu\u00e8 no aprova el meu fill \/ a?<\/a><\/li>\n<li><a href=\"https:\/\/www.centregrat.com\/blog\/joguines-per-desenvolupar-capacitats\">Joquines per desenvolupar capacitats.<\/a><\/li>\n<li><a href=\"https:\/\/www.centregrat.com\/com-millorar-lautoestima-del-teu-fill-8-consells-i-3-tasques-per-aconseguir-ho\/\">Com millorar l&#8217;autoestima del meu fill? 8 consells i 3 tasques per aconseguir-ho.<\/a><\/li>\n<li><a href=\"https:\/\/www.centregrat.com\/sexualitzacio-infancia-nenes-model\/\">La sexualitzaci\u00f3 de la inf\u00e0ncia: les nenes model.<\/a><\/li>\n<li><a href=\"https:\/\/www.centregrat.com\/trastorn-de-conducta-adolescencia\/\">El meu fill adolescent no em respecta, t\u00e9 un trastorn de conducta?<\/a><\/li>\n<li><a href=\"https:\/\/www.centregrat.com\/quina-es-la-millor-forma-de-gestionar-les-rabietes\/\">Quina \u00e9s la millor forma de gestionar les rabietes?<\/a><\/li>\n<li><a href=\"https:\/\/www.centregrat.com\/actividatst-creatives-nens-confinament-cuarentena-coronavirus\/\">Activitats creatives en fam\u00edlia.<\/a><\/li>\n<\/ul>\n<\/div>\n<h2 style=\"text-align: center;\">Vols fer-nos una consulta?<\/h2>\n<p style=\"text-align: center;\"><a href=\"https:\/\/www.centregrat.com\/\">Contacta amb nosaltres!<\/a><\/p>\n<p>&nbsp;<\/p>\n<p>&nbsp;<\/p>\n<p style=\"text-align: center;\">\n","protected":false},"excerpt":{"rendered":"<p>Grups d&#8217;habilitats socials per nens i nenes a Barcelona<\/p>\n","protected":false},"author":2,"featured_media":3314,"comment_status":"open","ping_status":"open","sticky":false,"template":"","format":"standard","meta":{"_acf_changed":false,"_exactmetrics_skip_tracking":false,"_exactmetrics_sitenote_active":false,"_exactmetrics_sitenote_note":"","_exactmetrics_sitenote_category":0,"footnotes":""},"categories":[1545],"tags":[446,1251,323,1511],"class_list":["post-1262","post","type-post","status-publish","format-standard","has-post-thumbnail","hentry","category-infantil-2","tag-autoestima-infantil","tag-grups-habilitats-socials-per-a-nens","tag-habilitats-socials","tag-habilitats-socials-nens"],"acf":[],"yoast_head":"<!-- This site is optimized with the Yoast SEO plugin v27.4 - https:\/\/yoast.com\/product\/yoast-seo-wordpress\/ -->\n<title>EL MEU FILL NO ES RELACIONA AMB ELS ALTRES NENS: QU\u00c8 PUC FER? -<\/title>\n<meta name=\"description\" content=\"Quan els nostres fills\/es tenen problemes per relacionar-se ens preguntem qu\u00e8 podem fer per ajudar-los. Coneixes els grups d&#039;habilitats socials?\" \/>\n<meta name=\"robots\" content=\"index, follow, max-snippet:-1, max-image-preview:large, max-video-preview:-1\" \/>\n<link rel=\"canonical\" href=\"https:\/\/www.centregrat.com\/ca\/grups-dhabilitats-socials-per-nens-i-nenes-a-barcelona\/\" \/>\n<meta property=\"og:locale\" content=\"ca_ES\" \/>\n<meta property=\"og:type\" content=\"article\" \/>\n<meta property=\"og:title\" content=\"EL MEU FILL NO ES RELACIONA AMB ELS ALTRES NENS: QU\u00c8 PUC FER? -\" \/>\n<meta property=\"og:description\" content=\"Quan els nostres fills\/es tenen problemes per relacionar-se ens preguntem qu\u00e8 podem fer per ajudar-los. Coneixes els grups d&#039;habilitats socials?\" \/>\n<meta property=\"og:url\" content=\"https:\/\/www.centregrat.com\/ca\/grups-dhabilitats-socials-per-nens-i-nenes-a-barcelona\/\" \/>\n<meta property=\"og:site_name\" content=\"Centre GRAT | Centre de psicologia a Barcelona\" \/>\n<meta property=\"article:published_time\" content=\"2019-06-01T11:55:37+00:00\" \/>\n<meta property=\"article:modified_time\" content=\"2025-09-30T09:01:11+00:00\" \/>\n<meta property=\"og:image\" content=\"https:\/\/www.centregrat.com\/wp-content\/uploads\/2017\/06\/grups-habilitats-socials-nens-adolescents.jpg\" \/>\n\t<meta property=\"og:image:width\" content=\"1100\" \/>\n\t<meta property=\"og:image:height\" content=\"600\" \/>\n\t<meta property=\"og:image:type\" content=\"image\/jpeg\" \/>\n<meta name=\"author\" content=\"Centre Grat\" \/>\n<meta name=\"twitter:card\" content=\"summary_large_image\" \/>\n<meta name=\"twitter:label1\" content=\"Escrit per\" \/>\n\t<meta name=\"twitter:data1\" content=\"Centre Grat\" \/>\n\t<meta name=\"twitter:label2\" content=\"Temps estimat de lectura\" \/>\n\t<meta name=\"twitter:data2\" content=\"3 minuts\" \/>\n<script type=\"application\/ld+json\" class=\"yoast-schema-graph\">{\"@context\":\"https:\\\/\\\/schema.org\",\"@graph\":[{\"@type\":\"Article\",\"@id\":\"https:\\\/\\\/www.centregrat.com\\\/ca\\\/grups-dhabilitats-socials-per-nens-i-nenes-a-barcelona\\\/#article\",\"isPartOf\":{\"@id\":\"https:\\\/\\\/www.centregrat.com\\\/ca\\\/grups-dhabilitats-socials-per-nens-i-nenes-a-barcelona\\\/\"},\"author\":{\"name\":\"Centre Grat\",\"@id\":\"https:\\\/\\\/www.centregrat.com\\\/ca\\\/#\\\/schema\\\/person\\\/b2b01a7ecc622fa9a0a36e1370ecba97\"},\"headline\":\"EL MEU FILL NO ES RELACIONA AMB ELS ALTRES NENS: QU\u00c8 PUC FER?\",\"datePublished\":\"2019-06-01T11:55:37+00:00\",\"dateModified\":\"2025-09-30T09:01:11+00:00\",\"mainEntityOfPage\":{\"@id\":\"https:\\\/\\\/www.centregrat.com\\\/ca\\\/grups-dhabilitats-socials-per-nens-i-nenes-a-barcelona\\\/\"},\"wordCount\":613,\"commentCount\":2,\"publisher\":{\"@id\":\"https:\\\/\\\/www.centregrat.com\\\/ca\\\/#organization\"},\"image\":{\"@id\":\"https:\\\/\\\/www.centregrat.com\\\/ca\\\/grups-dhabilitats-socials-per-nens-i-nenes-a-barcelona\\\/#primaryimage\"},\"thumbnailUrl\":\"https:\\\/\\\/www.centregrat.com\\\/wp-content\\\/uploads\\\/2017\\\/06\\\/grups-habilitats-socials-nens-adolescents.jpg\",\"keywords\":[\"autoestima infantil\",\"grups habilitats socials per a nens\",\"habilitats socials\",\"habilitats socials nens\"],\"articleSection\":[\"Infantil\"],\"inLanguage\":\"ca\",\"potentialAction\":[{\"@type\":\"CommentAction\",\"name\":\"Comment\",\"target\":[\"https:\\\/\\\/www.centregrat.com\\\/ca\\\/grups-dhabilitats-socials-per-nens-i-nenes-a-barcelona\\\/#respond\"]}]},{\"@type\":\"WebPage\",\"@id\":\"https:\\\/\\\/www.centregrat.com\\\/ca\\\/grups-dhabilitats-socials-per-nens-i-nenes-a-barcelona\\\/\",\"url\":\"https:\\\/\\\/www.centregrat.com\\\/ca\\\/grups-dhabilitats-socials-per-nens-i-nenes-a-barcelona\\\/\",\"name\":\"EL MEU FILL NO ES RELACIONA AMB ELS ALTRES NENS: QU\u00c8 PUC FER? -\",\"isPartOf\":{\"@id\":\"https:\\\/\\\/www.centregrat.com\\\/ca\\\/#website\"},\"primaryImageOfPage\":{\"@id\":\"https:\\\/\\\/www.centregrat.com\\\/ca\\\/grups-dhabilitats-socials-per-nens-i-nenes-a-barcelona\\\/#primaryimage\"},\"image\":{\"@id\":\"https:\\\/\\\/www.centregrat.com\\\/ca\\\/grups-dhabilitats-socials-per-nens-i-nenes-a-barcelona\\\/#primaryimage\"},\"thumbnailUrl\":\"https:\\\/\\\/www.centregrat.com\\\/wp-content\\\/uploads\\\/2017\\\/06\\\/grups-habilitats-socials-nens-adolescents.jpg\",\"datePublished\":\"2019-06-01T11:55:37+00:00\",\"dateModified\":\"2025-09-30T09:01:11+00:00\",\"description\":\"Quan els nostres fills\\\/es tenen problemes per relacionar-se ens preguntem qu\u00e8 podem fer per ajudar-los. Coneixes els grups d'habilitats socials?\",\"breadcrumb\":{\"@id\":\"https:\\\/\\\/www.centregrat.com\\\/ca\\\/grups-dhabilitats-socials-per-nens-i-nenes-a-barcelona\\\/#breadcrumb\"},\"inLanguage\":\"ca\",\"potentialAction\":[{\"@type\":\"ReadAction\",\"target\":[\"https:\\\/\\\/www.centregrat.com\\\/ca\\\/grups-dhabilitats-socials-per-nens-i-nenes-a-barcelona\\\/\"]}]},{\"@type\":\"ImageObject\",\"inLanguage\":\"ca\",\"@id\":\"https:\\\/\\\/www.centregrat.com\\\/ca\\\/grups-dhabilitats-socials-per-nens-i-nenes-a-barcelona\\\/#primaryimage\",\"url\":\"https:\\\/\\\/www.centregrat.com\\\/wp-content\\\/uploads\\\/2017\\\/06\\\/grups-habilitats-socials-nens-adolescents.jpg\",\"contentUrl\":\"https:\\\/\\\/www.centregrat.com\\\/wp-content\\\/uploads\\\/2017\\\/06\\\/grups-habilitats-socials-nens-adolescents.jpg\",\"width\":1100,\"height\":600},{\"@type\":\"BreadcrumbList\",\"@id\":\"https:\\\/\\\/www.centregrat.com\\\/ca\\\/grups-dhabilitats-socials-per-nens-i-nenes-a-barcelona\\\/#breadcrumb\",\"itemListElement\":[{\"@type\":\"ListItem\",\"position\":1,\"name\":\"Portada\",\"item\":\"https:\\\/\\\/www.centregrat.com\\\/ca\\\/\"},{\"@type\":\"ListItem\",\"position\":2,\"name\":\"EL MEU FILL NO ES RELACIONA AMB ELS ALTRES NENS: QU\u00c8 PUC FER?\"}]},{\"@type\":\"WebSite\",\"@id\":\"https:\\\/\\\/www.centregrat.com\\\/ca\\\/#website\",\"url\":\"https:\\\/\\\/www.centregrat.com\\\/ca\\\/\",\"name\":\"Centre GRAT | Centre de psicologia a Barcelona\",\"description\":\"Millora la teva qualitat de vida. Et donem les eines necess\u00e0ries perqu\u00e8 aconsegueixis portar una vida satisfact\u00f2ria. Coneix el nostre centre de psicologia a Barcelona\",\"publisher\":{\"@id\":\"https:\\\/\\\/www.centregrat.com\\\/ca\\\/#organization\"},\"potentialAction\":[{\"@type\":\"SearchAction\",\"target\":{\"@type\":\"EntryPoint\",\"urlTemplate\":\"https:\\\/\\\/www.centregrat.com\\\/ca\\\/?s={search_term_string}\"},\"query-input\":{\"@type\":\"PropertyValueSpecification\",\"valueRequired\":true,\"valueName\":\"search_term_string\"}}],\"inLanguage\":\"ca\"},{\"@type\":\"Organization\",\"@id\":\"https:\\\/\\\/www.centregrat.com\\\/ca\\\/#organization\",\"name\":\"Centre GRAT\",\"url\":\"https:\\\/\\\/www.centregrat.com\\\/ca\\\/\",\"logo\":{\"@type\":\"ImageObject\",\"inLanguage\":\"ca\",\"@id\":\"https:\\\/\\\/www.centregrat.com\\\/ca\\\/#\\\/schema\\\/logo\\\/image\\\/\",\"url\":\"https:\\\/\\\/www.centregrat.com\\\/wp-content\\\/uploads\\\/2017\\\/03\\\/logo-grat-90-psicologia-educacio.png\",\"contentUrl\":\"https:\\\/\\\/www.centregrat.com\\\/wp-content\\\/uploads\\\/2017\\\/03\\\/logo-grat-90-psicologia-educacio.png\",\"width\":90,\"height\":90,\"caption\":\"Centre GRAT\"},\"image\":{\"@id\":\"https:\\\/\\\/www.centregrat.com\\\/ca\\\/#\\\/schema\\\/logo\\\/image\\\/\"}},{\"@type\":\"Person\",\"@id\":\"https:\\\/\\\/www.centregrat.com\\\/ca\\\/#\\\/schema\\\/person\\\/b2b01a7ecc622fa9a0a36e1370ecba97\",\"name\":\"Centre Grat\",\"image\":{\"@type\":\"ImageObject\",\"inLanguage\":\"ca\",\"@id\":\"https:\\\/\\\/secure.gravatar.com\\\/avatar\\\/7f86715d0984a8778cd2c958ac0676b28b1e18efbc7ac85723e5a2e4a9a4191f?s=96&d=mm&r=g\",\"url\":\"https:\\\/\\\/secure.gravatar.com\\\/avatar\\\/7f86715d0984a8778cd2c958ac0676b28b1e18efbc7ac85723e5a2e4a9a4191f?s=96&d=mm&r=g\",\"contentUrl\":\"https:\\\/\\\/secure.gravatar.com\\\/avatar\\\/7f86715d0984a8778cd2c958ac0676b28b1e18efbc7ac85723e5a2e4a9a4191f?s=96&d=mm&r=g\",\"caption\":\"Centre Grat\"}}]}<\/script>\n<!-- \/ Yoast SEO plugin. -->","yoast_head_json":{"title":"EL MEU FILL NO ES RELACIONA AMB ELS ALTRES NENS: QU\u00c8 PUC FER? -","description":"Quan els nostres fills\/es tenen problemes per relacionar-se ens preguntem qu\u00e8 podem fer per ajudar-los. Coneixes els grups d'habilitats socials?","robots":{"index":"index","follow":"follow","max-snippet":"max-snippet:-1","max-image-preview":"max-image-preview:large","max-video-preview":"max-video-preview:-1"},"canonical":"https:\/\/www.centregrat.com\/ca\/grups-dhabilitats-socials-per-nens-i-nenes-a-barcelona\/","og_locale":"ca_ES","og_type":"article","og_title":"EL MEU FILL NO ES RELACIONA AMB ELS ALTRES NENS: QU\u00c8 PUC FER? -","og_description":"Quan els nostres fills\/es tenen problemes per relacionar-se ens preguntem qu\u00e8 podem fer per ajudar-los. Coneixes els grups d'habilitats socials?","og_url":"https:\/\/www.centregrat.com\/ca\/grups-dhabilitats-socials-per-nens-i-nenes-a-barcelona\/","og_site_name":"Centre GRAT | Centre de psicologia a Barcelona","article_published_time":"2019-06-01T11:55:37+00:00","article_modified_time":"2025-09-30T09:01:11+00:00","og_image":[{"width":1100,"height":600,"url":"https:\/\/www.centregrat.com\/wp-content\/uploads\/2017\/06\/grups-habilitats-socials-nens-adolescents.jpg","type":"image\/jpeg"}],"author":"Centre Grat","twitter_card":"summary_large_image","twitter_misc":{"Escrit per":"Centre Grat","Temps estimat de lectura":"3 minuts"},"schema":{"@context":"https:\/\/schema.org","@graph":[{"@type":"Article","@id":"https:\/\/www.centregrat.com\/ca\/grups-dhabilitats-socials-per-nens-i-nenes-a-barcelona\/#article","isPartOf":{"@id":"https:\/\/www.centregrat.com\/ca\/grups-dhabilitats-socials-per-nens-i-nenes-a-barcelona\/"},"author":{"name":"Centre Grat","@id":"https:\/\/www.centregrat.com\/ca\/#\/schema\/person\/b2b01a7ecc622fa9a0a36e1370ecba97"},"headline":"EL MEU FILL NO ES RELACIONA AMB ELS ALTRES NENS: QU\u00c8 PUC FER?","datePublished":"2019-06-01T11:55:37+00:00","dateModified":"2025-09-30T09:01:11+00:00","mainEntityOfPage":{"@id":"https:\/\/www.centregrat.com\/ca\/grups-dhabilitats-socials-per-nens-i-nenes-a-barcelona\/"},"wordCount":613,"commentCount":2,"publisher":{"@id":"https:\/\/www.centregrat.com\/ca\/#organization"},"image":{"@id":"https:\/\/www.centregrat.com\/ca\/grups-dhabilitats-socials-per-nens-i-nenes-a-barcelona\/#primaryimage"},"thumbnailUrl":"https:\/\/www.centregrat.com\/wp-content\/uploads\/2017\/06\/grups-habilitats-socials-nens-adolescents.jpg","keywords":["autoestima infantil","grups habilitats socials per a nens","habilitats socials","habilitats socials nens"],"articleSection":["Infantil"],"inLanguage":"ca","potentialAction":[{"@type":"CommentAction","name":"Comment","target":["https:\/\/www.centregrat.com\/ca\/grups-dhabilitats-socials-per-nens-i-nenes-a-barcelona\/#respond"]}]},{"@type":"WebPage","@id":"https:\/\/www.centregrat.com\/ca\/grups-dhabilitats-socials-per-nens-i-nenes-a-barcelona\/","url":"https:\/\/www.centregrat.com\/ca\/grups-dhabilitats-socials-per-nens-i-nenes-a-barcelona\/","name":"EL MEU FILL NO ES RELACIONA AMB ELS ALTRES NENS: QU\u00c8 PUC FER? -","isPartOf":{"@id":"https:\/\/www.centregrat.com\/ca\/#website"},"primaryImageOfPage":{"@id":"https:\/\/www.centregrat.com\/ca\/grups-dhabilitats-socials-per-nens-i-nenes-a-barcelona\/#primaryimage"},"image":{"@id":"https:\/\/www.centregrat.com\/ca\/grups-dhabilitats-socials-per-nens-i-nenes-a-barcelona\/#primaryimage"},"thumbnailUrl":"https:\/\/www.centregrat.com\/wp-content\/uploads\/2017\/06\/grups-habilitats-socials-nens-adolescents.jpg","datePublished":"2019-06-01T11:55:37+00:00","dateModified":"2025-09-30T09:01:11+00:00","description":"Quan els nostres fills\/es tenen problemes per relacionar-se ens preguntem qu\u00e8 podem fer per ajudar-los. Coneixes els grups d'habilitats socials?","breadcrumb":{"@id":"https:\/\/www.centregrat.com\/ca\/grups-dhabilitats-socials-per-nens-i-nenes-a-barcelona\/#breadcrumb"},"inLanguage":"ca","potentialAction":[{"@type":"ReadAction","target":["https:\/\/www.centregrat.com\/ca\/grups-dhabilitats-socials-per-nens-i-nenes-a-barcelona\/"]}]},{"@type":"ImageObject","inLanguage":"ca","@id":"https:\/\/www.centregrat.com\/ca\/grups-dhabilitats-socials-per-nens-i-nenes-a-barcelona\/#primaryimage","url":"https:\/\/www.centregrat.com\/wp-content\/uploads\/2017\/06\/grups-habilitats-socials-nens-adolescents.jpg","contentUrl":"https:\/\/www.centregrat.com\/wp-content\/uploads\/2017\/06\/grups-habilitats-socials-nens-adolescents.jpg","width":1100,"height":600},{"@type":"BreadcrumbList","@id":"https:\/\/www.centregrat.com\/ca\/grups-dhabilitats-socials-per-nens-i-nenes-a-barcelona\/#breadcrumb","itemListElement":[{"@type":"ListItem","position":1,"name":"Portada","item":"https:\/\/www.centregrat.com\/ca\/"},{"@type":"ListItem","position":2,"name":"EL MEU FILL NO ES RELACIONA AMB ELS ALTRES NENS: QU\u00c8 PUC FER?"}]},{"@type":"WebSite","@id":"https:\/\/www.centregrat.com\/ca\/#website","url":"https:\/\/www.centregrat.com\/ca\/","name":"Centre GRAT | Centre de psicologia a Barcelona","description":"Millora la teva qualitat de vida. Et donem les eines necess\u00e0ries perqu\u00e8 aconsegueixis portar una vida satisfact\u00f2ria. Coneix el nostre centre de psicologia a Barcelona","publisher":{"@id":"https:\/\/www.centregrat.com\/ca\/#organization"},"potentialAction":[{"@type":"SearchAction","target":{"@type":"EntryPoint","urlTemplate":"https:\/\/www.centregrat.com\/ca\/?s={search_term_string}"},"query-input":{"@type":"PropertyValueSpecification","valueRequired":true,"valueName":"search_term_string"}}],"inLanguage":"ca"},{"@type":"Organization","@id":"https:\/\/www.centregrat.com\/ca\/#organization","name":"Centre GRAT","url":"https:\/\/www.centregrat.com\/ca\/","logo":{"@type":"ImageObject","inLanguage":"ca","@id":"https:\/\/www.centregrat.com\/ca\/#\/schema\/logo\/image\/","url":"https:\/\/www.centregrat.com\/wp-content\/uploads\/2017\/03\/logo-grat-90-psicologia-educacio.png","contentUrl":"https:\/\/www.centregrat.com\/wp-content\/uploads\/2017\/03\/logo-grat-90-psicologia-educacio.png","width":90,"height":90,"caption":"Centre GRAT"},"image":{"@id":"https:\/\/www.centregrat.com\/ca\/#\/schema\/logo\/image\/"}},{"@type":"Person","@id":"https:\/\/www.centregrat.com\/ca\/#\/schema\/person\/b2b01a7ecc622fa9a0a36e1370ecba97","name":"Centre Grat","image":{"@type":"ImageObject","inLanguage":"ca","@id":"https:\/\/secure.gravatar.com\/avatar\/7f86715d0984a8778cd2c958ac0676b28b1e18efbc7ac85723e5a2e4a9a4191f?s=96&d=mm&r=g","url":"https:\/\/secure.gravatar.com\/avatar\/7f86715d0984a8778cd2c958ac0676b28b1e18efbc7ac85723e5a2e4a9a4191f?s=96&d=mm&r=g","contentUrl":"https:\/\/secure.gravatar.com\/avatar\/7f86715d0984a8778cd2c958ac0676b28b1e18efbc7ac85723e5a2e4a9a4191f?s=96&d=mm&r=g","caption":"Centre Grat"}}]}},"_links":{"self":[{"href":"https:\/\/www.centregrat.com\/ca\/wp-json\/wp\/v2\/posts\/1262","targetHints":{"allow":["GET"]}}],"collection":[{"href":"https:\/\/www.centregrat.com\/ca\/wp-json\/wp\/v2\/posts"}],"about":[{"href":"https:\/\/www.centregrat.com\/ca\/wp-json\/wp\/v2\/types\/post"}],"author":[{"embeddable":true,"href":"https:\/\/www.centregrat.com\/ca\/wp-json\/wp\/v2\/users\/2"}],"replies":[{"embeddable":true,"href":"https:\/\/www.centregrat.com\/ca\/wp-json\/wp\/v2\/comments?post=1262"}],"version-history":[{"count":9,"href":"https:\/\/www.centregrat.com\/ca\/wp-json\/wp\/v2\/posts\/1262\/revisions"}],"predecessor-version":[{"id":21004,"href":"https:\/\/www.centregrat.com\/ca\/wp-json\/wp\/v2\/posts\/1262\/revisions\/21004"}],"wp:featuredmedia":[{"embeddable":true,"href":"https:\/\/www.centregrat.com\/ca\/wp-json\/wp\/v2\/media\/3314"}],"wp:attachment":[{"href":"https:\/\/www.centregrat.com\/ca\/wp-json\/wp\/v2\/media?parent=1262"}],"wp:term":[{"taxonomy":"category","embeddable":true,"href":"https:\/\/www.centregrat.com\/ca\/wp-json\/wp\/v2\/categories?post=1262"},{"taxonomy":"post_tag","embeddable":true,"href":"https:\/\/www.centregrat.com\/ca\/wp-json\/wp\/v2\/tags?post=1262"}],"curies":[{"name":"wp","href":"https:\/\/api.w.org\/{rel}","templated":true}]}}