{"id":1300,"date":"2017-03-06T11:54:28","date_gmt":"2017-03-06T11:54:28","guid":{"rendered":"https:\/\/www.centregrat.com\/2017\/03\/06\/el-meu-fill-adolescent-no-em-respecta-te-un-trastorn-de-conducta\/"},"modified":"2025-09-30T09:01:15","modified_gmt":"2025-09-30T09:01:15","slug":"trastorn-de-conducta-adolescencia","status":"publish","type":"post","link":"https:\/\/www.centregrat.com\/ca\/trastorn-de-conducta-adolescencia\/","title":{"rendered":"EL MEU FILL ADOLESCENT NO EM RESPECTA, T\u00c9 UN TRASTORN DE CONDUCTA?"},"content":{"rendered":"<p>Us ajudem a diferenciar la rebel\u00b7lia normal de l&#8217;adolesc\u00e8ncia d&#8217;un problema m\u00e9s greu com un trastorn de conducta.<\/p>\n<div>\n<div>\n<h2 style=\"text-align: justify;\"><strong><span style=\"font-size: 16px;\">&#8220;El meu fill no em respecta&#8221;<\/span><\/strong><\/h2>\n<div style=\"text-align: justify;\"><span style=\"font-size: 16px;\">La frase que d\u00f3na t\u00edtol a aquesta entrada \u00e9s un dels inicis de sessi\u00f3 comunes en la consulta dels psic\u00f2legs\/as que atenem a fam\u00edlies i <strong>adolescents<\/strong>. Els pares acudeixen davant de la impot\u00e8ncia que senten en veure que <strong>els seus fills no els fan cas i sentir que han perdut l&#8217;autoritat davant d&#8217;ells<\/strong>. <\/span><\/div>\n<div><\/div>\n<div style=\"text-align: justify;\"><span style=\"font-size: 16px;\">Les dificultats que relaten varien en funci\u00f3 de la gravetat, per\u00f2 van des de <strong>saltar-se les normes<\/strong> que els pares posen fins a l<strong>&#8216;oposici\u00f3 de forma violenta<\/strong> cap a ells (viol\u00e8ncia filio-parental), passant per <strong>escapades sense avisar, absentisme, consum de porros,<\/strong> etc. A aquest conjunt de manifestacions se&#8217;ls ha denominat en els \u00faltims anys<strong> trastorns de conducta<\/strong>. Per\u00f2, qu\u00e8 s\u00f3n realment els <strong>trastorns de conducta<\/strong>?<\/span><\/div>\n<h2 style=\"text-align: justify;\"><strong><span style=\"font-size: 16px;\">Qu\u00e8 significa realment el trastorn de conducta?<\/span><\/strong><\/h2>\n<div style=\"text-align: justify;\"><span style=\"font-size: 16px;\"><a href=\"https:\/\/www.centregrat.com\/trastorn-de-conducta-adolescencia\/attachment-trastorno-de-conducta-adolescente-jpg\/\" rel=\"attachment wp-att-1298\"><img loading=\"lazy\" decoding=\"async\" class=\"size-medium wp-image-1298 alignright\" src=\"https:\/\/www.centregrat.com\/wp-content\/uploads\/2017\/03\/trastorno-de-conducta-adolescente-300x200.jpg\" alt=\"trastorno de conducta adolescente\" width=\"300\" height=\"200\" srcset=\"https:\/\/www.centregrat.com\/wp-content\/uploads\/2017\/03\/trastorno-de-conducta-adolescente-300x200.jpg 300w, https:\/\/www.centregrat.com\/wp-content\/uploads\/2017\/03\/trastorno-de-conducta-adolescente-610x406.jpg 610w, https:\/\/www.centregrat.com\/wp-content\/uploads\/2017\/03\/trastorno-de-conducta-adolescente.jpg 640w\" sizes=\"auto, (max-width: 300px) 100vw, 300px\" \/><\/a>Fins fa poc aquesta denominaci\u00f3 no era un diagn\u00f2stic cl\u00ednic que es pogu\u00e9s trobar en un manual de psicopatolog\u00eda, per\u00f2 l&#8217;\u00faltima versi\u00f3 d&#8217;un dels manuals m\u00e9s utilitzats en psiquiatria i psicologia (DSM-V) ho ha incl\u00f2s com a tal, despr\u00e9s d&#8217;anys de la seva utilitzaci\u00f3 sense que es pogu\u00e9s diagnosticar. Per\u00f2 m\u00e9s enll\u00e0 de l&#8217;aspecte del diagn\u00f2stic cl\u00ednic, el que ens interessa explicar \u00e9s qu\u00e8 volem dir quan parlem de <strong>trastorns de la conducta<\/strong>.<\/span><\/div>\n<div><\/div>\n<div style=\"text-align: justify;\"><span style=\"font-size: 16px;\">Quan es diu que existeix un <strong>trastorn de conducta<\/strong> s&#8217;est\u00e0 parlant de persones (en la seva majoria de casos nois\/as adolescents) que <strong>de forma repetida tenen comportaments que suposen una ruptura amb les normes socials establertes<\/strong>. Per tant, una de les caracter\u00edstiques principals \u00e9s que el noi\/a realitza actes observables on trenca amb el que se suposa que hauria de fer. Existeix un component d&#8217;oposici\u00f3 a all\u00f2 que s&#8217;esperaria d&#8217;ells des de l&#8217;entorn familiar o escolar, com per exemple, <strong>deixar de costat els estudis, no presentar-se a casa a l&#8217;hora pactada, prendre drogues, robar, etc.<\/strong><\/span><\/div>\n<div><\/div>\n<div style=\"text-align: justify;\"><span style=\"font-size: 16px;\">Els <strong>trastorns de conducta s\u00f3n clarament visibles<\/strong>, no queden amagats com altres s\u00edmptomes m\u00e9s dif\u00edcils de detectar com l&#8217;ansietat o depressi\u00f3 infantil. Des d&#8217;aquest punt de vista, els pares a partir d&#8217;observar als seus fills poden detectar que alguna cosa est\u00e0 passant. La q\u00fcesti\u00f3 seria, com saber que aquests comportaments s\u00f3n de gravetat i necessiten atenci\u00f3 especialitzada i no els t\u00edpics de l&#8217;edat?<\/span><\/div>\n<h2 style=\"text-align: justify;\"><strong><span style=\"font-size: 16px;\">El meu fill \u00e9s rebel, t\u00e9 un trastorn de conducta?<\/span><\/strong><\/h2>\n<ul>\n<li style=\"text-align: justify;\"><span style=\"font-size: 16px;\">En primer lloc, hem de diferenciar el<strong> trastorn de conducta<\/strong> de la rebel\u00b7lia. La <strong>rebel\u00b7lia pot ser normal com a proc\u00e9s per diferenciar-se dels pares i descobrir la pr\u00f2pia identitat<\/strong>, per\u00f2 no implica un aband\u00f3 d&#8217;altres camps, com els estudis o el consum de drogues.<\/span><\/li>\n<li style=\"text-align: justify;\"><span style=\"font-size: 16px;\">En segon lloc,<strong> no es tracta d&#8217;un comportament a\u00efllat<\/strong>, sin\u00f3 repetitiu i constant en el temps. Per exemple, faltar a classe i anar-se amb els amics al parc de forma puntual, no suposaria pensar que un xaval\/a t\u00e9 un trastorn de conducta, per\u00f2 si aix\u00f2 succeeix de forma repetitiva i al costat d&#8217;altres comportaments relacionats amb saltar-se les normes, els pares poden comen\u00e7ar a sospitar.<\/span><\/li>\n<li style=\"text-align: justify;\"><span style=\"font-size: 16px;\">En tercer lloc, existeix un factor com\u00fa en gaireb\u00e9 tots els casos: que l&#8217;increment de l&#8217;agressivitat verbal i\/o f\u00edsica, la qual es pot manifestar dins i fora de la fam\u00edlia. Aquesta agressivitat pot ser cap a objectes o cap a les persones, la qual cosa pot desembocar en casos de viol\u00e8ncia f\u00edsica de fills a pares (viol\u00e8ncia filio-parental) en els casos m\u00e9s extrems.<\/span><\/li>\n<\/ul>\n<div style=\"text-align: justify;\"><span style=\"font-size: 16px;\"><a href=\"https:\/\/www.centregrat.com\/faltes-respecte-adolescents\/adolescentes-faltas-respecto-trastorno-conducta3-2\/\" rel=\"attachment wp-att-8256\"><img loading=\"lazy\" decoding=\"async\" class=\"size-medium wp-image-8256 alignleft\" src=\"https:\/\/www.centregrat.com\/wp-content\/uploads\/2017\/10\/adolescentes-faltas-respecto-trastorno-conducta3-300x200.jpg\" alt=\"adolescentes-faltas-respecto-trastorno-conducta\" width=\"300\" height=\"200\" srcset=\"https:\/\/www.centregrat.com\/wp-content\/uploads\/2017\/10\/adolescentes-faltas-respecto-trastorno-conducta3-300x200.jpg 300w, https:\/\/www.centregrat.com\/wp-content\/uploads\/2017\/10\/adolescentes-faltas-respecto-trastorno-conducta3-768x512.jpg 768w, https:\/\/www.centregrat.com\/wp-content\/uploads\/2017\/10\/adolescentes-faltas-respecto-trastorno-conducta3-1024x683.jpg 1024w, https:\/\/www.centregrat.com\/wp-content\/uploads\/2017\/10\/adolescentes-faltas-respecto-trastorno-conducta3-700x467.jpg 700w, https:\/\/www.centregrat.com\/wp-content\/uploads\/2017\/10\/adolescentes-faltas-respecto-trastorno-conducta3.jpg 1920w\" sizes=\"auto, (max-width: 300px) 100vw, 300px\" \/><\/a>\u200b\u00c9s a dir, l&#8217;important per identificar que alguna cosa est\u00e0 passant \u00e9s que <strong>l&#8217;adolescent manifesta canvis en diferents terrenys i aix\u00f2 succeeix de forma cont\u00ednua en el temps<\/strong>: falta a classe, es mostra m\u00e9s agressiu, s&#8217;escapoleix de casa, hi ha indicis que consumeix drogues, etc.<\/span><\/div>\n<div style=\"text-align: justify;\"><\/div>\n<div style=\"text-align: justify;\"><span style=\"font-size: 16px;\">Despr\u00e9s d&#8217;aquests aclariments molts pares\/mares us preguntareu: Qu\u00e8 hi ha darrere d&#8217;aquestes dificultats? Com s&#8217;originen? Es poden resoldre? Quin tipus de tractament seria el m\u00e9s adequat? Resoldrem aquests dubtes en un proper article on aprofundirem sobre qu\u00e8 hi ha darrere i com resoldre-ho. Mentre podeu consultar el tipus de tractament que seguim en Centre GRAT amb adolescents clicant <a href=\"https:\/\/www.centregrat.com\/psicoterapia\/ter%C3%A0pia-psicol%C3%B2gica-adolescents-i-families-a-barcelona\">AQU\u00cd.\u00a0<\/a><\/span><\/div>\n<p style=\"font-size: 13.008px; text-align: center;\">\n<\/div>\n<div><\/div>\n<\/div>\n<div><\/div>\n<div><\/div>\n<div style=\"text-align: right;\"><span style=\"font-size: 16px;\"><strong><em>Mar\u00eda Mart\u00edn Santacreu<\/em><\/strong><\/span><\/div>\n<div style=\"text-align: right;\"><span style=\"font-size: 16px;\"><strong><em>Col. 15745<\/em><\/strong><\/span><\/div>\n<div style=\"text-align: right;\"><span style=\"font-size: 16px;\"><strong><em>Psic\u00f2loga\/Psicoterapeuta familiar i de parella<\/em><\/strong><\/span><\/div>\n<div style=\"text-align: right;\"><\/div>\n<div style=\"text-align: right;\"><span style=\"font-size: 16px;\"><strong><em>Amalia Gord\u00f3vil Merino<\/em><\/strong><\/span><\/div>\n<div style=\"text-align: right;\"><span style=\"font-size: 16px;\"><strong><em>Col. 20177<\/em><\/strong><\/span><\/div>\n<div style=\"text-align: right;\"><span style=\"font-size: 16px;\"><strong><em>Psic\u00f2loga Infanto-Juvenil\/Psicoterapeuta familiar<\/em><\/strong><\/span><\/div>\n<div style=\"text-align: right;\"><\/div>\n<div style=\"text-align: justify;\">\n<div style=\"font-size: 13.008px;\">\n<h2>T&#8217;ha interessat el nostre article? Potser t&#8217;interessa tamb\u00e9:<\/h2>\n<div>\n<ul>\n<li><a href=\"https:\/\/www.centregrat.com\/xarxes-socials-adolescencia\/\">Xarxes socials, un aparador fals pels adolescents.<\/a><\/li>\n<li><a href=\"https:\/\/www.centregrat.com\/com-influeix-com-parlem-als-fills-a-la-seva-autoestima\/\">Com influeix com parlem en l&#8217;autoestima dels nostres fills?<\/a><\/li>\n<li><a href=\"https:\/\/www.centregrat.com\/faltes-respecte-adolescents\/\">Per qu\u00e8 alguns adolescents falten el respecte als pares?<\/a><\/li>\n<li><a href=\"https:\/\/www.centregrat.com\/socors-ladolescencia-sha-colat-a-casa-i-no-lhavia-convidat\/\">Socors! L&#8217;adolesc\u00e8ncia s&#8217;ha colat a casa i no l&#8217;havia convidat.<\/a><\/li>\n<li><a href=\"https:\/\/www.centregrat.com\/per-que-el-meu-fill-no-aprova\/\">Per qu\u00e8 no aprova el meu fill \/ a?<\/a><\/li>\n<li><a href=\"https:\/\/www.centregrat.com\/blog\/joguines-per-desenvolupar-capacitats\">Joquines per desenvolupar capacitats.<\/a><\/li>\n<li><a href=\"https:\/\/www.centregrat.com\/com-millorar-lautoestima-del-teu-fill-8-consells-i-3-tasques-per-aconseguir-ho\/\">Com millorar l&#8217;autoestima del meu fill? 8 consells i 3 tasques per aconseguir-ho.<\/a><\/li>\n<li><a href=\"https:\/\/www.centregrat.com\/sexualitzacio-infancia-nenes-model\/\">La sexualitzaci\u00f3 de la inf\u00e0ncia: les nenes model.<\/a><\/li>\n<li><a href=\"https:\/\/www.centregrat.com\/trastorn-de-conducta-adolescencia\/\">El meu fill adolescent no em respecta, t\u00e9 un trastorn de conducta?<\/a><\/li>\n<li><a href=\"https:\/\/www.centregrat.com\/quina-es-la-millor-forma-de-gestionar-les-rabietes\/\">Quina \u00e9s la millor forma de gestionar les rabietes?<\/a><\/li>\n<li><a href=\"https:\/\/www.centregrat.com\/es\/mi-hijo-no-se-relaciona-que-puedo-hacer\/\">El meu fill no es relaciona, qu\u00e8 puc fer?<\/a><\/li>\n<\/ul>\n<\/div>\n<\/div>\n<\/div>\n","protected":false},"excerpt":{"rendered":"<p>Us ajudem a diferenciar la rebel\u00b7lia normal de l&#8217;adolesc\u00e8ncia d&#8217;un problema m\u00e9s greu com un trastorn de conducta.<\/p>\n","protected":false},"author":2,"featured_media":2028,"comment_status":"open","ping_status":"open","sticky":false,"template":"","format":"standard","meta":{"_acf_changed":false,"_exactmetrics_skip_tracking":false,"_exactmetrics_sitenote_active":false,"_exactmetrics_sitenote_note":"","_exactmetrics_sitenote_category":0,"footnotes":""},"categories":[1544],"tags":[553,557,583,581,1518,582],"class_list":["post-1300","post","type-post","status-publish","format-standard","has-post-thumbnail","hentry","category-adolescents","tag-adolescencia","tag-adolescent","tag-rebel","tag-trastorn-de-conducta","tag-trastorn-de-conducta-adolescencia","tag-trastorns-de-la-conducta"],"acf":[],"yoast_head":"<!-- This site is optimized with the Yoast SEO plugin v27.4 - https:\/\/yoast.com\/product\/yoast-seo-wordpress\/ -->\n<title>EL MEU FILL ADOLESCENT NO EM RESPECTA, T\u00c9 UN TRASTORN DE CONDUCTA? - Centre GRAT | Centre de psicologia a Barcelona<\/title>\n<meta name=\"description\" content=\"Com diferenciar un trastorn de la conducta de ser rebel durant l&#039;adolesc\u00e8ncia? Us donem les claus de m\u00e0 de dues expertes.\" \/>\n<meta name=\"robots\" content=\"index, follow, max-snippet:-1, max-image-preview:large, max-video-preview:-1\" \/>\n<link rel=\"canonical\" href=\"https:\/\/www.centregrat.com\/ca\/trastorn-de-conducta-adolescencia\/\" \/>\n<meta property=\"og:locale\" content=\"ca_ES\" \/>\n<meta property=\"og:type\" content=\"article\" \/>\n<meta property=\"og:title\" content=\"EL MEU FILL ADOLESCENT NO EM RESPECTA, T\u00c9 UN TRASTORN DE CONDUCTA? - Centre GRAT | Centre de psicologia a Barcelona\" \/>\n<meta property=\"og:description\" content=\"Com diferenciar un trastorn de la conducta de ser rebel durant l&#039;adolesc\u00e8ncia? Us donem les claus de m\u00e0 de dues expertes.\" \/>\n<meta property=\"og:url\" content=\"https:\/\/www.centregrat.com\/ca\/trastorn-de-conducta-adolescencia\/\" \/>\n<meta property=\"og:site_name\" content=\"Centre GRAT | Centre de psicologia a Barcelona\" \/>\n<meta property=\"article:published_time\" content=\"2017-03-06T11:54:28+00:00\" \/>\n<meta property=\"article:modified_time\" content=\"2025-09-30T09:01:15+00:00\" \/>\n<meta property=\"og:image\" content=\"https:\/\/www.centregrat.com\/wp-content\/uploads\/2017\/05\/adolescent-respecte-transtor-conducta-centre-grat-barcelona-psicolegs.jpg\" \/>\n\t<meta property=\"og:image:width\" content=\"1100\" \/>\n\t<meta property=\"og:image:height\" content=\"600\" \/>\n\t<meta property=\"og:image:type\" content=\"image\/jpeg\" \/>\n<meta name=\"author\" content=\"Centre Grat\" \/>\n<meta name=\"twitter:card\" content=\"summary_large_image\" \/>\n<meta name=\"twitter:label1\" content=\"Escrit per\" \/>\n\t<meta name=\"twitter:data1\" content=\"Centre Grat\" \/>\n\t<meta name=\"twitter:label2\" content=\"Temps estimat de lectura\" \/>\n\t<meta name=\"twitter:data2\" content=\"4 minuts\" \/>\n<script type=\"application\/ld+json\" class=\"yoast-schema-graph\">{\"@context\":\"https:\\\/\\\/schema.org\",\"@graph\":[{\"@type\":\"Article\",\"@id\":\"https:\\\/\\\/www.centregrat.com\\\/ca\\\/trastorn-de-conducta-adolescencia\\\/#article\",\"isPartOf\":{\"@id\":\"https:\\\/\\\/www.centregrat.com\\\/ca\\\/trastorn-de-conducta-adolescencia\\\/\"},\"author\":{\"name\":\"Centre Grat\",\"@id\":\"https:\\\/\\\/www.centregrat.com\\\/ca\\\/#\\\/schema\\\/person\\\/b2b01a7ecc622fa9a0a36e1370ecba97\"},\"headline\":\"EL MEU FILL ADOLESCENT NO EM RESPECTA, T\u00c9 UN TRASTORN DE CONDUCTA?\",\"datePublished\":\"2017-03-06T11:54:28+00:00\",\"dateModified\":\"2025-09-30T09:01:15+00:00\",\"mainEntityOfPage\":{\"@id\":\"https:\\\/\\\/www.centregrat.com\\\/ca\\\/trastorn-de-conducta-adolescencia\\\/\"},\"wordCount\":860,\"commentCount\":0,\"publisher\":{\"@id\":\"https:\\\/\\\/www.centregrat.com\\\/ca\\\/#organization\"},\"image\":{\"@id\":\"https:\\\/\\\/www.centregrat.com\\\/ca\\\/trastorn-de-conducta-adolescencia\\\/#primaryimage\"},\"thumbnailUrl\":\"https:\\\/\\\/www.centregrat.com\\\/wp-content\\\/uploads\\\/2017\\\/05\\\/adolescent-respecte-transtor-conducta-centre-grat-barcelona-psicolegs.jpg\",\"keywords\":[\"adolescencia\",\"adolescent\",\"rebel\",\"trastorn de conducta\",\"trastorn de conducta adolescencia\",\"trastorns de la conducta\"],\"articleSection\":[\"Adolescents\"],\"inLanguage\":\"ca\",\"potentialAction\":[{\"@type\":\"CommentAction\",\"name\":\"Comment\",\"target\":[\"https:\\\/\\\/www.centregrat.com\\\/ca\\\/trastorn-de-conducta-adolescencia\\\/#respond\"]}]},{\"@type\":\"WebPage\",\"@id\":\"https:\\\/\\\/www.centregrat.com\\\/ca\\\/trastorn-de-conducta-adolescencia\\\/\",\"url\":\"https:\\\/\\\/www.centregrat.com\\\/ca\\\/trastorn-de-conducta-adolescencia\\\/\",\"name\":\"EL MEU FILL ADOLESCENT NO EM RESPECTA, T\u00c9 UN TRASTORN DE CONDUCTA? - Centre GRAT | Centre de psicologia a Barcelona\",\"isPartOf\":{\"@id\":\"https:\\\/\\\/www.centregrat.com\\\/ca\\\/#website\"},\"primaryImageOfPage\":{\"@id\":\"https:\\\/\\\/www.centregrat.com\\\/ca\\\/trastorn-de-conducta-adolescencia\\\/#primaryimage\"},\"image\":{\"@id\":\"https:\\\/\\\/www.centregrat.com\\\/ca\\\/trastorn-de-conducta-adolescencia\\\/#primaryimage\"},\"thumbnailUrl\":\"https:\\\/\\\/www.centregrat.com\\\/wp-content\\\/uploads\\\/2017\\\/05\\\/adolescent-respecte-transtor-conducta-centre-grat-barcelona-psicolegs.jpg\",\"datePublished\":\"2017-03-06T11:54:28+00:00\",\"dateModified\":\"2025-09-30T09:01:15+00:00\",\"description\":\"Com diferenciar un trastorn de la conducta de ser rebel durant l'adolesc\u00e8ncia? Us donem les claus de m\u00e0 de dues expertes.\",\"breadcrumb\":{\"@id\":\"https:\\\/\\\/www.centregrat.com\\\/ca\\\/trastorn-de-conducta-adolescencia\\\/#breadcrumb\"},\"inLanguage\":\"ca\",\"potentialAction\":[{\"@type\":\"ReadAction\",\"target\":[\"https:\\\/\\\/www.centregrat.com\\\/ca\\\/trastorn-de-conducta-adolescencia\\\/\"]}]},{\"@type\":\"ImageObject\",\"inLanguage\":\"ca\",\"@id\":\"https:\\\/\\\/www.centregrat.com\\\/ca\\\/trastorn-de-conducta-adolescencia\\\/#primaryimage\",\"url\":\"https:\\\/\\\/www.centregrat.com\\\/wp-content\\\/uploads\\\/2017\\\/05\\\/adolescent-respecte-transtor-conducta-centre-grat-barcelona-psicolegs.jpg\",\"contentUrl\":\"https:\\\/\\\/www.centregrat.com\\\/wp-content\\\/uploads\\\/2017\\\/05\\\/adolescent-respecte-transtor-conducta-centre-grat-barcelona-psicolegs.jpg\",\"width\":1100,\"height\":600},{\"@type\":\"BreadcrumbList\",\"@id\":\"https:\\\/\\\/www.centregrat.com\\\/ca\\\/trastorn-de-conducta-adolescencia\\\/#breadcrumb\",\"itemListElement\":[{\"@type\":\"ListItem\",\"position\":1,\"name\":\"Portada\",\"item\":\"https:\\\/\\\/www.centregrat.com\\\/ca\\\/\"},{\"@type\":\"ListItem\",\"position\":2,\"name\":\"EL MEU FILL ADOLESCENT NO EM RESPECTA, T\u00c9 UN TRASTORN DE CONDUCTA?\"}]},{\"@type\":\"WebSite\",\"@id\":\"https:\\\/\\\/www.centregrat.com\\\/ca\\\/#website\",\"url\":\"https:\\\/\\\/www.centregrat.com\\\/ca\\\/\",\"name\":\"Centre GRAT | Centre de psicologia a Barcelona\",\"description\":\"Millora la teva qualitat de vida. Et donem les eines necess\u00e0ries perqu\u00e8 aconsegueixis portar una vida satisfact\u00f2ria. Coneix el nostre centre de psicologia a Barcelona\",\"publisher\":{\"@id\":\"https:\\\/\\\/www.centregrat.com\\\/ca\\\/#organization\"},\"potentialAction\":[{\"@type\":\"SearchAction\",\"target\":{\"@type\":\"EntryPoint\",\"urlTemplate\":\"https:\\\/\\\/www.centregrat.com\\\/ca\\\/?s={search_term_string}\"},\"query-input\":{\"@type\":\"PropertyValueSpecification\",\"valueRequired\":true,\"valueName\":\"search_term_string\"}}],\"inLanguage\":\"ca\"},{\"@type\":\"Organization\",\"@id\":\"https:\\\/\\\/www.centregrat.com\\\/ca\\\/#organization\",\"name\":\"Centre GRAT\",\"url\":\"https:\\\/\\\/www.centregrat.com\\\/ca\\\/\",\"logo\":{\"@type\":\"ImageObject\",\"inLanguage\":\"ca\",\"@id\":\"https:\\\/\\\/www.centregrat.com\\\/ca\\\/#\\\/schema\\\/logo\\\/image\\\/\",\"url\":\"https:\\\/\\\/www.centregrat.com\\\/wp-content\\\/uploads\\\/2017\\\/03\\\/logo-grat-90-psicologia-educacio.png\",\"contentUrl\":\"https:\\\/\\\/www.centregrat.com\\\/wp-content\\\/uploads\\\/2017\\\/03\\\/logo-grat-90-psicologia-educacio.png\",\"width\":90,\"height\":90,\"caption\":\"Centre GRAT\"},\"image\":{\"@id\":\"https:\\\/\\\/www.centregrat.com\\\/ca\\\/#\\\/schema\\\/logo\\\/image\\\/\"}},{\"@type\":\"Person\",\"@id\":\"https:\\\/\\\/www.centregrat.com\\\/ca\\\/#\\\/schema\\\/person\\\/b2b01a7ecc622fa9a0a36e1370ecba97\",\"name\":\"Centre Grat\",\"image\":{\"@type\":\"ImageObject\",\"inLanguage\":\"ca\",\"@id\":\"https:\\\/\\\/secure.gravatar.com\\\/avatar\\\/7f86715d0984a8778cd2c958ac0676b28b1e18efbc7ac85723e5a2e4a9a4191f?s=96&d=mm&r=g\",\"url\":\"https:\\\/\\\/secure.gravatar.com\\\/avatar\\\/7f86715d0984a8778cd2c958ac0676b28b1e18efbc7ac85723e5a2e4a9a4191f?s=96&d=mm&r=g\",\"contentUrl\":\"https:\\\/\\\/secure.gravatar.com\\\/avatar\\\/7f86715d0984a8778cd2c958ac0676b28b1e18efbc7ac85723e5a2e4a9a4191f?s=96&d=mm&r=g\",\"caption\":\"Centre Grat\"}}]}<\/script>\n<!-- \/ Yoast SEO plugin. -->","yoast_head_json":{"title":"EL MEU FILL ADOLESCENT NO EM RESPECTA, T\u00c9 UN TRASTORN DE CONDUCTA? - Centre GRAT | Centre de psicologia a Barcelona","description":"Com diferenciar un trastorn de la conducta de ser rebel durant l'adolesc\u00e8ncia? Us donem les claus de m\u00e0 de dues expertes.","robots":{"index":"index","follow":"follow","max-snippet":"max-snippet:-1","max-image-preview":"max-image-preview:large","max-video-preview":"max-video-preview:-1"},"canonical":"https:\/\/www.centregrat.com\/ca\/trastorn-de-conducta-adolescencia\/","og_locale":"ca_ES","og_type":"article","og_title":"EL MEU FILL ADOLESCENT NO EM RESPECTA, T\u00c9 UN TRASTORN DE CONDUCTA? - Centre GRAT | Centre de psicologia a Barcelona","og_description":"Com diferenciar un trastorn de la conducta de ser rebel durant l'adolesc\u00e8ncia? Us donem les claus de m\u00e0 de dues expertes.","og_url":"https:\/\/www.centregrat.com\/ca\/trastorn-de-conducta-adolescencia\/","og_site_name":"Centre GRAT | Centre de psicologia a Barcelona","article_published_time":"2017-03-06T11:54:28+00:00","article_modified_time":"2025-09-30T09:01:15+00:00","og_image":[{"width":1100,"height":600,"url":"https:\/\/www.centregrat.com\/wp-content\/uploads\/2017\/05\/adolescent-respecte-transtor-conducta-centre-grat-barcelona-psicolegs.jpg","type":"image\/jpeg"}],"author":"Centre Grat","twitter_card":"summary_large_image","twitter_misc":{"Escrit per":"Centre Grat","Temps estimat de lectura":"4 minuts"},"schema":{"@context":"https:\/\/schema.org","@graph":[{"@type":"Article","@id":"https:\/\/www.centregrat.com\/ca\/trastorn-de-conducta-adolescencia\/#article","isPartOf":{"@id":"https:\/\/www.centregrat.com\/ca\/trastorn-de-conducta-adolescencia\/"},"author":{"name":"Centre Grat","@id":"https:\/\/www.centregrat.com\/ca\/#\/schema\/person\/b2b01a7ecc622fa9a0a36e1370ecba97"},"headline":"EL MEU FILL ADOLESCENT NO EM RESPECTA, T\u00c9 UN TRASTORN DE CONDUCTA?","datePublished":"2017-03-06T11:54:28+00:00","dateModified":"2025-09-30T09:01:15+00:00","mainEntityOfPage":{"@id":"https:\/\/www.centregrat.com\/ca\/trastorn-de-conducta-adolescencia\/"},"wordCount":860,"commentCount":0,"publisher":{"@id":"https:\/\/www.centregrat.com\/ca\/#organization"},"image":{"@id":"https:\/\/www.centregrat.com\/ca\/trastorn-de-conducta-adolescencia\/#primaryimage"},"thumbnailUrl":"https:\/\/www.centregrat.com\/wp-content\/uploads\/2017\/05\/adolescent-respecte-transtor-conducta-centre-grat-barcelona-psicolegs.jpg","keywords":["adolescencia","adolescent","rebel","trastorn de conducta","trastorn de conducta adolescencia","trastorns de la conducta"],"articleSection":["Adolescents"],"inLanguage":"ca","potentialAction":[{"@type":"CommentAction","name":"Comment","target":["https:\/\/www.centregrat.com\/ca\/trastorn-de-conducta-adolescencia\/#respond"]}]},{"@type":"WebPage","@id":"https:\/\/www.centregrat.com\/ca\/trastorn-de-conducta-adolescencia\/","url":"https:\/\/www.centregrat.com\/ca\/trastorn-de-conducta-adolescencia\/","name":"EL MEU FILL ADOLESCENT NO EM RESPECTA, T\u00c9 UN TRASTORN DE CONDUCTA? - Centre GRAT | Centre de psicologia a Barcelona","isPartOf":{"@id":"https:\/\/www.centregrat.com\/ca\/#website"},"primaryImageOfPage":{"@id":"https:\/\/www.centregrat.com\/ca\/trastorn-de-conducta-adolescencia\/#primaryimage"},"image":{"@id":"https:\/\/www.centregrat.com\/ca\/trastorn-de-conducta-adolescencia\/#primaryimage"},"thumbnailUrl":"https:\/\/www.centregrat.com\/wp-content\/uploads\/2017\/05\/adolescent-respecte-transtor-conducta-centre-grat-barcelona-psicolegs.jpg","datePublished":"2017-03-06T11:54:28+00:00","dateModified":"2025-09-30T09:01:15+00:00","description":"Com diferenciar un trastorn de la conducta de ser rebel durant l'adolesc\u00e8ncia? Us donem les claus de m\u00e0 de dues expertes.","breadcrumb":{"@id":"https:\/\/www.centregrat.com\/ca\/trastorn-de-conducta-adolescencia\/#breadcrumb"},"inLanguage":"ca","potentialAction":[{"@type":"ReadAction","target":["https:\/\/www.centregrat.com\/ca\/trastorn-de-conducta-adolescencia\/"]}]},{"@type":"ImageObject","inLanguage":"ca","@id":"https:\/\/www.centregrat.com\/ca\/trastorn-de-conducta-adolescencia\/#primaryimage","url":"https:\/\/www.centregrat.com\/wp-content\/uploads\/2017\/05\/adolescent-respecte-transtor-conducta-centre-grat-barcelona-psicolegs.jpg","contentUrl":"https:\/\/www.centregrat.com\/wp-content\/uploads\/2017\/05\/adolescent-respecte-transtor-conducta-centre-grat-barcelona-psicolegs.jpg","width":1100,"height":600},{"@type":"BreadcrumbList","@id":"https:\/\/www.centregrat.com\/ca\/trastorn-de-conducta-adolescencia\/#breadcrumb","itemListElement":[{"@type":"ListItem","position":1,"name":"Portada","item":"https:\/\/www.centregrat.com\/ca\/"},{"@type":"ListItem","position":2,"name":"EL MEU FILL ADOLESCENT NO EM RESPECTA, T\u00c9 UN TRASTORN DE CONDUCTA?"}]},{"@type":"WebSite","@id":"https:\/\/www.centregrat.com\/ca\/#website","url":"https:\/\/www.centregrat.com\/ca\/","name":"Centre GRAT | Centre de psicologia a Barcelona","description":"Millora la teva qualitat de vida. Et donem les eines necess\u00e0ries perqu\u00e8 aconsegueixis portar una vida satisfact\u00f2ria. Coneix el nostre centre de psicologia a Barcelona","publisher":{"@id":"https:\/\/www.centregrat.com\/ca\/#organization"},"potentialAction":[{"@type":"SearchAction","target":{"@type":"EntryPoint","urlTemplate":"https:\/\/www.centregrat.com\/ca\/?s={search_term_string}"},"query-input":{"@type":"PropertyValueSpecification","valueRequired":true,"valueName":"search_term_string"}}],"inLanguage":"ca"},{"@type":"Organization","@id":"https:\/\/www.centregrat.com\/ca\/#organization","name":"Centre GRAT","url":"https:\/\/www.centregrat.com\/ca\/","logo":{"@type":"ImageObject","inLanguage":"ca","@id":"https:\/\/www.centregrat.com\/ca\/#\/schema\/logo\/image\/","url":"https:\/\/www.centregrat.com\/wp-content\/uploads\/2017\/03\/logo-grat-90-psicologia-educacio.png","contentUrl":"https:\/\/www.centregrat.com\/wp-content\/uploads\/2017\/03\/logo-grat-90-psicologia-educacio.png","width":90,"height":90,"caption":"Centre GRAT"},"image":{"@id":"https:\/\/www.centregrat.com\/ca\/#\/schema\/logo\/image\/"}},{"@type":"Person","@id":"https:\/\/www.centregrat.com\/ca\/#\/schema\/person\/b2b01a7ecc622fa9a0a36e1370ecba97","name":"Centre Grat","image":{"@type":"ImageObject","inLanguage":"ca","@id":"https:\/\/secure.gravatar.com\/avatar\/7f86715d0984a8778cd2c958ac0676b28b1e18efbc7ac85723e5a2e4a9a4191f?s=96&d=mm&r=g","url":"https:\/\/secure.gravatar.com\/avatar\/7f86715d0984a8778cd2c958ac0676b28b1e18efbc7ac85723e5a2e4a9a4191f?s=96&d=mm&r=g","contentUrl":"https:\/\/secure.gravatar.com\/avatar\/7f86715d0984a8778cd2c958ac0676b28b1e18efbc7ac85723e5a2e4a9a4191f?s=96&d=mm&r=g","caption":"Centre Grat"}}]}},"_links":{"self":[{"href":"https:\/\/www.centregrat.com\/ca\/wp-json\/wp\/v2\/posts\/1300","targetHints":{"allow":["GET"]}}],"collection":[{"href":"https:\/\/www.centregrat.com\/ca\/wp-json\/wp\/v2\/posts"}],"about":[{"href":"https:\/\/www.centregrat.com\/ca\/wp-json\/wp\/v2\/types\/post"}],"author":[{"embeddable":true,"href":"https:\/\/www.centregrat.com\/ca\/wp-json\/wp\/v2\/users\/2"}],"replies":[{"embeddable":true,"href":"https:\/\/www.centregrat.com\/ca\/wp-json\/wp\/v2\/comments?post=1300"}],"version-history":[{"count":5,"href":"https:\/\/www.centregrat.com\/ca\/wp-json\/wp\/v2\/posts\/1300\/revisions"}],"predecessor-version":[{"id":21024,"href":"https:\/\/www.centregrat.com\/ca\/wp-json\/wp\/v2\/posts\/1300\/revisions\/21024"}],"wp:featuredmedia":[{"embeddable":true,"href":"https:\/\/www.centregrat.com\/ca\/wp-json\/wp\/v2\/media\/2028"}],"wp:attachment":[{"href":"https:\/\/www.centregrat.com\/ca\/wp-json\/wp\/v2\/media?parent=1300"}],"wp:term":[{"taxonomy":"category","embeddable":true,"href":"https:\/\/www.centregrat.com\/ca\/wp-json\/wp\/v2\/categories?post=1300"},{"taxonomy":"post_tag","embeddable":true,"href":"https:\/\/www.centregrat.com\/ca\/wp-json\/wp\/v2\/tags?post=1300"}],"curies":[{"name":"wp","href":"https:\/\/api.w.org\/{rel}","templated":true}]}}