{"id":13714,"date":"2020-03-23T18:35:33","date_gmt":"2020-03-23T18:35:33","guid":{"rendered":"https:\/\/www.centregrat.com\/efectos-psicologicos-cuarentena-confinamiento-coronavirus-en-ninos\/"},"modified":"2022-01-18T18:09:09","modified_gmt":"2022-01-18T18:09:09","slug":"efectes-psicologics-confinament-cuarentena-nens","status":"publish","type":"post","link":"https:\/\/www.centregrat.com\/ca\/efectes-psicologics-confinament-cuarentena-nens\/","title":{"rendered":"QUINS EFECTES PSICOL\u00d2GICS POT TENIR EL CONFINAMENT EN ELS NENS \/ ES?"},"content":{"rendered":"<p><strong>Els efectes psicol\u00f2gics produ\u00efts per la quarantena pel coronavirus ens poden afectar a tots\/es: adults i nens\/es.<\/strong> La nostra vida ha canviat de sobte i la dels nens i nenes ha canviat radicalment. No van al col\u00b7le, no es veuen amb els seus amics i amigues, els que viuen en ciutats com a molt tenen un balc\u00f3, aix\u00ed que no juguen a l&#8217;aire lliure,&#8230; Tota aquesta situaci\u00f3 l\u00f2gicament t\u00e9 una repercussi\u00f3 sobre l&#8217;estat d&#8217;\u00e0nim de nens\/as i adolescents.<img loading=\"lazy\" decoding=\"async\" class=\"size-medium wp-image-13700 alignright\" src=\"https:\/\/www.centregrat.com\/wp-content\/uploads\/2020\/03\/efectos-psicologicos-cuarentena-confinamiento-coronavirus-en-ninos1-300x200.jpg\" alt=\"efectos-psicologicos-cuarentena-confinamiento-coronavirus-en-ninos\" width=\"300\" height=\"200\" srcset=\"https:\/\/www.centregrat.com\/wp-content\/uploads\/2020\/03\/efectos-psicologicos-cuarentena-confinamiento-coronavirus-en-ninos1-300x200.jpg 300w, https:\/\/www.centregrat.com\/wp-content\/uploads\/2020\/03\/efectos-psicologicos-cuarentena-confinamiento-coronavirus-en-ninos1-1024x683.jpg 1024w, https:\/\/www.centregrat.com\/wp-content\/uploads\/2020\/03\/efectos-psicologicos-cuarentena-confinamiento-coronavirus-en-ninos1-768x512.jpg 768w, https:\/\/www.centregrat.com\/wp-content\/uploads\/2020\/03\/efectos-psicologicos-cuarentena-confinamiento-coronavirus-en-ninos1-1536x1024.jpg 1536w, https:\/\/www.centregrat.com\/wp-content\/uploads\/2020\/03\/efectos-psicologicos-cuarentena-confinamiento-coronavirus-en-ninos1-700x467.jpg 700w, https:\/\/www.centregrat.com\/wp-content\/uploads\/2020\/03\/efectos-psicologicos-cuarentena-confinamiento-coronavirus-en-ninos1.jpg 1920w\" sizes=\"auto, (max-width: 300px) 100vw, 300px\" \/><\/p>\n<h2>Els efectes psicol\u00f2gics de la quarantena<\/h2>\n<p>Les reaccions que m\u00e9s usualment ens podem trobar s\u00f3n <strong>irritabilitat, incrementar les baralles amb els germans\/as, nerviosisme, canvis d&#8217;humor, expressi\u00f3 de pors (poden expressar-nos la seva por respecte al virus), dificultat a mantenir una pauta de somni, tenir malsons o despertar-se diverses vegades en la nit.<\/strong><\/p>\n<p>El primer a recordar en aquesta situaci\u00f3 \u00e9s que els adults som la base de seguretat per a ells \/ as. Aix\u00ed que el seu benestar passa perqu\u00e8 els adults cuidem el nostre. La seva tranquil\u00b7litat \u00e9s un reflex de la nostra i devem no ignorar aquest fet primordial en la inf\u00e0ncia.<\/p>\n<p>Ells\/es observen els nostres comportaments, les nostres reaccions i actituds. Amb la qual cosa no sols es tracta de donar-los missatges de calma verbals, si no tamb\u00e9 que aquests es vegin reflectits en el nostre llenguatge no verbal.<\/p>\n<h2>Qu\u00e8 podem fer com a pares i mares?<\/h2>\n<p><strong>Els pares i mares coneixem b\u00e9 als nostres fills \/es i en aquests temps de crisis hem de confiar en el nostre vincle amb ells \/es.<\/strong> Nosaltres com a psic\u00f2logues i terapeutes familiars us donem algunes idees o suggeriments, per\u00f2 vosaltres \/as sou els qui millor els coneixeu i els qui m\u00e9s podeu ajudar-los des de la seguretat que parl\u00e0vem anteriorment.<\/p>\n<h3>Informa&#8217;ls<\/h3>\n<ul>\n<li><strong>Doneu-los informaci\u00f3.<\/strong> \u00a0El fet que siguin nens \/ as no els converteix en \u00e9ssers aliens al que succeeix. S\u00f3n plenament conscients de la situaci\u00f3 en les quals ens trobem. Hem d&#8217;estar atents als seus dubtes i respondre a les seves preguntes sense mentir-los.\u00a0Aqu\u00ed us deixem el link a un recurs en forma de\u00a0conte creat pel Col\u00b7legi de Psic\u00f2legs de Madrid. \u00a0Amb aquest recurs podreu saber qu\u00e8 saben del coronavirus i ajudar-los a entendre la situaci\u00f3.<\/li>\n<li><strong>No els exposeu a not\u00edcies innecess\u00e0riament<\/strong>.\u00a0Ja sabeu que molts mitjans utilitzen el sensacionalisme i aix\u00f2 ens angoixa als adults, veritat? Perqu\u00e8 imagineu-vos als nens!\u00a0Aix\u00ed que eviteu veure not\u00edcies amb ells\/as.<\/li>\n<li><strong>Mesura&#8217;t en la teva exposici\u00f3 a not\u00edcies.\u00a0<\/strong>Com d\u00e8iem abans, ells \/ as aprenen d&#8217;ho veuen en nosaltres \/as. Aix\u00ed que \u00e9s important que no ens vegin tot el dia mirant el m\u00f2bil o parlant \u00fanicament del coronavirus.<\/li>\n<\/ul>\n<h3>Ajuda&#8217;ls a gestionar les seves emocions<\/h3>\n<ul>\n<li><strong>Mantingueu la calma<\/strong> si us expressen por respecte a contagiar-se o si us fan preguntes respecte a la mort. Hem de transmetre&#8217;ls clarament que, encara que algun membre de la fam\u00edlia es contagi\u00ef, sabem quines mesures hem de prendre per a curar-nos. A m\u00e9s, explicar-los que hi ha gent treballant per a cuidar i curar als malalts.<\/li>\n<li><strong>Cuida&#8217;t per a cuidar-los!<\/strong> Passarem molt de temps junts aquestes setmanes i sabeu el que succeeix? Doncs que a m\u00e9s \u00a0temps que passem amb ells\/as menys connectats\/as emocionalment ens sentim a les seves necessitats. No us ha passat? No necessiteu desconnectar per a poder tornar a sentir aquesta necessitat de tenir-los \/les a el teu costat? <strong>No sou mals pares i mares, sou humans! Aix\u00ed que si sou dos adults o m\u00e9s a casa, feu torns. Deixa la culpabilitat a un costat.<\/strong> Cuidar-te, donar-te petits espais per a les teves necessitats, garantir\u00e0 que puguis cuidar-los m\u00e9s respectuosamente cap a les seves necessitats.<\/li>\n<\/ul>\n<p style=\"text-align: right;\"><strong><em>Mar\u00eda Mart\u00edn Santacreu. Col 15745<\/em><\/strong><\/p>\n<p style=\"text-align: right;\"><em><strong>Psic\u00f2loga i Psicoterapeuta Familiar<\/strong><\/em><\/p>\n<p style=\"text-align: right;\"><strong><em>Amalia Gord\u00f3vil Merino. Col 20177<\/em><\/strong><\/p>\n<p style=\"text-align: right;\"><strong><em>Doctora en Psicologia i Psicoterapeuta Familiar<\/em><\/strong><\/p>\n<p>&nbsp;<\/p>\n<h2>T&#8217;ha interessat el nostre article? Potser t&#8217;interessa tamb\u00e9:<\/h2>\n<div>\n<ul>\n<li><a href=\"https:\/\/www.centregrat.com\/xarxes-socials-adolescencia\/\">Xarxes socials, un aparador fals pels adolescents.<\/a><\/li>\n<li><a href=\"https:\/\/www.centregrat.com\/com-influeix-com-parlem-als-fills-a-la-seva-autoestima\/\">Com influeix com parlem en l&#8217;autoestima dels nostres fills?<\/a><\/li>\n<li><a href=\"https:\/\/www.centregrat.com\/faltes-respecte-adolescents\/\">Per qu\u00e8 alguns adolescents falten el respecte als pares?<\/a><\/li>\n<li><a href=\"https:\/\/www.centregrat.com\/socors-ladolescencia-sha-colat-a-casa-i-no-lhavia-convidat\/\">Socors! L&#8217;adolesc\u00e8ncia s&#8217;ha colat a casa i no l&#8217;havia convidat.<\/a><\/li>\n<li><a href=\"https:\/\/www.centregrat.com\/per-que-el-meu-fill-no-aprova\/\">Per qu\u00e8 no aprova el meu fill \/ a?<\/a><\/li>\n<li><a href=\"https:\/\/www.centregrat.com\/blog\/joguines-per-desenvolupar-capacitats\">Joquines per desenvolupar capacitats.<\/a><\/li>\n<li><a href=\"https:\/\/www.centregrat.com\/com-millorar-lautoestima-del-teu-fill-8-consells-i-3-tasques-per-aconseguir-ho\/\">Com millorar l&#8217;autoestima del meu fill? 8 consells i 3 tasques per aconseguir-ho.<\/a><\/li>\n<li><a href=\"https:\/\/www.centregrat.com\/sexualitzacio-infancia-nenes-model\/\">La sexualitzaci\u00f3 de la inf\u00e0ncia: les nenes model.<\/a><\/li>\n<li><a href=\"https:\/\/www.centregrat.com\/trastorn-de-conducta-adolescencia\/\">El meu fill adolescent no em respecta, t\u00e9 un trastorn de conducta?<\/a><\/li>\n<li><a href=\"https:\/\/www.centregrat.com\/quina-es-la-millor-forma-de-gestionar-les-rabietes\/\">Quina \u00e9s la millor forma de gestionar les rabietes?<\/a><\/li>\n<\/ul>\n<\/div>\n","protected":false},"excerpt":{"rendered":"<p>Els efectes psicol\u00f2gics produ\u00efts per la quarantena pel coronavirus ens poden afectar a tots\/es: adults i nens\/es. La nostra vida ha canviat de sobte i la dels nens i nenes ha canviat radicalment. No van al col\u00b7le, no es veuen amb els seus amics i amigues, els que viuen en ciutats com a molt tenen un balc\u00f3, aix\u00ed que no juguen a l&#8217;aire lliure,&#8230; Tota aquesta situaci\u00f3 l\u00f2gicament t\u00e9 una repercussi\u00f3 sobre l&#8217;estat d&#8217;\u00e0nim de nens\/as i adolescents. Els efectes psicol\u00f2gics de la quarantena Les reaccions que m\u00e9s usualment ens podem trobar s\u00f3n irritabilitat, incrementar les baralles amb els germans\/as,&#8230;<\/p>\n","protected":false},"author":2,"featured_media":21001,"comment_status":"open","ping_status":"closed","sticky":false,"template":"","format":"standard","meta":{"_acf_changed":false,"_exactmetrics_skip_tracking":false,"_exactmetrics_sitenote_active":false,"_exactmetrics_sitenote_note":"","_exactmetrics_sitenote_category":0,"footnotes":""},"categories":[1545],"tags":[1359,1305,1360,1361,1309],"class_list":["post-13714","post","type-post","status-publish","format-standard","has-post-thumbnail","hentry","category-infantil-2","tag-confinament-amb-nens","tag-confinamientoconninos-2","tag-efectes-psicologics-confinament-en-nens","tag-efectes-psicologics-quarentena-en-nens","tag-recomendacionespadrescoronavirus-2"],"acf":[],"yoast_head":"<!-- This site is optimized with the Yoast SEO plugin v27.4 - https:\/\/yoast.com\/product\/yoast-seo-wordpress\/ -->\n<title>QUINS EFECTES PSICOL\u00d2GICS POT TENIR EL CONFINAMENT EN ELS NENS \/ ES? - Centre GRAT | Centre de psicologia a Barcelona<\/title>\n<meta name=\"description\" content=\"El confinament t\u00e9 efectes psicol\u00f2gics en els nens? Quins s\u00f3n? Els analitzem i analitzem qu\u00e8 podem fer com a pares\/mares per ajudar-los.\" \/>\n<meta name=\"robots\" content=\"index, follow, max-snippet:-1, max-image-preview:large, max-video-preview:-1\" \/>\n<link rel=\"canonical\" href=\"https:\/\/www.centregrat.com\/ca\/efectes-psicologics-confinament-cuarentena-nens\/\" \/>\n<meta property=\"og:locale\" content=\"ca_ES\" \/>\n<meta property=\"og:type\" content=\"article\" \/>\n<meta property=\"og:title\" content=\"QUINS EFECTES PSICOL\u00d2GICS POT TENIR EL CONFINAMENT EN ELS NENS \/ ES? - Centre GRAT | Centre de psicologia a Barcelona\" \/>\n<meta property=\"og:description\" content=\"El confinament t\u00e9 efectes psicol\u00f2gics en els nens? Quins s\u00f3n? Els analitzem i analitzem qu\u00e8 podem fer com a pares\/mares per ajudar-los.\" \/>\n<meta property=\"og:url\" content=\"https:\/\/www.centregrat.com\/ca\/efectes-psicologics-confinament-cuarentena-nens\/\" \/>\n<meta property=\"og:site_name\" content=\"Centre GRAT | Centre de psicologia a Barcelona\" \/>\n<meta property=\"article:published_time\" content=\"2020-03-23T18:35:33+00:00\" \/>\n<meta property=\"article:modified_time\" content=\"2022-01-18T18:09:09+00:00\" \/>\n<meta property=\"og:image\" content=\"https:\/\/www.centregrat.com\/wp-content\/uploads\/2020\/03\/efectes-psicologics-cuarentena-confinament-coronavirus-en-nens.jpg\" \/>\n\t<meta property=\"og:image:width\" content=\"1100\" \/>\n\t<meta property=\"og:image:height\" content=\"600\" \/>\n\t<meta property=\"og:image:type\" content=\"image\/jpeg\" \/>\n<meta name=\"author\" content=\"Centre Grat\" \/>\n<meta name=\"twitter:card\" content=\"summary_large_image\" \/>\n<meta name=\"twitter:label1\" content=\"Escrit per\" \/>\n\t<meta name=\"twitter:data1\" content=\"Centre Grat\" \/>\n\t<meta name=\"twitter:label2\" content=\"Temps estimat de lectura\" \/>\n\t<meta name=\"twitter:data2\" content=\"4 minuts\" \/>\n<script type=\"application\/ld+json\" class=\"yoast-schema-graph\">{\"@context\":\"https:\\\/\\\/schema.org\",\"@graph\":[{\"@type\":\"Article\",\"@id\":\"https:\\\/\\\/www.centregrat.com\\\/ca\\\/efectes-psicologics-confinament-cuarentena-nens\\\/#article\",\"isPartOf\":{\"@id\":\"https:\\\/\\\/www.centregrat.com\\\/ca\\\/efectes-psicologics-confinament-cuarentena-nens\\\/\"},\"author\":{\"name\":\"Centre Grat\",\"@id\":\"https:\\\/\\\/www.centregrat.com\\\/ca\\\/#\\\/schema\\\/person\\\/b2b01a7ecc622fa9a0a36e1370ecba97\"},\"headline\":\"QUINS EFECTES PSICOL\u00d2GICS POT TENIR EL CONFINAMENT EN ELS NENS \\\/ ES?\",\"datePublished\":\"2020-03-23T18:35:33+00:00\",\"dateModified\":\"2022-01-18T18:09:09+00:00\",\"mainEntityOfPage\":{\"@id\":\"https:\\\/\\\/www.centregrat.com\\\/ca\\\/efectes-psicologics-confinament-cuarentena-nens\\\/\"},\"wordCount\":766,\"commentCount\":0,\"publisher\":{\"@id\":\"https:\\\/\\\/www.centregrat.com\\\/ca\\\/#organization\"},\"image\":{\"@id\":\"https:\\\/\\\/www.centregrat.com\\\/ca\\\/efectes-psicologics-confinament-cuarentena-nens\\\/#primaryimage\"},\"thumbnailUrl\":\"https:\\\/\\\/www.centregrat.com\\\/wp-content\\\/uploads\\\/2020\\\/03\\\/efectes-psicologics-cuarentena-confinament-coronavirus-en-nens.jpg\",\"keywords\":[\"confinament amb nens\",\"confinamientoconninos\",\"efectes psicol\u00f2gics confinament en nens\",\"efectes psicol\u00f2gics quarentena en nens\",\"recomendacionespadrescoronavirus\"],\"articleSection\":[\"Infantil\"],\"inLanguage\":\"ca\",\"potentialAction\":[{\"@type\":\"CommentAction\",\"name\":\"Comment\",\"target\":[\"https:\\\/\\\/www.centregrat.com\\\/ca\\\/efectes-psicologics-confinament-cuarentena-nens\\\/#respond\"]}]},{\"@type\":\"WebPage\",\"@id\":\"https:\\\/\\\/www.centregrat.com\\\/ca\\\/efectes-psicologics-confinament-cuarentena-nens\\\/\",\"url\":\"https:\\\/\\\/www.centregrat.com\\\/ca\\\/efectes-psicologics-confinament-cuarentena-nens\\\/\",\"name\":\"QUINS EFECTES PSICOL\u00d2GICS POT TENIR EL CONFINAMENT EN ELS NENS \\\/ ES? - Centre GRAT | Centre de psicologia a Barcelona\",\"isPartOf\":{\"@id\":\"https:\\\/\\\/www.centregrat.com\\\/ca\\\/#website\"},\"primaryImageOfPage\":{\"@id\":\"https:\\\/\\\/www.centregrat.com\\\/ca\\\/efectes-psicologics-confinament-cuarentena-nens\\\/#primaryimage\"},\"image\":{\"@id\":\"https:\\\/\\\/www.centregrat.com\\\/ca\\\/efectes-psicologics-confinament-cuarentena-nens\\\/#primaryimage\"},\"thumbnailUrl\":\"https:\\\/\\\/www.centregrat.com\\\/wp-content\\\/uploads\\\/2020\\\/03\\\/efectes-psicologics-cuarentena-confinament-coronavirus-en-nens.jpg\",\"datePublished\":\"2020-03-23T18:35:33+00:00\",\"dateModified\":\"2022-01-18T18:09:09+00:00\",\"description\":\"El confinament t\u00e9 efectes psicol\u00f2gics en els nens? Quins s\u00f3n? Els analitzem i analitzem qu\u00e8 podem fer com a pares\\\/mares per ajudar-los.\",\"breadcrumb\":{\"@id\":\"https:\\\/\\\/www.centregrat.com\\\/ca\\\/efectes-psicologics-confinament-cuarentena-nens\\\/#breadcrumb\"},\"inLanguage\":\"ca\",\"potentialAction\":[{\"@type\":\"ReadAction\",\"target\":[\"https:\\\/\\\/www.centregrat.com\\\/ca\\\/efectes-psicologics-confinament-cuarentena-nens\\\/\"]}]},{\"@type\":\"ImageObject\",\"inLanguage\":\"ca\",\"@id\":\"https:\\\/\\\/www.centregrat.com\\\/ca\\\/efectes-psicologics-confinament-cuarentena-nens\\\/#primaryimage\",\"url\":\"https:\\\/\\\/www.centregrat.com\\\/wp-content\\\/uploads\\\/2020\\\/03\\\/efectes-psicologics-cuarentena-confinament-coronavirus-en-nens.jpg\",\"contentUrl\":\"https:\\\/\\\/www.centregrat.com\\\/wp-content\\\/uploads\\\/2020\\\/03\\\/efectes-psicologics-cuarentena-confinament-coronavirus-en-nens.jpg\",\"width\":1100,\"height\":600},{\"@type\":\"BreadcrumbList\",\"@id\":\"https:\\\/\\\/www.centregrat.com\\\/ca\\\/efectes-psicologics-confinament-cuarentena-nens\\\/#breadcrumb\",\"itemListElement\":[{\"@type\":\"ListItem\",\"position\":1,\"name\":\"Portada\",\"item\":\"https:\\\/\\\/www.centregrat.com\\\/ca\\\/\"},{\"@type\":\"ListItem\",\"position\":2,\"name\":\"QUINS EFECTES PSICOL\u00d2GICS POT TENIR EL CONFINAMENT EN ELS NENS \\\/ ES?\"}]},{\"@type\":\"WebSite\",\"@id\":\"https:\\\/\\\/www.centregrat.com\\\/ca\\\/#website\",\"url\":\"https:\\\/\\\/www.centregrat.com\\\/ca\\\/\",\"name\":\"Centre GRAT | Centre de psicologia a Barcelona\",\"description\":\"Millora la teva qualitat de vida. Et donem les eines necess\u00e0ries perqu\u00e8 aconsegueixis portar una vida satisfact\u00f2ria. Coneix el nostre centre de psicologia a Barcelona\",\"publisher\":{\"@id\":\"https:\\\/\\\/www.centregrat.com\\\/ca\\\/#organization\"},\"potentialAction\":[{\"@type\":\"SearchAction\",\"target\":{\"@type\":\"EntryPoint\",\"urlTemplate\":\"https:\\\/\\\/www.centregrat.com\\\/ca\\\/?s={search_term_string}\"},\"query-input\":{\"@type\":\"PropertyValueSpecification\",\"valueRequired\":true,\"valueName\":\"search_term_string\"}}],\"inLanguage\":\"ca\"},{\"@type\":\"Organization\",\"@id\":\"https:\\\/\\\/www.centregrat.com\\\/ca\\\/#organization\",\"name\":\"Centre GRAT\",\"url\":\"https:\\\/\\\/www.centregrat.com\\\/ca\\\/\",\"logo\":{\"@type\":\"ImageObject\",\"inLanguage\":\"ca\",\"@id\":\"https:\\\/\\\/www.centregrat.com\\\/ca\\\/#\\\/schema\\\/logo\\\/image\\\/\",\"url\":\"https:\\\/\\\/www.centregrat.com\\\/wp-content\\\/uploads\\\/2017\\\/03\\\/logo-grat-90-psicologia-educacio.png\",\"contentUrl\":\"https:\\\/\\\/www.centregrat.com\\\/wp-content\\\/uploads\\\/2017\\\/03\\\/logo-grat-90-psicologia-educacio.png\",\"width\":90,\"height\":90,\"caption\":\"Centre GRAT\"},\"image\":{\"@id\":\"https:\\\/\\\/www.centregrat.com\\\/ca\\\/#\\\/schema\\\/logo\\\/image\\\/\"}},{\"@type\":\"Person\",\"@id\":\"https:\\\/\\\/www.centregrat.com\\\/ca\\\/#\\\/schema\\\/person\\\/b2b01a7ecc622fa9a0a36e1370ecba97\",\"name\":\"Centre Grat\",\"image\":{\"@type\":\"ImageObject\",\"inLanguage\":\"ca\",\"@id\":\"https:\\\/\\\/secure.gravatar.com\\\/avatar\\\/7f86715d0984a8778cd2c958ac0676b28b1e18efbc7ac85723e5a2e4a9a4191f?s=96&d=mm&r=g\",\"url\":\"https:\\\/\\\/secure.gravatar.com\\\/avatar\\\/7f86715d0984a8778cd2c958ac0676b28b1e18efbc7ac85723e5a2e4a9a4191f?s=96&d=mm&r=g\",\"contentUrl\":\"https:\\\/\\\/secure.gravatar.com\\\/avatar\\\/7f86715d0984a8778cd2c958ac0676b28b1e18efbc7ac85723e5a2e4a9a4191f?s=96&d=mm&r=g\",\"caption\":\"Centre Grat\"}}]}<\/script>\n<!-- \/ Yoast SEO plugin. -->","yoast_head_json":{"title":"QUINS EFECTES PSICOL\u00d2GICS POT TENIR EL CONFINAMENT EN ELS NENS \/ ES? - Centre GRAT | Centre de psicologia a Barcelona","description":"El confinament t\u00e9 efectes psicol\u00f2gics en els nens? Quins s\u00f3n? Els analitzem i analitzem qu\u00e8 podem fer com a pares\/mares per ajudar-los.","robots":{"index":"index","follow":"follow","max-snippet":"max-snippet:-1","max-image-preview":"max-image-preview:large","max-video-preview":"max-video-preview:-1"},"canonical":"https:\/\/www.centregrat.com\/ca\/efectes-psicologics-confinament-cuarentena-nens\/","og_locale":"ca_ES","og_type":"article","og_title":"QUINS EFECTES PSICOL\u00d2GICS POT TENIR EL CONFINAMENT EN ELS NENS \/ ES? - Centre GRAT | Centre de psicologia a Barcelona","og_description":"El confinament t\u00e9 efectes psicol\u00f2gics en els nens? Quins s\u00f3n? Els analitzem i analitzem qu\u00e8 podem fer com a pares\/mares per ajudar-los.","og_url":"https:\/\/www.centregrat.com\/ca\/efectes-psicologics-confinament-cuarentena-nens\/","og_site_name":"Centre GRAT | Centre de psicologia a Barcelona","article_published_time":"2020-03-23T18:35:33+00:00","article_modified_time":"2022-01-18T18:09:09+00:00","og_image":[{"width":1100,"height":600,"url":"https:\/\/www.centregrat.com\/wp-content\/uploads\/2020\/03\/efectes-psicologics-cuarentena-confinament-coronavirus-en-nens.jpg","type":"image\/jpeg"}],"author":"Centre Grat","twitter_card":"summary_large_image","twitter_misc":{"Escrit per":"Centre Grat","Temps estimat de lectura":"4 minuts"},"schema":{"@context":"https:\/\/schema.org","@graph":[{"@type":"Article","@id":"https:\/\/www.centregrat.com\/ca\/efectes-psicologics-confinament-cuarentena-nens\/#article","isPartOf":{"@id":"https:\/\/www.centregrat.com\/ca\/efectes-psicologics-confinament-cuarentena-nens\/"},"author":{"name":"Centre Grat","@id":"https:\/\/www.centregrat.com\/ca\/#\/schema\/person\/b2b01a7ecc622fa9a0a36e1370ecba97"},"headline":"QUINS EFECTES PSICOL\u00d2GICS POT TENIR EL CONFINAMENT EN ELS NENS \/ ES?","datePublished":"2020-03-23T18:35:33+00:00","dateModified":"2022-01-18T18:09:09+00:00","mainEntityOfPage":{"@id":"https:\/\/www.centregrat.com\/ca\/efectes-psicologics-confinament-cuarentena-nens\/"},"wordCount":766,"commentCount":0,"publisher":{"@id":"https:\/\/www.centregrat.com\/ca\/#organization"},"image":{"@id":"https:\/\/www.centregrat.com\/ca\/efectes-psicologics-confinament-cuarentena-nens\/#primaryimage"},"thumbnailUrl":"https:\/\/www.centregrat.com\/wp-content\/uploads\/2020\/03\/efectes-psicologics-cuarentena-confinament-coronavirus-en-nens.jpg","keywords":["confinament amb nens","confinamientoconninos","efectes psicol\u00f2gics confinament en nens","efectes psicol\u00f2gics quarentena en nens","recomendacionespadrescoronavirus"],"articleSection":["Infantil"],"inLanguage":"ca","potentialAction":[{"@type":"CommentAction","name":"Comment","target":["https:\/\/www.centregrat.com\/ca\/efectes-psicologics-confinament-cuarentena-nens\/#respond"]}]},{"@type":"WebPage","@id":"https:\/\/www.centregrat.com\/ca\/efectes-psicologics-confinament-cuarentena-nens\/","url":"https:\/\/www.centregrat.com\/ca\/efectes-psicologics-confinament-cuarentena-nens\/","name":"QUINS EFECTES PSICOL\u00d2GICS POT TENIR EL CONFINAMENT EN ELS NENS \/ ES? - Centre GRAT | Centre de psicologia a Barcelona","isPartOf":{"@id":"https:\/\/www.centregrat.com\/ca\/#website"},"primaryImageOfPage":{"@id":"https:\/\/www.centregrat.com\/ca\/efectes-psicologics-confinament-cuarentena-nens\/#primaryimage"},"image":{"@id":"https:\/\/www.centregrat.com\/ca\/efectes-psicologics-confinament-cuarentena-nens\/#primaryimage"},"thumbnailUrl":"https:\/\/www.centregrat.com\/wp-content\/uploads\/2020\/03\/efectes-psicologics-cuarentena-confinament-coronavirus-en-nens.jpg","datePublished":"2020-03-23T18:35:33+00:00","dateModified":"2022-01-18T18:09:09+00:00","description":"El confinament t\u00e9 efectes psicol\u00f2gics en els nens? Quins s\u00f3n? Els analitzem i analitzem qu\u00e8 podem fer com a pares\/mares per ajudar-los.","breadcrumb":{"@id":"https:\/\/www.centregrat.com\/ca\/efectes-psicologics-confinament-cuarentena-nens\/#breadcrumb"},"inLanguage":"ca","potentialAction":[{"@type":"ReadAction","target":["https:\/\/www.centregrat.com\/ca\/efectes-psicologics-confinament-cuarentena-nens\/"]}]},{"@type":"ImageObject","inLanguage":"ca","@id":"https:\/\/www.centregrat.com\/ca\/efectes-psicologics-confinament-cuarentena-nens\/#primaryimage","url":"https:\/\/www.centregrat.com\/wp-content\/uploads\/2020\/03\/efectes-psicologics-cuarentena-confinament-coronavirus-en-nens.jpg","contentUrl":"https:\/\/www.centregrat.com\/wp-content\/uploads\/2020\/03\/efectes-psicologics-cuarentena-confinament-coronavirus-en-nens.jpg","width":1100,"height":600},{"@type":"BreadcrumbList","@id":"https:\/\/www.centregrat.com\/ca\/efectes-psicologics-confinament-cuarentena-nens\/#breadcrumb","itemListElement":[{"@type":"ListItem","position":1,"name":"Portada","item":"https:\/\/www.centregrat.com\/ca\/"},{"@type":"ListItem","position":2,"name":"QUINS EFECTES PSICOL\u00d2GICS POT TENIR EL CONFINAMENT EN ELS NENS \/ ES?"}]},{"@type":"WebSite","@id":"https:\/\/www.centregrat.com\/ca\/#website","url":"https:\/\/www.centregrat.com\/ca\/","name":"Centre GRAT | Centre de psicologia a Barcelona","description":"Millora la teva qualitat de vida. Et donem les eines necess\u00e0ries perqu\u00e8 aconsegueixis portar una vida satisfact\u00f2ria. Coneix el nostre centre de psicologia a Barcelona","publisher":{"@id":"https:\/\/www.centregrat.com\/ca\/#organization"},"potentialAction":[{"@type":"SearchAction","target":{"@type":"EntryPoint","urlTemplate":"https:\/\/www.centregrat.com\/ca\/?s={search_term_string}"},"query-input":{"@type":"PropertyValueSpecification","valueRequired":true,"valueName":"search_term_string"}}],"inLanguage":"ca"},{"@type":"Organization","@id":"https:\/\/www.centregrat.com\/ca\/#organization","name":"Centre GRAT","url":"https:\/\/www.centregrat.com\/ca\/","logo":{"@type":"ImageObject","inLanguage":"ca","@id":"https:\/\/www.centregrat.com\/ca\/#\/schema\/logo\/image\/","url":"https:\/\/www.centregrat.com\/wp-content\/uploads\/2017\/03\/logo-grat-90-psicologia-educacio.png","contentUrl":"https:\/\/www.centregrat.com\/wp-content\/uploads\/2017\/03\/logo-grat-90-psicologia-educacio.png","width":90,"height":90,"caption":"Centre GRAT"},"image":{"@id":"https:\/\/www.centregrat.com\/ca\/#\/schema\/logo\/image\/"}},{"@type":"Person","@id":"https:\/\/www.centregrat.com\/ca\/#\/schema\/person\/b2b01a7ecc622fa9a0a36e1370ecba97","name":"Centre Grat","image":{"@type":"ImageObject","inLanguage":"ca","@id":"https:\/\/secure.gravatar.com\/avatar\/7f86715d0984a8778cd2c958ac0676b28b1e18efbc7ac85723e5a2e4a9a4191f?s=96&d=mm&r=g","url":"https:\/\/secure.gravatar.com\/avatar\/7f86715d0984a8778cd2c958ac0676b28b1e18efbc7ac85723e5a2e4a9a4191f?s=96&d=mm&r=g","contentUrl":"https:\/\/secure.gravatar.com\/avatar\/7f86715d0984a8778cd2c958ac0676b28b1e18efbc7ac85723e5a2e4a9a4191f?s=96&d=mm&r=g","caption":"Centre Grat"}}]}},"_links":{"self":[{"href":"https:\/\/www.centregrat.com\/ca\/wp-json\/wp\/v2\/posts\/13714","targetHints":{"allow":["GET"]}}],"collection":[{"href":"https:\/\/www.centregrat.com\/ca\/wp-json\/wp\/v2\/posts"}],"about":[{"href":"https:\/\/www.centregrat.com\/ca\/wp-json\/wp\/v2\/types\/post"}],"author":[{"embeddable":true,"href":"https:\/\/www.centregrat.com\/ca\/wp-json\/wp\/v2\/users\/2"}],"replies":[{"embeddable":true,"href":"https:\/\/www.centregrat.com\/ca\/wp-json\/wp\/v2\/comments?post=13714"}],"version-history":[{"count":5,"href":"https:\/\/www.centregrat.com\/ca\/wp-json\/wp\/v2\/posts\/13714\/revisions"}],"predecessor-version":[{"id":21000,"href":"https:\/\/www.centregrat.com\/ca\/wp-json\/wp\/v2\/posts\/13714\/revisions\/21000"}],"wp:featuredmedia":[{"embeddable":true,"href":"https:\/\/www.centregrat.com\/ca\/wp-json\/wp\/v2\/media\/21001"}],"wp:attachment":[{"href":"https:\/\/www.centregrat.com\/ca\/wp-json\/wp\/v2\/media?parent=13714"}],"wp:term":[{"taxonomy":"category","embeddable":true,"href":"https:\/\/www.centregrat.com\/ca\/wp-json\/wp\/v2\/categories?post=13714"},{"taxonomy":"post_tag","embeddable":true,"href":"https:\/\/www.centregrat.com\/ca\/wp-json\/wp\/v2\/tags?post=13714"}],"curies":[{"name":"wp","href":"https:\/\/api.w.org\/{rel}","templated":true}]}}