{"id":3133,"date":"2017-10-03T12:36:32","date_gmt":"2017-10-03T12:36:32","guid":{"rendered":"https:\/\/www.centregrat.com\/?p=3133\/"},"modified":"2022-01-18T18:16:38","modified_gmt":"2022-01-18T18:16:38","slug":"faltes-respecte-adolescents","status":"publish","type":"post","link":"https:\/\/www.centregrat.com\/ca\/faltes-respecte-adolescents\/","title":{"rendered":"PER QU\u00c8 ELS ADOLESCENTS FALTEN EL RESPECTE ALS PARES?"},"content":{"rendered":"<h2>Adolescents i manques de respecte: trastorn de conducta?<\/h2>\n<p>Fa uns mesos vam escriure un <a href=\"https:\/\/www.centregrat.com\/trastorn-de-conducta-adolescencia\/\">article<\/a> sobre els <strong>problemes de comportament i les faltes de respecte<\/strong> que poden presentar els nens i adolescents. Aclarim quan passem a denominarl-los\u00a0<strong>trastorns de conducta<\/strong>. V\u00e0rem diferenciar actituds rebels de l&#8217;adolesc\u00e8ncia dels s\u00edmptomes d&#8217;un <strong>trastorn de conducta<\/strong>.<\/p>\n<p>Els pares\/mares ens feu moltes preguntes sobre aquest tema: qu\u00e8 hi ha darrere de les dificultats relacionades amb els t<strong>rastorns de conducta<\/strong>? T\u00e9 a veure amb alguna cosa que hem fet nosaltres? I la pregunta estrella: S\u00f3n els nois avui dia m\u00e9s desobedients que en el passat? Ens hem tornat massa tous? Per aix\u00f2 hem decidit fer una segona part d&#8217;aquest article.<\/p>\n<h2>Els adolescents d&#8217;avui no respecten res<\/h2>\n<p><strong><img loading=\"lazy\" decoding=\"async\" class=\"size-medium wp-image-8256 alignleft\" src=\"https:\/\/www.centregrat.com\/wp-content\/uploads\/2017\/10\/adolescentes-faltas-respecto-trastorno-conducta3-300x200.jpg\" alt=\"adolescentes-faltas-respecto-trastorno-conducta\" width=\"300\" height=\"200\" srcset=\"https:\/\/www.centregrat.com\/wp-content\/uploads\/2017\/10\/adolescentes-faltas-respecto-trastorno-conducta3-300x200.jpg 300w, https:\/\/www.centregrat.com\/wp-content\/uploads\/2017\/10\/adolescentes-faltas-respecto-trastorno-conducta3-768x512.jpg 768w, https:\/\/www.centregrat.com\/wp-content\/uploads\/2017\/10\/adolescentes-faltas-respecto-trastorno-conducta3-1024x683.jpg 1024w, https:\/\/www.centregrat.com\/wp-content\/uploads\/2017\/10\/adolescentes-faltas-respecto-trastorno-conducta3-700x467.jpg 700w, https:\/\/www.centregrat.com\/wp-content\/uploads\/2017\/10\/adolescentes-faltas-respecto-trastorno-conducta3.jpg 1920w\" sizes=\"auto, (max-width: 300px) 100vw, 300px\" \/>Cada generaci\u00f3 que passa t\u00e9 la sensaci\u00f3 que quan ells eren joves aquest tipus de problemes no succe\u00efen.<\/strong> Aix\u00f2 es ve repetint des de temps immemorials.<\/p>\n<p>\u201cEls joves avui dia s\u00f3n uns tirans. Contradiuen als seus pares, devoren el seu menjar, i li falten al respecte als seus mestres\u201d.<\/p>\n<p>Aquesta podria ser una frase aquesta per qualsevol pare en una consulta, per\u00f2 en realitat \u00e9s de S\u00f2crates i es remunta a diversos segles abans de Crist. Partim de la premissa que sempre ens sembla que qualsevol temps passat va ser millor. Encara aix\u00ed, anem a analitzar quins factors poden afavorir aquest tipus de comportaments en els adolescents.<\/p>\n<h2>Causes dels trastorns de conducta<\/h2>\n<h3>ELS TRASTORNS DE CONDUCTA ESTAN EN TOTS ELS ESTRATS SOCIALS<\/h3>\n<p>Una tend\u00e8ncia \u00e9s pensar que aquest tipus de problemes es presenten en fam\u00edlies desestructurades. Sembl\u00e9s que en aquests contextos \u00e9s normal que els nois presentin problemes de conducta. Encara que \u00e9s clar que aquestes situacions s\u00f3n un terreny abonat perqu\u00e8 els adolescents expressin el seu desgrat i r\u00e0bia cap al m\u00f3n adult, <strong>els denominats trastorns de conducta no s\u00f3n exclusius d&#8217;aquest tipus de din\u00e0miques familiars desestructurades<\/strong>. Anem a analitzar altres possibilitats.<\/p>\n<h3>ZERO TOLER\u00c0NCIA A la FRUSTRACI\u00d3<\/h3>\n<p><img loading=\"lazy\" decoding=\"async\" class=\"size-medium wp-image-8254 alignright\" src=\"https:\/\/www.centregrat.com\/wp-content\/uploads\/2017\/10\/adolescentes-faltas-respecto-trastorno-conducta2-300x168.jpg\" alt=\"adolescentes-faltas-respecto-trastorno-conducta\" width=\"300\" height=\"168\" srcset=\"https:\/\/www.centregrat.com\/wp-content\/uploads\/2017\/10\/adolescentes-faltas-respecto-trastorno-conducta2-300x168.jpg 300w, https:\/\/www.centregrat.com\/wp-content\/uploads\/2017\/10\/adolescentes-faltas-respecto-trastorno-conducta2-768x431.jpg 768w, https:\/\/www.centregrat.com\/wp-content\/uploads\/2017\/10\/adolescentes-faltas-respecto-trastorno-conducta2-1024x575.jpg 1024w, https:\/\/www.centregrat.com\/wp-content\/uploads\/2017\/10\/adolescentes-faltas-respecto-trastorno-conducta2-700x393.jpg 700w, https:\/\/www.centregrat.com\/wp-content\/uploads\/2017\/10\/adolescentes-faltas-respecto-trastorno-conducta2-539x303.jpg 539w, https:\/\/www.centregrat.com\/wp-content\/uploads\/2017\/10\/adolescentes-faltas-respecto-trastorno-conducta2.jpg 1920w\" sizes=\"auto, (max-width: 300px) 100vw, 300px\" \/>\u201cLi hem donat tot. No som una fam\u00edlia que ho hem descurat o tractat malament\u2026 No ho aconseguim entendre\u201d. Ens trobem sovint amb nois\/as que tenen <strong>zero toler\u00e0ncia a la frustraci\u00f3<\/strong>. No suporten no aconseguir el que volen quan ho volen. Aix\u00f2 ens d\u00f3na pistes sobre com han rebut tot el que desitjaven sense que els ensenyessin a frustrar-se. Aix\u00f2 els porta molts problemes en un m\u00f3n que t\u00e9 normes i l\u00edmits, els quals ells no han incorporat i que han d&#8217;aprendre posteriorment.<\/p>\n<h3>\u201cPERQU\u00c8 HO DIC JO\u201d<\/h3>\n<p>Per contra, tamb\u00e9 es poden trobar <strong>din\u00e0miques familiars molt autorit\u00e0ries<\/strong>, en les quals la norma no es raona i el nen\/a no t\u00e9 veu. Aix\u00f2 pot donar lloc al rebot posterior del noi\/a quan busca diferenciar-se de la fam\u00edlia i trobar la seva identitat.<\/p>\n<p>Fins ara els exemples que hem posat parlen d&#8217;estils educaci\u00f3:<br \/>\n1. La <strong>manca d&#8217;una guia en el caos<\/strong> de les fam\u00edlies desestructurades;<br \/>\n2. El <strong>desig del nen\/a com a estandard<\/strong> en els models basats en no dir \u201cno\u201d, a donar-li-ho tot perqu\u00e8 no sofreixi;<br \/>\n3. <strong>L&#8217;autoritarisme de el \u201cperqu\u00e8 jo ho dic i s\u00f3c qui mana en aquesta casa\u201d<\/strong>, on el noi\/a no t\u00e9 espai per expressar-se, va acumulant r\u00e0bia i aquesta explota en l&#8217;entrada en l&#8217;adolesc\u00e8ncia.<\/p>\n<h3>PROBLEMES DE PAREJA I PROBLEMES EN L&#8217;ADOLESC\u00c8NCIA<\/h3>\n<p>Per\u00f2 encara existeixen m\u00e9s possibilitats. Una altra d&#8217;elles estaria en els <strong>nois\/as que es queden atrapats\/as en el conflicte de parella dels pares<\/strong>. \u00c9s a dir, pares amb problemes de parella criden als fills\/as a aliar-se amb ells en contra de l&#8217;altre. Els nens\/as durant l&#8217;etapa de la inf\u00e0ncia no poden escapar dels jocs relacionals que els proposa la fam\u00edlia, per\u00f2 els adolescents buscant el seu espai d&#8217;autonomia criden, insulten i fins a poden arribar a agredir als seus pares, sobretot a aquell amb el qual han estats m\u00e9s units pr\u00e8viament.<img loading=\"lazy\" decoding=\"async\" class=\"size-medium wp-image-8252 alignleft\" src=\"https:\/\/www.centregrat.com\/wp-content\/uploads\/2017\/10\/adolescentes-faltas-respecto-trastorno-conducta1-300x195.jpg\" alt=\"adolescentes-faltas-respecto-trastorno-conducta\" width=\"300\" height=\"195\" srcset=\"https:\/\/www.centregrat.com\/wp-content\/uploads\/2017\/10\/adolescentes-faltas-respecto-trastorno-conducta1-300x195.jpg 300w, https:\/\/www.centregrat.com\/wp-content\/uploads\/2017\/10\/adolescentes-faltas-respecto-trastorno-conducta1-768x499.jpg 768w, https:\/\/www.centregrat.com\/wp-content\/uploads\/2017\/10\/adolescentes-faltas-respecto-trastorno-conducta1-1024x666.jpg 1024w, https:\/\/www.centregrat.com\/wp-content\/uploads\/2017\/10\/adolescentes-faltas-respecto-trastorno-conducta1-400x260.jpg 400w, https:\/\/www.centregrat.com\/wp-content\/uploads\/2017\/10\/adolescentes-faltas-respecto-trastorno-conducta1-700x455.jpg 700w, https:\/\/www.centregrat.com\/wp-content\/uploads\/2017\/10\/adolescentes-faltas-respecto-trastorno-conducta1.jpg 1920w\" sizes=\"auto, (max-width: 300px) 100vw, 300px\" \/><\/p>\n<h3>FER-SE GRAN\u00a0NO \u00c9S F\u00c0CIL<\/h3>\n<p>Finalment, \u00e9s important no deixar de costat<strong> les pr\u00f2pies dificultats que fer-nos adults comporta<\/strong>. \u00c9s a dir, davant dels reptes que suposa fer-se gran, el nen\/a es pot trobar amb problemes en la relaci\u00f3 amb el seu grup d&#8217;iguals o trastorns de l&#8217;aprenentatge que els facin quedar-se enrere respecte als seus companys, per posar alguns exemples. Aix\u00f2 pot provocar <strong>sentiments de frustraci\u00f3 i tristesa per no aconseguir pert\u00e0nyer al grup que s&#8217;expressin en forma de r\u00e0bia o explosions d&#8217;ira<\/strong>.<\/p>\n<h2>Diferents causes que porten a un mateix problema<\/h2>\n<p>Com hem pogut veure, existeixen <strong>m\u00faltiples causes que poden donar lloc als denominats trastorns de conducta<\/strong>. Tots ells tindran el <strong>denominador com\u00fa de la r\u00e0bia que l&#8217;adolescent expressa de forma clara<\/strong> i la tristesa que no \u00e9s tan visible, per\u00f2 est\u00e0. Com proposa Carlos Lamas, psic\u00f2leg i terapeuta familiar, en el seu article <a href=\"http:\/\/psicopedia.org\/wp-content\/uploads\/2013\/09\/Para-comprender-la-adolescencia.pdf\">Per comprendre l&#8217;adolesc\u00e8ncia problem\u00e0tica<\/a>, \u201cno hi ha adolescents problem\u00e0tics sin\u00f3 nens qeu van patir i han crescut\u201d.<img loading=\"lazy\" decoding=\"async\" class=\"size-medium wp-image-8258 alignright\" src=\"https:\/\/www.centregrat.com\/wp-content\/uploads\/2017\/10\/adolescentes-faltas-respecto-trastorno-conducta4-300x179.jpg\" alt=\"adolescentes-faltas-respecto-trastorno-conducta\" width=\"300\" height=\"179\" srcset=\"https:\/\/www.centregrat.com\/wp-content\/uploads\/2017\/10\/adolescentes-faltas-respecto-trastorno-conducta4-300x179.jpg 300w, https:\/\/www.centregrat.com\/wp-content\/uploads\/2017\/10\/adolescentes-faltas-respecto-trastorno-conducta4-768x458.jpg 768w, https:\/\/www.centregrat.com\/wp-content\/uploads\/2017\/10\/adolescentes-faltas-respecto-trastorno-conducta4-1024x611.jpg 1024w, https:\/\/www.centregrat.com\/wp-content\/uploads\/2017\/10\/adolescentes-faltas-respecto-trastorno-conducta4-700x417.jpg 700w, https:\/\/www.centregrat.com\/wp-content\/uploads\/2017\/10\/adolescentes-faltas-respecto-trastorno-conducta4.jpg 1920w\" sizes=\"auto, (max-width: 300px) 100vw, 300px\" \/><br \/>\nEn cada cas necessitem detenir-nos i analitzar qu\u00e8 hi ha darrere perqu\u00e8 un xaval\/a se expressi de forma tan contundent i en molts casos estigui fent coses que directament li perjudiquen. <strong>La fam\u00edlia proporciona la clau per entendre qu\u00e8 ha succe\u00eft<\/strong> i amb la seva col\u00b7laboraci\u00f3 es pot arribar a introduir canvis que produeixin una nova din\u00e0mica. D&#8217;aqu\u00ed, la import\u00e0ncia d&#8217;un abordatge des de la ter\u00e0pia familiar en aquests casos.<\/p>\n<p style=\"text-align: center;\"><strong>No hi ha rebels sense causa i per tant, hem de trobar la causa en cada cas.<\/strong><\/p>\n<p style=\"text-align: right;\"><em>Mar\u00eda Mart\u00edn Santacreu. Col. 15745<\/em><\/p>\n<p style=\"text-align: right;\"><em>Psic\u00f2loga\/ Psicoterapeuta familiar<\/em><\/p>\n<p style=\"text-align: right;\"><em>Amalia Gord\u00f3vil Merino. Col. 20177<\/em><\/p>\n<p style=\"text-align: right;\"><em>Doctora en Psicologia\/Psic\u00f2loga infanto-juvenil i familiar<\/em><\/p>\n<h2>T&#8217;ha interessat el nostre article? Potser t&#8217;interessa tamb\u00e9:<\/h2>\n<div>\n<ul>\n<li><a href=\"https:\/\/www.centregrat.com\/xarxes-socials-adolescencia\/\">Xarxes socials, un aparador fals pels adolescents.<\/a><\/li>\n<li><a href=\"https:\/\/www.centregrat.com\/com-influeix-com-parlem-als-fills-a-la-seva-autoestima\/\">Com influeix com parlem en l&#8217;autoestima dels nostres fills?<\/a><\/li>\n<li><a href=\"https:\/\/www.centregrat.com\/faltes-respecte-adolescents\/\">Per qu\u00e8 alguns adolescents falten el respecte als pares?<\/a><\/li>\n<li><a href=\"https:\/\/www.centregrat.com\/socors-ladolescencia-sha-colat-a-casa-i-no-lhavia-convidat\/\">Socors! L&#8217;adolesc\u00e8ncia s&#8217;ha colat a casa i no l&#8217;havia convidat.<\/a><\/li>\n<li><a href=\"https:\/\/www.centregrat.com\/per-que-el-meu-fill-no-aprova\/\">Per qu\u00e8 no aprova el meu fill \/ a?<\/a><\/li>\n<li><a href=\"https:\/\/www.centregrat.com\/blog\/joguines-per-desenvolupar-capacitats\">Joquines per desenvolupar capacitats.<\/a><\/li>\n<li><a href=\"https:\/\/www.centregrat.com\/com-millorar-lautoestima-del-teu-fill-8-consells-i-3-tasques-per-aconseguir-ho\/\">Com millorar l&#8217;autoestima del meu fill? 8 consells i 3 tasques per aconseguir-ho.<\/a><\/li>\n<li><a href=\"https:\/\/www.centregrat.com\/sexualitzacio-infancia-nenes-model\/\">La sexualitzaci\u00f3 de la inf\u00e0ncia: les nenes model.<\/a><\/li>\n<li><a href=\"https:\/\/www.centregrat.com\/trastorn-de-conducta-adolescencia\/\">El meu fill adolescent no em respecta, t\u00e9 un trastorn de conducta?<\/a><\/li>\n<li><a href=\"https:\/\/www.centregrat.com\/quina-es-la-millor-forma-de-gestionar-les-rabietes\/\">Quina \u00e9s la millor forma de gestionar les rabietes?<\/a><\/li>\n<li><a href=\"https:\/\/www.centregrat.com\/actividatst-creatives-nens-confinament-cuarentena-coronavirus\/\">Activitats creatives en fam\u00edlia.<\/a><\/li>\n<\/ul>\n<\/div>\n<h2 style=\"text-align: center;\">Vols fer-nos una consulta?<\/h2>\n<p style=\"text-align: center;\"><a href=\"https:\/\/www.centregrat.com\/\">Contacta amb nosaltres!<\/a><\/p>\n<p>&nbsp;<\/p>\n<ul>\n<li><\/li>\n<\/ul>\n","protected":false},"excerpt":{"rendered":"<p>Adolescents i manques de respecte: trastorn de conducta? Fa uns mesos vam escriure un article sobre els problemes de comportament i les faltes de respecte que poden presentar els nens i adolescents. Aclarim quan passem a denominarl-los\u00a0trastorns de conducta. V\u00e0rem diferenciar actituds rebels de l&#8217;adolesc\u00e8ncia dels s\u00edmptomes d&#8217;un trastorn de conducta. Els pares\/mares ens feu moltes preguntes sobre aquest tema: qu\u00e8 hi ha darrere de les dificultats relacionades amb els trastorns de conducta? T\u00e9 a veure amb alguna cosa que hem fet nosaltres? I la pregunta estrella: S\u00f3n els nois avui dia m\u00e9s desobedients que en el passat? Ens hem&#8230;<\/p>\n","protected":false},"author":2,"featured_media":3134,"comment_status":"open","ping_status":"open","sticky":false,"template":"","format":"standard","meta":{"_acf_changed":false,"_exactmetrics_skip_tracking":false,"_exactmetrics_sitenote_active":false,"_exactmetrics_sitenote_note":"","_exactmetrics_sitenote_category":0,"footnotes":""},"categories":[1544],"tags":[984,985,940,982,581,983],"class_list":["post-3133","post","type-post","status-publish","format-standard","has-post-thumbnail","hentry","category-adolescents","tag-falta-de-respecte","tag-manques-de-respecte-adolescencia","tag-problemes-de-comportament","tag-problemes-de-conducta","tag-trastorn-de-conducta","tag-trastorns-de-conducta-adolescencia"],"acf":[],"yoast_head":"<!-- This site is optimized with the Yoast SEO plugin v27.4 - https:\/\/yoast.com\/product\/yoast-seo-wordpress\/ -->\n<title>Per qu\u00e8 alguns adolescents falten el respecte als pares?<\/title>\n<meta name=\"description\" content=\"Durant l&#039;adolesc\u00e8ncia alguns adolescents ens mostren la seva r\u00e0bia cap al moment adult, per\u00f2 quines s\u00f3n les causes dels trastorns de conducta?\" \/>\n<meta name=\"robots\" content=\"index, follow, max-snippet:-1, max-image-preview:large, max-video-preview:-1\" \/>\n<link rel=\"canonical\" href=\"https:\/\/www.centregrat.com\/ca\/faltes-respecte-adolescents\/\" \/>\n<meta property=\"og:locale\" content=\"ca_ES\" \/>\n<meta property=\"og:type\" content=\"article\" \/>\n<meta property=\"og:title\" content=\"Per qu\u00e8 alguns adolescents falten el respecte als pares?\" \/>\n<meta property=\"og:description\" content=\"Durant l&#039;adolesc\u00e8ncia alguns adolescents ens mostren la seva r\u00e0bia cap al moment adult, per\u00f2 quines s\u00f3n les causes dels trastorns de conducta?\" \/>\n<meta property=\"og:url\" content=\"https:\/\/www.centregrat.com\/ca\/faltes-respecte-adolescents\/\" \/>\n<meta property=\"og:site_name\" content=\"Centre GRAT | Centre de psicologia a Barcelona\" \/>\n<meta property=\"article:published_time\" content=\"2017-10-03T12:36:32+00:00\" \/>\n<meta property=\"article:modified_time\" content=\"2022-01-18T18:16:38+00:00\" \/>\n<meta property=\"og:image\" content=\"https:\/\/www.centregrat.com\/wp-content\/uploads\/2017\/10\/faltes-respecte-adolescencia-trastorns-conducta.jpg\" \/>\n\t<meta property=\"og:image:width\" content=\"1100\" \/>\n\t<meta property=\"og:image:height\" content=\"600\" \/>\n\t<meta property=\"og:image:type\" content=\"image\/jpeg\" \/>\n<meta name=\"author\" content=\"Centre Grat\" \/>\n<meta name=\"twitter:card\" content=\"summary_large_image\" \/>\n<meta name=\"twitter:label1\" content=\"Escrit per\" \/>\n\t<meta name=\"twitter:data1\" content=\"Centre Grat\" \/>\n\t<meta name=\"twitter:label2\" content=\"Temps estimat de lectura\" \/>\n\t<meta name=\"twitter:data2\" content=\"5 minuts\" \/>\n<script type=\"application\/ld+json\" class=\"yoast-schema-graph\">{\"@context\":\"https:\\\/\\\/schema.org\",\"@graph\":[{\"@type\":\"Article\",\"@id\":\"https:\\\/\\\/www.centregrat.com\\\/ca\\\/faltes-respecte-adolescents\\\/#article\",\"isPartOf\":{\"@id\":\"https:\\\/\\\/www.centregrat.com\\\/ca\\\/faltes-respecte-adolescents\\\/\"},\"author\":{\"name\":\"Centre Grat\",\"@id\":\"https:\\\/\\\/www.centregrat.com\\\/ca\\\/#\\\/schema\\\/person\\\/b2b01a7ecc622fa9a0a36e1370ecba97\"},\"headline\":\"PER QU\u00c8 ELS ADOLESCENTS FALTEN EL RESPECTE ALS PARES?\",\"datePublished\":\"2017-10-03T12:36:32+00:00\",\"dateModified\":\"2022-01-18T18:16:38+00:00\",\"mainEntityOfPage\":{\"@id\":\"https:\\\/\\\/www.centregrat.com\\\/ca\\\/faltes-respecte-adolescents\\\/\"},\"wordCount\":1075,\"commentCount\":4,\"publisher\":{\"@id\":\"https:\\\/\\\/www.centregrat.com\\\/ca\\\/#organization\"},\"image\":{\"@id\":\"https:\\\/\\\/www.centregrat.com\\\/ca\\\/faltes-respecte-adolescents\\\/#primaryimage\"},\"thumbnailUrl\":\"https:\\\/\\\/www.centregrat.com\\\/wp-content\\\/uploads\\\/2017\\\/10\\\/faltes-respecte-adolescencia-trastorns-conducta.jpg\",\"keywords\":[\"falta de respecte\",\"manques de respecte adolesc\u00e8ncia\",\"problemes de comportament\",\"problemes de conducta\",\"trastorn de conducta\",\"trastorns de conducta adolesc\u00e8ncia\"],\"articleSection\":[\"Adolescents\"],\"inLanguage\":\"ca\",\"potentialAction\":[{\"@type\":\"CommentAction\",\"name\":\"Comment\",\"target\":[\"https:\\\/\\\/www.centregrat.com\\\/ca\\\/faltes-respecte-adolescents\\\/#respond\"]}]},{\"@type\":\"WebPage\",\"@id\":\"https:\\\/\\\/www.centregrat.com\\\/ca\\\/faltes-respecte-adolescents\\\/\",\"url\":\"https:\\\/\\\/www.centregrat.com\\\/ca\\\/faltes-respecte-adolescents\\\/\",\"name\":\"Per qu\u00e8 alguns adolescents falten el respecte als pares?\",\"isPartOf\":{\"@id\":\"https:\\\/\\\/www.centregrat.com\\\/ca\\\/#website\"},\"primaryImageOfPage\":{\"@id\":\"https:\\\/\\\/www.centregrat.com\\\/ca\\\/faltes-respecte-adolescents\\\/#primaryimage\"},\"image\":{\"@id\":\"https:\\\/\\\/www.centregrat.com\\\/ca\\\/faltes-respecte-adolescents\\\/#primaryimage\"},\"thumbnailUrl\":\"https:\\\/\\\/www.centregrat.com\\\/wp-content\\\/uploads\\\/2017\\\/10\\\/faltes-respecte-adolescencia-trastorns-conducta.jpg\",\"datePublished\":\"2017-10-03T12:36:32+00:00\",\"dateModified\":\"2022-01-18T18:16:38+00:00\",\"description\":\"Durant l'adolesc\u00e8ncia alguns adolescents ens mostren la seva r\u00e0bia cap al moment adult, per\u00f2 quines s\u00f3n les causes dels trastorns de conducta?\",\"breadcrumb\":{\"@id\":\"https:\\\/\\\/www.centregrat.com\\\/ca\\\/faltes-respecte-adolescents\\\/#breadcrumb\"},\"inLanguage\":\"ca\",\"potentialAction\":[{\"@type\":\"ReadAction\",\"target\":[\"https:\\\/\\\/www.centregrat.com\\\/ca\\\/faltes-respecte-adolescents\\\/\"]}]},{\"@type\":\"ImageObject\",\"inLanguage\":\"ca\",\"@id\":\"https:\\\/\\\/www.centregrat.com\\\/ca\\\/faltes-respecte-adolescents\\\/#primaryimage\",\"url\":\"https:\\\/\\\/www.centregrat.com\\\/wp-content\\\/uploads\\\/2017\\\/10\\\/faltes-respecte-adolescencia-trastorns-conducta.jpg\",\"contentUrl\":\"https:\\\/\\\/www.centregrat.com\\\/wp-content\\\/uploads\\\/2017\\\/10\\\/faltes-respecte-adolescencia-trastorns-conducta.jpg\",\"width\":1100,\"height\":600},{\"@type\":\"BreadcrumbList\",\"@id\":\"https:\\\/\\\/www.centregrat.com\\\/ca\\\/faltes-respecte-adolescents\\\/#breadcrumb\",\"itemListElement\":[{\"@type\":\"ListItem\",\"position\":1,\"name\":\"Portada\",\"item\":\"https:\\\/\\\/www.centregrat.com\\\/ca\\\/\"},{\"@type\":\"ListItem\",\"position\":2,\"name\":\"PER QU\u00c8 ELS ADOLESCENTS FALTEN EL RESPECTE ALS PARES?\"}]},{\"@type\":\"WebSite\",\"@id\":\"https:\\\/\\\/www.centregrat.com\\\/ca\\\/#website\",\"url\":\"https:\\\/\\\/www.centregrat.com\\\/ca\\\/\",\"name\":\"Centre GRAT | Centre de psicologia a Barcelona\",\"description\":\"Millora la teva qualitat de vida. Et donem les eines necess\u00e0ries perqu\u00e8 aconsegueixis portar una vida satisfact\u00f2ria. Coneix el nostre centre de psicologia a Barcelona\",\"publisher\":{\"@id\":\"https:\\\/\\\/www.centregrat.com\\\/ca\\\/#organization\"},\"potentialAction\":[{\"@type\":\"SearchAction\",\"target\":{\"@type\":\"EntryPoint\",\"urlTemplate\":\"https:\\\/\\\/www.centregrat.com\\\/ca\\\/?s={search_term_string}\"},\"query-input\":{\"@type\":\"PropertyValueSpecification\",\"valueRequired\":true,\"valueName\":\"search_term_string\"}}],\"inLanguage\":\"ca\"},{\"@type\":\"Organization\",\"@id\":\"https:\\\/\\\/www.centregrat.com\\\/ca\\\/#organization\",\"name\":\"Centre GRAT\",\"url\":\"https:\\\/\\\/www.centregrat.com\\\/ca\\\/\",\"logo\":{\"@type\":\"ImageObject\",\"inLanguage\":\"ca\",\"@id\":\"https:\\\/\\\/www.centregrat.com\\\/ca\\\/#\\\/schema\\\/logo\\\/image\\\/\",\"url\":\"https:\\\/\\\/www.centregrat.com\\\/wp-content\\\/uploads\\\/2017\\\/03\\\/logo-grat-90-psicologia-educacio.png\",\"contentUrl\":\"https:\\\/\\\/www.centregrat.com\\\/wp-content\\\/uploads\\\/2017\\\/03\\\/logo-grat-90-psicologia-educacio.png\",\"width\":90,\"height\":90,\"caption\":\"Centre GRAT\"},\"image\":{\"@id\":\"https:\\\/\\\/www.centregrat.com\\\/ca\\\/#\\\/schema\\\/logo\\\/image\\\/\"}},{\"@type\":\"Person\",\"@id\":\"https:\\\/\\\/www.centregrat.com\\\/ca\\\/#\\\/schema\\\/person\\\/b2b01a7ecc622fa9a0a36e1370ecba97\",\"name\":\"Centre Grat\",\"image\":{\"@type\":\"ImageObject\",\"inLanguage\":\"ca\",\"@id\":\"https:\\\/\\\/secure.gravatar.com\\\/avatar\\\/7f86715d0984a8778cd2c958ac0676b28b1e18efbc7ac85723e5a2e4a9a4191f?s=96&d=mm&r=g\",\"url\":\"https:\\\/\\\/secure.gravatar.com\\\/avatar\\\/7f86715d0984a8778cd2c958ac0676b28b1e18efbc7ac85723e5a2e4a9a4191f?s=96&d=mm&r=g\",\"contentUrl\":\"https:\\\/\\\/secure.gravatar.com\\\/avatar\\\/7f86715d0984a8778cd2c958ac0676b28b1e18efbc7ac85723e5a2e4a9a4191f?s=96&d=mm&r=g\",\"caption\":\"Centre Grat\"}}]}<\/script>\n<!-- \/ Yoast SEO plugin. -->","yoast_head_json":{"title":"Per qu\u00e8 alguns adolescents falten el respecte als pares?","description":"Durant l'adolesc\u00e8ncia alguns adolescents ens mostren la seva r\u00e0bia cap al moment adult, per\u00f2 quines s\u00f3n les causes dels trastorns de conducta?","robots":{"index":"index","follow":"follow","max-snippet":"max-snippet:-1","max-image-preview":"max-image-preview:large","max-video-preview":"max-video-preview:-1"},"canonical":"https:\/\/www.centregrat.com\/ca\/faltes-respecte-adolescents\/","og_locale":"ca_ES","og_type":"article","og_title":"Per qu\u00e8 alguns adolescents falten el respecte als pares?","og_description":"Durant l'adolesc\u00e8ncia alguns adolescents ens mostren la seva r\u00e0bia cap al moment adult, per\u00f2 quines s\u00f3n les causes dels trastorns de conducta?","og_url":"https:\/\/www.centregrat.com\/ca\/faltes-respecte-adolescents\/","og_site_name":"Centre GRAT | Centre de psicologia a Barcelona","article_published_time":"2017-10-03T12:36:32+00:00","article_modified_time":"2022-01-18T18:16:38+00:00","og_image":[{"width":1100,"height":600,"url":"https:\/\/www.centregrat.com\/wp-content\/uploads\/2017\/10\/faltes-respecte-adolescencia-trastorns-conducta.jpg","type":"image\/jpeg"}],"author":"Centre Grat","twitter_card":"summary_large_image","twitter_misc":{"Escrit per":"Centre Grat","Temps estimat de lectura":"5 minuts"},"schema":{"@context":"https:\/\/schema.org","@graph":[{"@type":"Article","@id":"https:\/\/www.centregrat.com\/ca\/faltes-respecte-adolescents\/#article","isPartOf":{"@id":"https:\/\/www.centregrat.com\/ca\/faltes-respecte-adolescents\/"},"author":{"name":"Centre Grat","@id":"https:\/\/www.centregrat.com\/ca\/#\/schema\/person\/b2b01a7ecc622fa9a0a36e1370ecba97"},"headline":"PER QU\u00c8 ELS ADOLESCENTS FALTEN EL RESPECTE ALS PARES?","datePublished":"2017-10-03T12:36:32+00:00","dateModified":"2022-01-18T18:16:38+00:00","mainEntityOfPage":{"@id":"https:\/\/www.centregrat.com\/ca\/faltes-respecte-adolescents\/"},"wordCount":1075,"commentCount":4,"publisher":{"@id":"https:\/\/www.centregrat.com\/ca\/#organization"},"image":{"@id":"https:\/\/www.centregrat.com\/ca\/faltes-respecte-adolescents\/#primaryimage"},"thumbnailUrl":"https:\/\/www.centregrat.com\/wp-content\/uploads\/2017\/10\/faltes-respecte-adolescencia-trastorns-conducta.jpg","keywords":["falta de respecte","manques de respecte adolesc\u00e8ncia","problemes de comportament","problemes de conducta","trastorn de conducta","trastorns de conducta adolesc\u00e8ncia"],"articleSection":["Adolescents"],"inLanguage":"ca","potentialAction":[{"@type":"CommentAction","name":"Comment","target":["https:\/\/www.centregrat.com\/ca\/faltes-respecte-adolescents\/#respond"]}]},{"@type":"WebPage","@id":"https:\/\/www.centregrat.com\/ca\/faltes-respecte-adolescents\/","url":"https:\/\/www.centregrat.com\/ca\/faltes-respecte-adolescents\/","name":"Per qu\u00e8 alguns adolescents falten el respecte als pares?","isPartOf":{"@id":"https:\/\/www.centregrat.com\/ca\/#website"},"primaryImageOfPage":{"@id":"https:\/\/www.centregrat.com\/ca\/faltes-respecte-adolescents\/#primaryimage"},"image":{"@id":"https:\/\/www.centregrat.com\/ca\/faltes-respecte-adolescents\/#primaryimage"},"thumbnailUrl":"https:\/\/www.centregrat.com\/wp-content\/uploads\/2017\/10\/faltes-respecte-adolescencia-trastorns-conducta.jpg","datePublished":"2017-10-03T12:36:32+00:00","dateModified":"2022-01-18T18:16:38+00:00","description":"Durant l'adolesc\u00e8ncia alguns adolescents ens mostren la seva r\u00e0bia cap al moment adult, per\u00f2 quines s\u00f3n les causes dels trastorns de conducta?","breadcrumb":{"@id":"https:\/\/www.centregrat.com\/ca\/faltes-respecte-adolescents\/#breadcrumb"},"inLanguage":"ca","potentialAction":[{"@type":"ReadAction","target":["https:\/\/www.centregrat.com\/ca\/faltes-respecte-adolescents\/"]}]},{"@type":"ImageObject","inLanguage":"ca","@id":"https:\/\/www.centregrat.com\/ca\/faltes-respecte-adolescents\/#primaryimage","url":"https:\/\/www.centregrat.com\/wp-content\/uploads\/2017\/10\/faltes-respecte-adolescencia-trastorns-conducta.jpg","contentUrl":"https:\/\/www.centregrat.com\/wp-content\/uploads\/2017\/10\/faltes-respecte-adolescencia-trastorns-conducta.jpg","width":1100,"height":600},{"@type":"BreadcrumbList","@id":"https:\/\/www.centregrat.com\/ca\/faltes-respecte-adolescents\/#breadcrumb","itemListElement":[{"@type":"ListItem","position":1,"name":"Portada","item":"https:\/\/www.centregrat.com\/ca\/"},{"@type":"ListItem","position":2,"name":"PER QU\u00c8 ELS ADOLESCENTS FALTEN EL RESPECTE ALS PARES?"}]},{"@type":"WebSite","@id":"https:\/\/www.centregrat.com\/ca\/#website","url":"https:\/\/www.centregrat.com\/ca\/","name":"Centre GRAT | Centre de psicologia a Barcelona","description":"Millora la teva qualitat de vida. Et donem les eines necess\u00e0ries perqu\u00e8 aconsegueixis portar una vida satisfact\u00f2ria. Coneix el nostre centre de psicologia a Barcelona","publisher":{"@id":"https:\/\/www.centregrat.com\/ca\/#organization"},"potentialAction":[{"@type":"SearchAction","target":{"@type":"EntryPoint","urlTemplate":"https:\/\/www.centregrat.com\/ca\/?s={search_term_string}"},"query-input":{"@type":"PropertyValueSpecification","valueRequired":true,"valueName":"search_term_string"}}],"inLanguage":"ca"},{"@type":"Organization","@id":"https:\/\/www.centregrat.com\/ca\/#organization","name":"Centre GRAT","url":"https:\/\/www.centregrat.com\/ca\/","logo":{"@type":"ImageObject","inLanguage":"ca","@id":"https:\/\/www.centregrat.com\/ca\/#\/schema\/logo\/image\/","url":"https:\/\/www.centregrat.com\/wp-content\/uploads\/2017\/03\/logo-grat-90-psicologia-educacio.png","contentUrl":"https:\/\/www.centregrat.com\/wp-content\/uploads\/2017\/03\/logo-grat-90-psicologia-educacio.png","width":90,"height":90,"caption":"Centre GRAT"},"image":{"@id":"https:\/\/www.centregrat.com\/ca\/#\/schema\/logo\/image\/"}},{"@type":"Person","@id":"https:\/\/www.centregrat.com\/ca\/#\/schema\/person\/b2b01a7ecc622fa9a0a36e1370ecba97","name":"Centre Grat","image":{"@type":"ImageObject","inLanguage":"ca","@id":"https:\/\/secure.gravatar.com\/avatar\/7f86715d0984a8778cd2c958ac0676b28b1e18efbc7ac85723e5a2e4a9a4191f?s=96&d=mm&r=g","url":"https:\/\/secure.gravatar.com\/avatar\/7f86715d0984a8778cd2c958ac0676b28b1e18efbc7ac85723e5a2e4a9a4191f?s=96&d=mm&r=g","contentUrl":"https:\/\/secure.gravatar.com\/avatar\/7f86715d0984a8778cd2c958ac0676b28b1e18efbc7ac85723e5a2e4a9a4191f?s=96&d=mm&r=g","caption":"Centre Grat"}}]}},"_links":{"self":[{"href":"https:\/\/www.centregrat.com\/ca\/wp-json\/wp\/v2\/posts\/3133","targetHints":{"allow":["GET"]}}],"collection":[{"href":"https:\/\/www.centregrat.com\/ca\/wp-json\/wp\/v2\/posts"}],"about":[{"href":"https:\/\/www.centregrat.com\/ca\/wp-json\/wp\/v2\/types\/post"}],"author":[{"embeddable":true,"href":"https:\/\/www.centregrat.com\/ca\/wp-json\/wp\/v2\/users\/2"}],"replies":[{"embeddable":true,"href":"https:\/\/www.centregrat.com\/ca\/wp-json\/wp\/v2\/comments?post=3133"}],"version-history":[{"count":5,"href":"https:\/\/www.centregrat.com\/ca\/wp-json\/wp\/v2\/posts\/3133\/revisions"}],"predecessor-version":[{"id":21020,"href":"https:\/\/www.centregrat.com\/ca\/wp-json\/wp\/v2\/posts\/3133\/revisions\/21020"}],"wp:featuredmedia":[{"embeddable":true,"href":"https:\/\/www.centregrat.com\/ca\/wp-json\/wp\/v2\/media\/3134"}],"wp:attachment":[{"href":"https:\/\/www.centregrat.com\/ca\/wp-json\/wp\/v2\/media?parent=3133"}],"wp:term":[{"taxonomy":"category","embeddable":true,"href":"https:\/\/www.centregrat.com\/ca\/wp-json\/wp\/v2\/categories?post=3133"},{"taxonomy":"post_tag","embeddable":true,"href":"https:\/\/www.centregrat.com\/ca\/wp-json\/wp\/v2\/tags?post=3133"}],"curies":[{"name":"wp","href":"https:\/\/api.w.org\/{rel}","templated":true}]}}