{"id":4771,"date":"2018-03-12T10:04:43","date_gmt":"2018-03-12T10:04:43","guid":{"rendered":"https:\/\/www.centregrat.com\/familias-enlazadas\/"},"modified":"2022-01-03T22:26:31","modified_gmt":"2022-01-03T22:26:31","slug":"families-enllacades","status":"publish","type":"post","link":"https:\/\/www.centregrat.com\/ca\/families-enllacades\/","title":{"rendered":"SURTO AMB ALG\u00da QUE TAMB\u00c9 T\u00c9 FILLS"},"content":{"rendered":"<h1>Fam\u00edlies enlla\u00e7ades<\/h1>\n<p>Se li ha denominat <strong>fam\u00edlies enlla\u00e7ades, assemblades o reconstitu\u00efdes<\/strong> a les fam\u00edlies que <strong>es construeixen a partir d&#8217;una parella amb fills d&#8217;anteriors relacions.<\/strong> Moltes s\u00f3n les parelles en l&#8217;actualitat que s&#8217;ajunten aportant fills per una o per ambdues parts d&#8217;anteriors relacions, ja que la separaci\u00f3 i el divorci s&#8217;han normalitzat donant possibilitat a aquesta nova realitat<\/p>\n<p>El concepte de reconstituir, encara que a nivell acad\u00e8mic ha estat el m\u00e9s utilitzat, ens sembla que no reflecteix b\u00e9 la realitat. Aquestes fam\u00edlies no reconstitueixen alguna cosa que s&#8217;hagu\u00e9s desfet, sin\u00f3 que <strong>enllacen dues realitats familiars que abans succe\u00efen per separat.<\/strong> \u00c9s a dir, s&#8217;enllacen i creen alguna cosa nou.<\/p>\n<h1>De parella al rol de pare\/mare<\/h1>\n<p>Si ens enamorem d&#8217;alg\u00fa que ja t\u00e9 fills i la relaci\u00f3 evoluciona cap a la conviv\u00e8ncia, \u00e9s probable que <strong>haguem d&#8217;exercir algun tipus de rol en la crian\u00e7a d&#8217;uns nens que no s\u00f3n els nostres.<\/strong> \u00c9s un model de fam\u00edlia que no \u00e9s gens nou, les madrastres i els padrastres existeixen fa segles. En generacions anteriors es formaven normalment per haver enviduat, per\u00f2 en l&#8217;actualitat veiem amb m\u00e9s freq\u00fc\u00e8ncia la separaci\u00f3 darrere d&#8217;aquestes fam\u00edlies.<img loading=\"lazy\" decoding=\"async\" class=\"size-medium wp-image-4712 alignleft\" src=\"https:\/\/www.centregrat.com\/wp-content\/uploads\/2018\/03\/familias-enlazadas3-300x243.jpg\" alt=\"familias-enlazadas3\" width=\"300\" height=\"243\" srcset=\"https:\/\/www.centregrat.com\/wp-content\/uploads\/2018\/03\/familias-enlazadas3-300x243.jpg 300w, https:\/\/www.centregrat.com\/wp-content\/uploads\/2018\/03\/familias-enlazadas3-768x622.jpg 768w, https:\/\/www.centregrat.com\/wp-content\/uploads\/2018\/03\/familias-enlazadas3-1024x829.jpg 1024w, https:\/\/www.centregrat.com\/wp-content\/uploads\/2018\/03\/familias-enlazadas3-610x494.jpg 610w, https:\/\/www.centregrat.com\/wp-content\/uploads\/2018\/03\/familias-enlazadas3-700x567.jpg 700w, https:\/\/www.centregrat.com\/wp-content\/uploads\/2018\/03\/familias-enlazadas3.jpg 1920w\" sizes=\"auto, (max-width: 300px) 100vw, 300px\" \/><br \/>\nQuan arriben <strong>fam\u00edlies enlla\u00e7ades<\/strong> a la consulta dels terapeutes de parella o de fam\u00edlia, el seu motiu de consulta sol ser que les <strong>dificultats amb els fills d&#8217;un o un altre han comen\u00e7at a afectar a la relaci\u00f3 de parella<\/strong> i minat la confian\u00e7a entre ells.<\/p>\n<p>Una mala gesti\u00f3 dels conflictes amb fills portar\u00e0 amb molta probabilitat a una crisi amb la parella. \u00c9s com\u00fa que cadascun, davant el dubte, acabi protegint als seus propis fills. &#8220;El primer s\u00f3n els meus fills&#8221;, que se sol dir&#8230;<\/p>\n<h1><\/h1>\n<h1>Diferents necessitats i temps dels pares i els fills<\/h1>\n<p>Quan dues persones inicien una relaci\u00f3 i estan en la f<strong>ase de enamorament senten molta necessitat de compartir temps junts.<\/strong> En aquestes situacions la parella pot tenir pressa a comen\u00e7ar a conviure junts i intentar accelerar el proc\u00e9s. A m\u00e9s, com el treball i els fills impliquen la major part del temps, la conviv\u00e8ncia apareix com l&#8217;\u00fanica opci\u00f3 per poder veure&#8217;s m\u00e9s.<\/p>\n<p><img loading=\"lazy\" decoding=\"async\" class=\"size-medium wp-image-4709 alignleft\" src=\"https:\/\/www.centregrat.com\/wp-content\/uploads\/2018\/03\/familias-enlazadas2-300x200.jpg\" alt=\"familias-enlazadas2\" width=\"300\" height=\"200\" srcset=\"https:\/\/www.centregrat.com\/wp-content\/uploads\/2018\/03\/familias-enlazadas2-300x200.jpg 300w, https:\/\/www.centregrat.com\/wp-content\/uploads\/2018\/03\/familias-enlazadas2-768x512.jpg 768w, https:\/\/www.centregrat.com\/wp-content\/uploads\/2018\/03\/familias-enlazadas2-1024x682.jpg 1024w, https:\/\/www.centregrat.com\/wp-content\/uploads\/2018\/03\/familias-enlazadas2-610x407.jpg 610w, https:\/\/www.centregrat.com\/wp-content\/uploads\/2018\/03\/familias-enlazadas2-700x466.jpg 700w, https:\/\/www.centregrat.com\/wp-content\/uploads\/2018\/03\/familias-enlazadas2.jpg 1280w\" sizes=\"auto, (max-width: 300px) 100vw, 300px\" \/>D&#8217;altra banda estan els fills. Ells s&#8217;han hagut d&#8217;adaptar a una nova situaci\u00f3 despr\u00e9s de la separaci\u00f3 dels pares. Aix\u00f2 fa que<strong> els fills necessitin un temps superior per comen\u00e7ar a poder assimilar a una nova figura.<\/strong> Poden viure a la nova parella com alg\u00fa que els lleva temps a compartir el seu pare o la seva mare. Hem de tenir en compte que quan una parella se separa ja porta un temps fent-se a la idea d&#8217;aquest desenlla\u00e7. En canvi, els fills, sobretot si s\u00f3n petits, han de fer-se a la idea a partir del moment que se&#8217;ls comunica aquesta situaci\u00f3. <strong>Els temps dels adults i dels nens s\u00f3n diferents.<\/strong><\/p>\n<p>Aquest proc\u00e9s d&#8217;enlla\u00e7ar-se ha de fer-se <strong>molt delicadament i respectuosament cap als sentiments dels fills.<\/strong> En cas contrari, \u00e9s f\u00e0cil que es comencin a crear tensions i que aix\u00f2 acabi repercutint en una relaci\u00f3 de parella encara per consolidar. La imatge de tenir una fam\u00edlia unida \u00e9s molt bonica en la imaginaci\u00f3, per\u00f2 molt m\u00e9s complex de portar a la pr\u00e0ctica.<\/p>\n<h1>Coses a tenir en compte<\/h1>\n<h2>Afecte i respecte sobretot<\/h2>\n<p>El sentit com\u00fa ens diu que un <strong>ha de ser especialment cur\u00f3s\u00a0amb els fills de la parella.<\/strong> Aquesta nova relaci\u00f3 ha d&#8217;establir-se amb <strong>molt afecte i molt respecte cap al nen<\/strong>. Un error molt freq\u00fcent \u00e9s comen\u00e7ar a posar normes sobre un nen que no \u00e9s nostre i que no sabem com va a acceptar la nostra autoritat.<\/p>\n<p>L&#8217;autoritat no la guanyem pel fet de ser adults, sin\u00f3 que es guanya en la relaci\u00f3 amb el nen. I estem parlant d&#8217;una autoritat amorosa, que posa l\u00edmits per protegir. Hem de diferenciar autoritat de l&#8217;autoritarisme que s&#8217;imposa per reafirmar qui mana.<img loading=\"lazy\" decoding=\"async\" class=\"size-medium wp-image-4713 alignright\" src=\"https:\/\/www.centregrat.com\/wp-content\/uploads\/2018\/03\/familias-enlazadas4-300x139.jpg\" alt=\"familias-enlazadas4\" width=\"300\" height=\"139\" srcset=\"https:\/\/www.centregrat.com\/wp-content\/uploads\/2018\/03\/familias-enlazadas4-300x139.jpg 300w, https:\/\/www.centregrat.com\/wp-content\/uploads\/2018\/03\/familias-enlazadas4-768x357.jpg 768w, https:\/\/www.centregrat.com\/wp-content\/uploads\/2018\/03\/familias-enlazadas4-1024x476.jpg 1024w, https:\/\/www.centregrat.com\/wp-content\/uploads\/2018\/03\/familias-enlazadas4-610x283.jpg 610w, https:\/\/www.centregrat.com\/wp-content\/uploads\/2018\/03\/familias-enlazadas4-700x325.jpg 700w, https:\/\/www.centregrat.com\/wp-content\/uploads\/2018\/03\/familias-enlazadas4.jpg 1920w\" sizes=\"auto, (max-width: 300px) 100vw, 300px\" \/><\/p>\n<h2>Quin paper em d\u00f3nes i quin paper vull?<\/h2>\n<p>Encara\u00a0m\u00e9s important \u00e9s el paper que ens atorgar\u00e0 la mare o pare biol\u00f2gics amb els seus fills. Una bona regla \u00e9s que <strong>davant el dubte millor fer un pas enrere.<\/strong> Deixar que siguin els pares biol\u00f2gics els que portin la veu cantant i resolguin les situacions amb els seus propis fills.<\/p>\n<p>Es poden buscar f\u00f3rmules del tipus: el pare o la mare s\u00f3n la figura principal. Al costat de la seva ex-parella prenen les decisions importants. <strong>La nova parella pren la iniciativa quan es troba sol\/a amb els nens i no pot posposar la decisi\u00f3 per actuar.<\/strong><\/p>\n<p>\u00c9s important que el pare\/mare biol\u00f2gic no delegui en la nova parella les seves responsabilitats de crian\u00e7a. Aix\u00f2 pot ser viscut pels fills com un aband\u00f3 i repercutir negativament a tota la fam\u00edlia.<\/p>\n<h2>L&#8217;edat dels nen<\/h2>\n<p>L&#8217;edat dels nens tamb\u00e9 \u00e9s un factor a tenir en compte:<\/p>\n<p>Les fam\u00edlies enlla\u00e7ades amb nens petits aconsegueixen crear m\u00e9s f\u00e0cilment un clima familiar unit. <strong>Els nens m\u00e9s petits permeten fomentar espais i activitats m\u00e9s f\u00e0cilment.<\/strong> Les fam\u00edlies enlla\u00e7ades amb fills preadolescentes o adolescents han de ser m\u00e9s sensibles a les particularitats d&#8217;aquesta etapa.<\/p>\n<h1>Per\u00f2 no tot en aquestes fam\u00edlies s\u00f3n dificultats!<\/h1>\n<p>Aquestes configuracions familiars tamb\u00e9 <strong>poden aportar experi\u00e8ncies molt riques i noves als integrants de la nova fam\u00edlia.<\/strong> Per exemple, aquells nens que s\u00f3n fills \u00fanics poden tenir l&#8217;experi\u00e8ncia de viure amb els seus nous germans.<\/p>\n<p>Aix\u00f2 tamb\u00e9 pot succeir amb adults. Alguns que no s&#8217;havien plantejat tenir fills podran gaudir ara de la el m\u00f3n de la crian\u00e7a. Uns altres que nom\u00e9s havien tingut un fill i volien donar-li un germanet\/a podran fer el seu desig realitat.<\/p>\n<p>&nbsp;<\/p>\n<p style=\"text-align: right;\"><strong><em>Pablo Quiroga. Col. 14679<\/em><\/strong><\/p>\n<p style=\"text-align: right;\"><strong><em>Mar\u00eda Mart\u00edn. Col. 15745<\/em><\/strong><\/p>\n<p style=\"text-align: right;\"><strong><em>Psic\u00f2legs especialistes en ter\u00e0pia familiar i de parella<\/em><\/strong><\/p>\n<h2><\/h2>\n<h2 style=\"text-align: center;\">Vols fer-nos una consulta?<\/h2>\n<p style=\"text-align: center;\">Els nostres professionals estan al teu servei per a ajudar-te, tamb\u00e9 visitem online!<\/p>\n<p style=\"text-align: center;\"><a href=\"https:\/\/www.centregrat.com\/\">Contacta amb nosaltres!<\/a><\/p>\n<h2>Si t&#8217;ha interessat aquest article, pot ser que tamb\u00e9 t&#8217;interessi:<\/h2>\n<ul>\n<li><a href=\"https:\/\/www.centregrat.com\/expectatives-relacio-parella\/\">Expectatives i relaci\u00f3 de parella: entre all\u00f2 ideal i all\u00f2 real.<\/a><\/li>\n<li><a href=\"https:\/\/www.centregrat.com\/dol-per-ruptura-sentimental\/\">El dol per ruptura sentimental.<\/a><\/li>\n<li><a href=\"https:\/\/www.centregrat.com\/tractament-problemes-sexuals\/\">Els problemes sexuals tenen soluci\u00f3.<\/a><\/li>\n<li><a href=\"https:\/\/www.centregrat.com\/crisi-parella-oportunitat-reforcar-relacio\/\">Crisi de parella: una oportunitat per refor\u00e7ar la relaci\u00f3<\/a><\/li>\n<li><a href=\"https:\/\/www.centregrat.com\/dol-mort-coronavirus-covid-19\/\">Afrontar el dol en una mort per coronavirus.<\/a><\/li>\n<li><a href=\"https:\/\/www.centregrat.com\/perdonar-una-infidelitat\/\">Perdonaries una infidelitat?<\/a><\/li>\n<li><a href=\"https:\/\/www.centregrat.com\/crisi-parella-oportunitat-reforcar-relacio\/\">Crisi de parella: una oportunitat per refor\u00e7ar la relaci\u00f3.<\/a><\/li>\n<li><a href=\"https:\/\/www.centregrat.com\/us-mobil-xarxes-socials-parella\/\">Deixa de mirar el m\u00f2bil, em tens davant!<\/a><\/li>\n<li><a href=\"https:\/\/www.centregrat.com\/depedencia-emocional-en-parella\/\">Est\u00e0s en una relaci\u00f3 de depend\u00e8ncia emocional?<\/a><\/li>\n<li><a href=\"https:\/\/www.centregrat.com\/com-deixar-de-compararse-amb-els-altres\/\">8 preguntes per a reflexionar i deixar de comparar-te amb els altres.<\/a><\/li>\n<li><a href=\"https:\/\/www.centregrat.com\/separar-se-be-fills\/\">Com separar-se (b\u00e9) amb fills?<\/a><\/li>\n<li><a href=\"https:\/\/www.centregrat.com\/estar-prima-trastorns-alimentacio\/\">Vull estar prima, aix\u00ed ser\u00e9 feli\u00e7.<\/a><\/li>\n<li><a href=\"https:\/\/www.centregrat.com\/crisi-parella-fills\/\">Crisi de parella amb l&#8217;arribada dels fills<\/a><\/li>\n<li><a href=\"https:\/\/www.centregrat.com\/cuida-la-teva-relacio-de-parella\/\">Cuida la teva relaci\u00f3 de parella.<\/a><\/li>\n<li><a href=\"https:\/\/www.centregrat.com\/com-aturar-discussions-de-parella\/\">Apr\u00e8n a discutir en parella sense perdre el control.<\/a><\/li>\n<li><a href=\"https:\/\/www.centregrat.com\/com-recuperar-la-passio-a-la-teva-relacio-de-parella-8-consells-per-a-parelles-amb-i-sense-fills\/\">Com recuperar la passi\u00f3 en la teva relaci\u00f3 de parella? 8 consells per a parelles (amb i sense fills).<\/a><\/li>\n<li><a href=\"https:\/\/www.centregrat.com\/es-possible-superar-una-infidelitat\/\">\u00c9s possible superar una infidelitat?<\/a><\/li>\n<li><a href=\"https:\/\/www.centregrat.com\/apren-a-discutir-en-parella-sense-perdre-el-control\/\">\u00a0Apr\u00e8n a discutir en parella sense perdre el control.<\/a><\/li>\n<li><a href=\"https:\/\/www.centregrat.com\/gelos-i-xarxes-socials\/\">\u00a0Viure avui en parella: Facebook, whatsapp i altres embolics&#8230;<\/a><\/li>\n<\/ul>\n<p style=\"text-align: center;\"><a href=\"https:\/\/www.centregrat.com\/terapia-de-parella-barcelona\/\">T&#8217;ajudem en la nostra Unitat de Ter\u00e0pia de Pareja<\/a><\/p>\n","protected":false},"excerpt":{"rendered":"<p>Fam\u00edlies enlla\u00e7ades Se li ha denominat fam\u00edlies enlla\u00e7ades, assemblades o reconstitu\u00efdes a les fam\u00edlies que es construeixen a partir d&#8217;una parella amb fills d&#8217;anteriors relacions. Moltes s\u00f3n les parelles en l&#8217;actualitat que s&#8217;ajunten aportant fills per una o per ambdues parts d&#8217;anteriors relacions, ja que la separaci\u00f3 i el divorci s&#8217;han normalitzat donant possibilitat a aquesta nova realitat El concepte de reconstituir, encara que a nivell acad\u00e8mic ha estat el m\u00e9s utilitzat, ens sembla que no reflecteix b\u00e9 la realitat. Aquestes fam\u00edlies no reconstitueixen alguna cosa que s&#8217;hagu\u00e9s desfet, sin\u00f3 que enllacen dues realitats familiars que abans succe\u00efen per separat&#8230;.<\/p>\n","protected":false},"author":2,"featured_media":4706,"comment_status":"open","ping_status":"closed","sticky":false,"template":"","format":"standard","meta":{"_acf_changed":false,"_exactmetrics_skip_tracking":false,"_exactmetrics_sitenote_active":false,"_exactmetrics_sitenote_note":"","_exactmetrics_sitenote_category":0,"footnotes":""},"categories":[778],"tags":[1112,1113,562],"class_list":["post-4771","post","type-post","status-publish","format-standard","has-post-thumbnail","hentry","category-parella","tag-families-enllacades","tag-families-reconstituides","tag-terapia-de-parella"],"acf":[],"yoast_head":"<!-- This site is optimized with the Yoast SEO plugin v27.4 - https:\/\/yoast.com\/product\/yoast-seo-wordpress\/ -->\n<title>Surto amb alg\u00fa que tamb\u00e9 t\u00e9 fills - Fam\u00edlies enlla\u00e7ades<\/title>\n<meta name=\"description\" content=\"Les fam\u00edlies enlla\u00e7ades s\u00f3n una nova realitat familiar que afronta uns reptes en enlla\u00e7ar fills d&#039;anteriors relacions. Complexitat i riquesa relacional.\" \/>\n<meta name=\"robots\" content=\"index, follow, max-snippet:-1, max-image-preview:large, max-video-preview:-1\" \/>\n<link rel=\"canonical\" href=\"https:\/\/www.centregrat.com\/ca\/families-enllacades\/\" \/>\n<meta property=\"og:locale\" content=\"ca_ES\" \/>\n<meta property=\"og:type\" content=\"article\" \/>\n<meta property=\"og:title\" content=\"Surto amb alg\u00fa que tamb\u00e9 t\u00e9 fills - Fam\u00edlies enlla\u00e7ades\" \/>\n<meta property=\"og:description\" content=\"Les fam\u00edlies enlla\u00e7ades s\u00f3n una nova realitat familiar que afronta uns reptes en enlla\u00e7ar fills d&#039;anteriors relacions. Complexitat i riquesa relacional.\" \/>\n<meta property=\"og:url\" content=\"https:\/\/www.centregrat.com\/ca\/families-enllacades\/\" \/>\n<meta property=\"og:site_name\" content=\"Centre GRAT | Centre de psicologia a Barcelona\" \/>\n<meta property=\"article:published_time\" content=\"2018-03-12T10:04:43+00:00\" \/>\n<meta property=\"article:modified_time\" content=\"2022-01-03T22:26:31+00:00\" \/>\n<meta property=\"og:image\" content=\"https:\/\/www.centregrat.com\/wp-content\/uploads\/2018\/03\/fam\u00edlies-enlla\u00e7ades.jpg\" \/>\n\t<meta property=\"og:image:width\" content=\"1100\" \/>\n\t<meta property=\"og:image:height\" content=\"600\" \/>\n\t<meta property=\"og:image:type\" content=\"image\/jpeg\" \/>\n<meta name=\"author\" content=\"Centre Grat\" \/>\n<meta name=\"twitter:card\" content=\"summary_large_image\" \/>\n<meta name=\"twitter:image\" content=\"https:\/\/www.centregrat.com\/wp-content\/uploads\/2018\/03\/familias-enlazadas-1.jpg\" \/>\n<meta name=\"twitter:label1\" content=\"Escrit per\" \/>\n\t<meta name=\"twitter:data1\" content=\"Centre Grat\" \/>\n\t<meta name=\"twitter:label2\" content=\"Temps estimat de lectura\" \/>\n\t<meta name=\"twitter:data2\" content=\"6 minuts\" \/>\n<script type=\"application\/ld+json\" class=\"yoast-schema-graph\">{\"@context\":\"https:\\\/\\\/schema.org\",\"@graph\":[{\"@type\":\"Article\",\"@id\":\"https:\\\/\\\/www.centregrat.com\\\/ca\\\/families-enllacades\\\/#article\",\"isPartOf\":{\"@id\":\"https:\\\/\\\/www.centregrat.com\\\/ca\\\/families-enllacades\\\/\"},\"author\":{\"name\":\"Centre Grat\",\"@id\":\"https:\\\/\\\/www.centregrat.com\\\/ca\\\/#\\\/schema\\\/person\\\/b2b01a7ecc622fa9a0a36e1370ecba97\"},\"headline\":\"SURTO AMB ALG\u00da QUE TAMB\u00c9 T\u00c9 FILLS\",\"datePublished\":\"2018-03-12T10:04:43+00:00\",\"dateModified\":\"2022-01-03T22:26:31+00:00\",\"mainEntityOfPage\":{\"@id\":\"https:\\\/\\\/www.centregrat.com\\\/ca\\\/families-enllacades\\\/\"},\"wordCount\":1209,\"commentCount\":0,\"publisher\":{\"@id\":\"https:\\\/\\\/www.centregrat.com\\\/ca\\\/#organization\"},\"image\":{\"@id\":\"https:\\\/\\\/www.centregrat.com\\\/ca\\\/families-enllacades\\\/#primaryimage\"},\"thumbnailUrl\":\"https:\\\/\\\/www.centregrat.com\\\/wp-content\\\/uploads\\\/2018\\\/03\\\/fam\u00edlies-enlla\u00e7ades.jpg\",\"keywords\":[\"fam\u00edlies enlla\u00e7ades\",\"fam\u00edlies reconstitu\u00efdes\",\"terapia de parella\"],\"articleSection\":[\"Parella\"],\"inLanguage\":\"ca\",\"potentialAction\":[{\"@type\":\"CommentAction\",\"name\":\"Comment\",\"target\":[\"https:\\\/\\\/www.centregrat.com\\\/ca\\\/families-enllacades\\\/#respond\"]}]},{\"@type\":\"WebPage\",\"@id\":\"https:\\\/\\\/www.centregrat.com\\\/ca\\\/families-enllacades\\\/\",\"url\":\"https:\\\/\\\/www.centregrat.com\\\/ca\\\/families-enllacades\\\/\",\"name\":\"Surto amb alg\u00fa que tamb\u00e9 t\u00e9 fills - Fam\u00edlies enlla\u00e7ades\",\"isPartOf\":{\"@id\":\"https:\\\/\\\/www.centregrat.com\\\/ca\\\/#website\"},\"primaryImageOfPage\":{\"@id\":\"https:\\\/\\\/www.centregrat.com\\\/ca\\\/families-enllacades\\\/#primaryimage\"},\"image\":{\"@id\":\"https:\\\/\\\/www.centregrat.com\\\/ca\\\/families-enllacades\\\/#primaryimage\"},\"thumbnailUrl\":\"https:\\\/\\\/www.centregrat.com\\\/wp-content\\\/uploads\\\/2018\\\/03\\\/fam\u00edlies-enlla\u00e7ades.jpg\",\"datePublished\":\"2018-03-12T10:04:43+00:00\",\"dateModified\":\"2022-01-03T22:26:31+00:00\",\"description\":\"Les fam\u00edlies enlla\u00e7ades s\u00f3n una nova realitat familiar que afronta uns reptes en enlla\u00e7ar fills d'anteriors relacions. Complexitat i riquesa relacional.\",\"breadcrumb\":{\"@id\":\"https:\\\/\\\/www.centregrat.com\\\/ca\\\/families-enllacades\\\/#breadcrumb\"},\"inLanguage\":\"ca\",\"potentialAction\":[{\"@type\":\"ReadAction\",\"target\":[\"https:\\\/\\\/www.centregrat.com\\\/ca\\\/families-enllacades\\\/\"]}]},{\"@type\":\"ImageObject\",\"inLanguage\":\"ca\",\"@id\":\"https:\\\/\\\/www.centregrat.com\\\/ca\\\/families-enllacades\\\/#primaryimage\",\"url\":\"https:\\\/\\\/www.centregrat.com\\\/wp-content\\\/uploads\\\/2018\\\/03\\\/fam\u00edlies-enlla\u00e7ades.jpg\",\"contentUrl\":\"https:\\\/\\\/www.centregrat.com\\\/wp-content\\\/uploads\\\/2018\\\/03\\\/fam\u00edlies-enlla\u00e7ades.jpg\",\"width\":1100,\"height\":600,\"caption\":\"fam\u00edlies-enlla\u00e7ades\"},{\"@type\":\"BreadcrumbList\",\"@id\":\"https:\\\/\\\/www.centregrat.com\\\/ca\\\/families-enllacades\\\/#breadcrumb\",\"itemListElement\":[{\"@type\":\"ListItem\",\"position\":1,\"name\":\"Portada\",\"item\":\"https:\\\/\\\/www.centregrat.com\\\/ca\\\/\"},{\"@type\":\"ListItem\",\"position\":2,\"name\":\"SURTO AMB ALG\u00da QUE TAMB\u00c9 T\u00c9 FILLS\"}]},{\"@type\":\"WebSite\",\"@id\":\"https:\\\/\\\/www.centregrat.com\\\/ca\\\/#website\",\"url\":\"https:\\\/\\\/www.centregrat.com\\\/ca\\\/\",\"name\":\"Centre GRAT | Centre de psicologia a Barcelona\",\"description\":\"Millora la teva qualitat de vida. Et donem les eines necess\u00e0ries perqu\u00e8 aconsegueixis portar una vida satisfact\u00f2ria. Coneix el nostre centre de psicologia a Barcelona\",\"publisher\":{\"@id\":\"https:\\\/\\\/www.centregrat.com\\\/ca\\\/#organization\"},\"potentialAction\":[{\"@type\":\"SearchAction\",\"target\":{\"@type\":\"EntryPoint\",\"urlTemplate\":\"https:\\\/\\\/www.centregrat.com\\\/ca\\\/?s={search_term_string}\"},\"query-input\":{\"@type\":\"PropertyValueSpecification\",\"valueRequired\":true,\"valueName\":\"search_term_string\"}}],\"inLanguage\":\"ca\"},{\"@type\":\"Organization\",\"@id\":\"https:\\\/\\\/www.centregrat.com\\\/ca\\\/#organization\",\"name\":\"Centre GRAT\",\"url\":\"https:\\\/\\\/www.centregrat.com\\\/ca\\\/\",\"logo\":{\"@type\":\"ImageObject\",\"inLanguage\":\"ca\",\"@id\":\"https:\\\/\\\/www.centregrat.com\\\/ca\\\/#\\\/schema\\\/logo\\\/image\\\/\",\"url\":\"https:\\\/\\\/www.centregrat.com\\\/wp-content\\\/uploads\\\/2017\\\/03\\\/logo-grat-90-psicologia-educacio.png\",\"contentUrl\":\"https:\\\/\\\/www.centregrat.com\\\/wp-content\\\/uploads\\\/2017\\\/03\\\/logo-grat-90-psicologia-educacio.png\",\"width\":90,\"height\":90,\"caption\":\"Centre GRAT\"},\"image\":{\"@id\":\"https:\\\/\\\/www.centregrat.com\\\/ca\\\/#\\\/schema\\\/logo\\\/image\\\/\"}},{\"@type\":\"Person\",\"@id\":\"https:\\\/\\\/www.centregrat.com\\\/ca\\\/#\\\/schema\\\/person\\\/b2b01a7ecc622fa9a0a36e1370ecba97\",\"name\":\"Centre Grat\",\"image\":{\"@type\":\"ImageObject\",\"inLanguage\":\"ca\",\"@id\":\"https:\\\/\\\/secure.gravatar.com\\\/avatar\\\/7f86715d0984a8778cd2c958ac0676b28b1e18efbc7ac85723e5a2e4a9a4191f?s=96&d=mm&r=g\",\"url\":\"https:\\\/\\\/secure.gravatar.com\\\/avatar\\\/7f86715d0984a8778cd2c958ac0676b28b1e18efbc7ac85723e5a2e4a9a4191f?s=96&d=mm&r=g\",\"contentUrl\":\"https:\\\/\\\/secure.gravatar.com\\\/avatar\\\/7f86715d0984a8778cd2c958ac0676b28b1e18efbc7ac85723e5a2e4a9a4191f?s=96&d=mm&r=g\",\"caption\":\"Centre Grat\"}}]}<\/script>\n<!-- \/ Yoast SEO plugin. -->","yoast_head_json":{"title":"Surto amb alg\u00fa que tamb\u00e9 t\u00e9 fills - Fam\u00edlies enlla\u00e7ades","description":"Les fam\u00edlies enlla\u00e7ades s\u00f3n una nova realitat familiar que afronta uns reptes en enlla\u00e7ar fills d'anteriors relacions. Complexitat i riquesa relacional.","robots":{"index":"index","follow":"follow","max-snippet":"max-snippet:-1","max-image-preview":"max-image-preview:large","max-video-preview":"max-video-preview:-1"},"canonical":"https:\/\/www.centregrat.com\/ca\/families-enllacades\/","og_locale":"ca_ES","og_type":"article","og_title":"Surto amb alg\u00fa que tamb\u00e9 t\u00e9 fills - Fam\u00edlies enlla\u00e7ades","og_description":"Les fam\u00edlies enlla\u00e7ades s\u00f3n una nova realitat familiar que afronta uns reptes en enlla\u00e7ar fills d'anteriors relacions. Complexitat i riquesa relacional.","og_url":"https:\/\/www.centregrat.com\/ca\/families-enllacades\/","og_site_name":"Centre GRAT | Centre de psicologia a Barcelona","article_published_time":"2018-03-12T10:04:43+00:00","article_modified_time":"2022-01-03T22:26:31+00:00","og_image":[{"width":1100,"height":600,"url":"https:\/\/www.centregrat.com\/wp-content\/uploads\/2018\/03\/fam\u00edlies-enlla\u00e7ades.jpg","type":"image\/jpeg"}],"author":"Centre Grat","twitter_card":"summary_large_image","twitter_image":"https:\/\/www.centregrat.com\/wp-content\/uploads\/2018\/03\/familias-enlazadas-1.jpg","twitter_misc":{"Escrit per":"Centre Grat","Temps estimat de lectura":"6 minuts"},"schema":{"@context":"https:\/\/schema.org","@graph":[{"@type":"Article","@id":"https:\/\/www.centregrat.com\/ca\/families-enllacades\/#article","isPartOf":{"@id":"https:\/\/www.centregrat.com\/ca\/families-enllacades\/"},"author":{"name":"Centre Grat","@id":"https:\/\/www.centregrat.com\/ca\/#\/schema\/person\/b2b01a7ecc622fa9a0a36e1370ecba97"},"headline":"SURTO AMB ALG\u00da QUE TAMB\u00c9 T\u00c9 FILLS","datePublished":"2018-03-12T10:04:43+00:00","dateModified":"2022-01-03T22:26:31+00:00","mainEntityOfPage":{"@id":"https:\/\/www.centregrat.com\/ca\/families-enllacades\/"},"wordCount":1209,"commentCount":0,"publisher":{"@id":"https:\/\/www.centregrat.com\/ca\/#organization"},"image":{"@id":"https:\/\/www.centregrat.com\/ca\/families-enllacades\/#primaryimage"},"thumbnailUrl":"https:\/\/www.centregrat.com\/wp-content\/uploads\/2018\/03\/fam\u00edlies-enlla\u00e7ades.jpg","keywords":["fam\u00edlies enlla\u00e7ades","fam\u00edlies reconstitu\u00efdes","terapia de parella"],"articleSection":["Parella"],"inLanguage":"ca","potentialAction":[{"@type":"CommentAction","name":"Comment","target":["https:\/\/www.centregrat.com\/ca\/families-enllacades\/#respond"]}]},{"@type":"WebPage","@id":"https:\/\/www.centregrat.com\/ca\/families-enllacades\/","url":"https:\/\/www.centregrat.com\/ca\/families-enllacades\/","name":"Surto amb alg\u00fa que tamb\u00e9 t\u00e9 fills - Fam\u00edlies enlla\u00e7ades","isPartOf":{"@id":"https:\/\/www.centregrat.com\/ca\/#website"},"primaryImageOfPage":{"@id":"https:\/\/www.centregrat.com\/ca\/families-enllacades\/#primaryimage"},"image":{"@id":"https:\/\/www.centregrat.com\/ca\/families-enllacades\/#primaryimage"},"thumbnailUrl":"https:\/\/www.centregrat.com\/wp-content\/uploads\/2018\/03\/fam\u00edlies-enlla\u00e7ades.jpg","datePublished":"2018-03-12T10:04:43+00:00","dateModified":"2022-01-03T22:26:31+00:00","description":"Les fam\u00edlies enlla\u00e7ades s\u00f3n una nova realitat familiar que afronta uns reptes en enlla\u00e7ar fills d'anteriors relacions. Complexitat i riquesa relacional.","breadcrumb":{"@id":"https:\/\/www.centregrat.com\/ca\/families-enllacades\/#breadcrumb"},"inLanguage":"ca","potentialAction":[{"@type":"ReadAction","target":["https:\/\/www.centregrat.com\/ca\/families-enllacades\/"]}]},{"@type":"ImageObject","inLanguage":"ca","@id":"https:\/\/www.centregrat.com\/ca\/families-enllacades\/#primaryimage","url":"https:\/\/www.centregrat.com\/wp-content\/uploads\/2018\/03\/fam\u00edlies-enlla\u00e7ades.jpg","contentUrl":"https:\/\/www.centregrat.com\/wp-content\/uploads\/2018\/03\/fam\u00edlies-enlla\u00e7ades.jpg","width":1100,"height":600,"caption":"fam\u00edlies-enlla\u00e7ades"},{"@type":"BreadcrumbList","@id":"https:\/\/www.centregrat.com\/ca\/families-enllacades\/#breadcrumb","itemListElement":[{"@type":"ListItem","position":1,"name":"Portada","item":"https:\/\/www.centregrat.com\/ca\/"},{"@type":"ListItem","position":2,"name":"SURTO AMB ALG\u00da QUE TAMB\u00c9 T\u00c9 FILLS"}]},{"@type":"WebSite","@id":"https:\/\/www.centregrat.com\/ca\/#website","url":"https:\/\/www.centregrat.com\/ca\/","name":"Centre GRAT | Centre de psicologia a Barcelona","description":"Millora la teva qualitat de vida. Et donem les eines necess\u00e0ries perqu\u00e8 aconsegueixis portar una vida satisfact\u00f2ria. Coneix el nostre centre de psicologia a Barcelona","publisher":{"@id":"https:\/\/www.centregrat.com\/ca\/#organization"},"potentialAction":[{"@type":"SearchAction","target":{"@type":"EntryPoint","urlTemplate":"https:\/\/www.centregrat.com\/ca\/?s={search_term_string}"},"query-input":{"@type":"PropertyValueSpecification","valueRequired":true,"valueName":"search_term_string"}}],"inLanguage":"ca"},{"@type":"Organization","@id":"https:\/\/www.centregrat.com\/ca\/#organization","name":"Centre GRAT","url":"https:\/\/www.centregrat.com\/ca\/","logo":{"@type":"ImageObject","inLanguage":"ca","@id":"https:\/\/www.centregrat.com\/ca\/#\/schema\/logo\/image\/","url":"https:\/\/www.centregrat.com\/wp-content\/uploads\/2017\/03\/logo-grat-90-psicologia-educacio.png","contentUrl":"https:\/\/www.centregrat.com\/wp-content\/uploads\/2017\/03\/logo-grat-90-psicologia-educacio.png","width":90,"height":90,"caption":"Centre GRAT"},"image":{"@id":"https:\/\/www.centregrat.com\/ca\/#\/schema\/logo\/image\/"}},{"@type":"Person","@id":"https:\/\/www.centregrat.com\/ca\/#\/schema\/person\/b2b01a7ecc622fa9a0a36e1370ecba97","name":"Centre Grat","image":{"@type":"ImageObject","inLanguage":"ca","@id":"https:\/\/secure.gravatar.com\/avatar\/7f86715d0984a8778cd2c958ac0676b28b1e18efbc7ac85723e5a2e4a9a4191f?s=96&d=mm&r=g","url":"https:\/\/secure.gravatar.com\/avatar\/7f86715d0984a8778cd2c958ac0676b28b1e18efbc7ac85723e5a2e4a9a4191f?s=96&d=mm&r=g","contentUrl":"https:\/\/secure.gravatar.com\/avatar\/7f86715d0984a8778cd2c958ac0676b28b1e18efbc7ac85723e5a2e4a9a4191f?s=96&d=mm&r=g","caption":"Centre Grat"}}]}},"_links":{"self":[{"href":"https:\/\/www.centregrat.com\/ca\/wp-json\/wp\/v2\/posts\/4771","targetHints":{"allow":["GET"]}}],"collection":[{"href":"https:\/\/www.centregrat.com\/ca\/wp-json\/wp\/v2\/posts"}],"about":[{"href":"https:\/\/www.centregrat.com\/ca\/wp-json\/wp\/v2\/types\/post"}],"author":[{"embeddable":true,"href":"https:\/\/www.centregrat.com\/ca\/wp-json\/wp\/v2\/users\/2"}],"replies":[{"embeddable":true,"href":"https:\/\/www.centregrat.com\/ca\/wp-json\/wp\/v2\/comments?post=4771"}],"version-history":[{"count":4,"href":"https:\/\/www.centregrat.com\/ca\/wp-json\/wp\/v2\/posts\/4771\/revisions"}],"predecessor-version":[{"id":20789,"href":"https:\/\/www.centregrat.com\/ca\/wp-json\/wp\/v2\/posts\/4771\/revisions\/20789"}],"wp:featuredmedia":[{"embeddable":true,"href":"https:\/\/www.centregrat.com\/ca\/wp-json\/wp\/v2\/media\/4706"}],"wp:attachment":[{"href":"https:\/\/www.centregrat.com\/ca\/wp-json\/wp\/v2\/media?parent=4771"}],"wp:term":[{"taxonomy":"category","embeddable":true,"href":"https:\/\/www.centregrat.com\/ca\/wp-json\/wp\/v2\/categories?post=4771"},{"taxonomy":"post_tag","embeddable":true,"href":"https:\/\/www.centregrat.com\/ca\/wp-json\/wp\/v2\/tags?post=4771"}],"curies":[{"name":"wp","href":"https:\/\/api.w.org\/{rel}","templated":true}]}}