{"id":5019,"date":"2018-04-03T07:45:37","date_gmt":"2018-04-03T07:45:37","guid":{"rendered":"https:\/\/www.centregrat.com\/redes-sociales-adolescencia\/"},"modified":"2022-07-20T08:44:32","modified_gmt":"2022-07-20T08:44:32","slug":"xarxes-socials-adolescencia","status":"publish","type":"post","link":"https:\/\/www.centregrat.com\/ca\/xarxes-socials-adolescencia\/","title":{"rendered":"XARXES SOCIALS: UN FALS APARADOR PER ALS ADOLESCENTS"},"content":{"rendered":"<h1>Xarxes socials i adolesc\u00e8ncia<\/h1>\n<p>Diumenge a la tarda\u00a0al sof\u00e0. M\u00f2bil en m\u00e0. \u201cVaig passant fotos i cada vegada em deprimeixo m\u00e9s, tothom ho passa b\u00e9. No obstant aix\u00f2 jo\u2026 Mira&#8217;m\u2026 en pijama i avorrit a casa\u201d.<\/p>\n<p><strong>Les xarxes socials s&#8217;han convertit en un aparador sobretot durant l&#8217;adolesc\u00e8ncia<\/strong>. Un aparador de cares somrients, cossos perfectes, roba a la moda i una infinitat d&#8217;activitats on tothom sembla ser feli\u00e7. Un aparador pel qual es viu i en el qual \u00e9s m\u00e9s important fer la foto del moment que el moment en si. Un aparador que ning\u00fa ensenya quan s&#8217;apaguen les llums i toca llevar la pols.<\/p>\n<p><img loading=\"lazy\" decoding=\"async\" class=\"size-medium wp-image-4996 alignright\" src=\"https:\/\/www.centregrat.com\/wp-content\/uploads\/2018\/04\/redes-sociales-adolescencia1-300x200.jpg\" alt=\"redes-sociales-adolescencia1\" width=\"300\" height=\"200\" srcset=\"https:\/\/www.centregrat.com\/wp-content\/uploads\/2018\/04\/redes-sociales-adolescencia1-300x200.jpg 300w, https:\/\/www.centregrat.com\/wp-content\/uploads\/2018\/04\/redes-sociales-adolescencia1-768x512.jpg 768w, https:\/\/www.centregrat.com\/wp-content\/uploads\/2018\/04\/redes-sociales-adolescencia1-1024x682.jpg 1024w, https:\/\/www.centregrat.com\/wp-content\/uploads\/2018\/04\/redes-sociales-adolescencia1-610x407.jpg 610w, https:\/\/www.centregrat.com\/wp-content\/uploads\/2018\/04\/redes-sociales-adolescencia1-700x466.jpg 700w, https:\/\/www.centregrat.com\/wp-content\/uploads\/2018\/04\/redes-sociales-adolescencia1.jpg 1280w\" sizes=\"auto, (max-width: 300px) 100vw, 300px\" \/><\/p>\n<h1>La imatge ho \u00e9s tot<\/h1>\n<p><strong>Ens obstinem a ensenyar vides que no mostrar\u00edem sense el filtre de Instagram.<\/strong> Ens convertim en esclaus del que haur\u00edem de ser en lloc de gaudir el que som. Atribu\u00efm com a real el que no ho \u00e9s i cada vegada estem m\u00e9s prop d&#8217;aquell cap\u00edtol de Black Mirror, on els likes s\u00f3n font i forma de vida.<\/p>\n<p><strong>Les xarxes socials s&#8217;han convertit en un agent m\u00e9s de socialitzaci\u00f3 <\/strong>a partir del com acceptem, interioritzem, normalitzem i imitem determinats estereotips i models conductuals. S\u00f3n transmisoras de falses creences com que la imatge i l&#8217;\u00fas del propi cos aporten \u00e8xit, poder i control sobre els altres. Creences molt lluny de la realitat, en la qual altres valors s\u00f3n predictores molt m\u00e9s fiables de viure una vida rica i saludable: l&#8217;esfor\u00e7, l&#8217;\u00e9sser emprenedor, la creativitat, el respecte pels altres i per un mateix.<\/p>\n<h1>El paper dels pares\/mares<\/h1>\n<p>Per tot aix\u00f2, <strong>hem treballar, no per eliminar les xarxes socials de la vida dels nostres fills, sin\u00f3 per oferir-los m\u00e9s alternatives de gaudi en el seu temps lliure.<\/strong> Activitats que els permetin desenvolupar capacitats que ja tenen, conviv\u00e8ncies amb altres nois de la seva edat, algun voluntariat o camps de treball. All\u00ed podran entrenar l&#8217;empatia i l&#8217;autonomia que\u00a0contribuiran sens dubte a donar-se m\u00e9s valor a si mateixos, creure m\u00e9s en ells, veure&#8217;s capa\u00e7os d&#8217;enfrontar-se al m\u00f3n. <strong>En definitiva el millor regal que els podem donar: estimar-se.<\/strong><img loading=\"lazy\" decoding=\"async\" class=\"size-medium wp-image-4998 alignleft\" src=\"https:\/\/www.centregrat.com\/wp-content\/uploads\/2018\/04\/redes-sociales-adolescencia2-300x200.jpg\" alt=\"\" width=\"300\" height=\"200\" srcset=\"https:\/\/www.centregrat.com\/wp-content\/uploads\/2018\/04\/redes-sociales-adolescencia2-300x200.jpg 300w, https:\/\/www.centregrat.com\/wp-content\/uploads\/2018\/04\/redes-sociales-adolescencia2-768x512.jpg 768w, https:\/\/www.centregrat.com\/wp-content\/uploads\/2018\/04\/redes-sociales-adolescencia2-1024x682.jpg 1024w, https:\/\/www.centregrat.com\/wp-content\/uploads\/2018\/04\/redes-sociales-adolescencia2-610x407.jpg 610w, https:\/\/www.centregrat.com\/wp-content\/uploads\/2018\/04\/redes-sociales-adolescencia2-700x466.jpg 700w, https:\/\/www.centregrat.com\/wp-content\/uploads\/2018\/04\/redes-sociales-adolescencia2.jpg 1280w\" sizes=\"auto, (max-width: 300px) 100vw, 300px\" \/><\/p>\n<p>\u00c9s curi\u00f3s com ning\u00fa s&#8217;atreveix a penjar fotos d&#8217;aquests diumenges en el sof\u00e0. I no parlo de fotos edulcorades amb una distribuci\u00f3 perfecta dels coixins i l&#8217;\u00faltim model de home wear. Parlo de la primera instant\u00e0nia i no de la desena. Despentinats i sense maquilar. Viur\u00edem m\u00e9s relaxats i feli\u00e7os: qui ho vei\u00e9s no se sentiria un fracassat i qui ho fes no perdria temps a for\u00e7ar somriures ni retocs. Per\u00f2 si ho f\u00e9ssim, tampoc gaudir\u00edem al 100% d&#8217;aquest necessari i plaent moment de &#8220;domingueo&#8221; en el sof\u00e0.<\/p>\n<h1><\/h1>\n<p style=\"text-align: right;\"><strong><em>Amalia Gord\u00f3vil Merino. Col. 20177<\/em><\/strong><\/p>\n<p style=\"text-align: right;\"><strong><em>Doctora en Psicologia\/Psic\u00f2loga infanto-juvenil i familiar<\/em><\/strong><\/p>\n<p style=\"text-align: right;\"><strong><em>Amalia Gord\u00f3vil Merino. Col 20177<\/em><\/strong><\/p>\n<h2>T&#8217;ha interessat el nostre article? Potser t&#8217;interessa tamb\u00e9:<\/h2>\n<div>\n<ul>\n<li><a href=\"https:\/\/www.centregrat.com\/xarxes-socials-adolescencia\/\">Xarxes socials, un aparador fals pels adolescents.<\/a><\/li>\n<li><a href=\"https:\/\/www.centregrat.com\/com-influeix-com-parlem-als-fills-a-la-seva-autoestima\/\">Com influeix com parlem en l&#8217;autoestima dels nostres fills?<\/a><\/li>\n<li><a href=\"https:\/\/www.centregrat.com\/faltes-respecte-adolescents\/\">Per qu\u00e8 alguns adolescents falten el respecte als pares?<\/a><\/li>\n<li><a href=\"https:\/\/www.centregrat.com\/socors-ladolescencia-sha-colat-a-casa-i-no-lhavia-convidat\/\">Socors! L&#8217;adolesc\u00e8ncia s&#8217;ha colat a casa i no l&#8217;havia convidat.<\/a><\/li>\n<li><a href=\"https:\/\/www.centregrat.com\/per-que-el-meu-fill-no-aprova\/\">Per qu\u00e8 no aprova el meu fill \/ a?<\/a><\/li>\n<li><a href=\"https:\/\/www.centregrat.com\/blog\/joguines-per-desenvolupar-capacitats\">Joquines per desenvolupar capacitats.<\/a><\/li>\n<li><a href=\"https:\/\/www.centregrat.com\/com-millorar-lautoestima-del-teu-fill-8-consells-i-3-tasques-per-aconseguir-ho\/\">Com millorar l&#8217;autoestima del meu fill? 8 consells i 3 tasques per aconseguir-ho.<\/a><\/li>\n<li><a href=\"https:\/\/www.centregrat.com\/sexualitzacio-infancia-nenes-model\/\">La sexualitzaci\u00f3 de la inf\u00e0ncia: les nenes model.<\/a><\/li>\n<li><a href=\"https:\/\/www.centregrat.com\/trastorn-de-conducta-adolescencia\/\">El meu fill adolescent no em respecta, t\u00e9 un trastorn de conducta?<\/a><\/li>\n<li><a href=\"https:\/\/www.centregrat.com\/quina-es-la-millor-forma-de-gestionar-les-rabietes\/\">Quina \u00e9s la millor forma de gestionar les rabietes?<\/a><\/li>\n<\/ul>\n<\/div>\n<h2 style=\"text-align: center;\">Vols fer-nos una consulta?<\/h2>\n<p style=\"text-align: center;\"><a href=\"https:\/\/www.centregrat.com\/\">Contacta amb nosaltres!<\/a><\/p>\n","protected":false},"excerpt":{"rendered":"<p>Xarxes socials i adolesc\u00e8ncia Diumenge a la tarda\u00a0al sof\u00e0. M\u00f2bil en m\u00e0. \u201cVaig passant fotos i cada vegada em deprimeixo m\u00e9s, tothom ho passa b\u00e9. No obstant aix\u00f2 jo\u2026 Mira&#8217;m\u2026 en pijama i avorrit a casa\u201d. Les xarxes socials s&#8217;han convertit en un aparador sobretot durant l&#8217;adolesc\u00e8ncia. Un aparador de cares somrients, cossos perfectes, roba a la moda i una infinitat d&#8217;activitats on tothom sembla ser feli\u00e7. Un aparador pel qual es viu i en el qual \u00e9s m\u00e9s important fer la foto del moment que el moment en si. Un aparador que ning\u00fa ensenya quan s&#8217;apaguen les llums i&#8230;<\/p>\n","protected":false},"author":2,"featured_media":5021,"comment_status":"open","ping_status":"closed","sticky":false,"template":"","format":"standard","meta":{"_acf_changed":false,"_exactmetrics_skip_tracking":false,"_exactmetrics_sitenote_active":false,"_exactmetrics_sitenote_note":"","_exactmetrics_sitenote_category":0,"footnotes":""},"categories":[1544],"tags":[553,1148,459,1512],"class_list":["post-5019","post","type-post","status-publish","format-standard","has-post-thumbnail","hentry","category-adolescents","tag-adolescencia","tag-autoestima-adolescencia-2","tag-xarxes-socials","tag-xarxes-socials-adolescencia"],"acf":[],"yoast_head":"<!-- This site is optimized with the Yoast SEO plugin v27.4 - https:\/\/yoast.com\/product\/yoast-seo-wordpress\/ -->\n<title>Xarxes socials: Un fals aparador per als adolescents<\/title>\n<meta name=\"description\" content=\"Les xarxes socials s\u00f3n un aparador on els adolescents admiren i alhora es mostren ells. Com ajudar-los a gestionar aquesta realitat?\" \/>\n<meta name=\"robots\" content=\"index, follow, max-snippet:-1, max-image-preview:large, max-video-preview:-1\" \/>\n<link rel=\"canonical\" href=\"https:\/\/www.centregrat.com\/ca\/xarxes-socials-adolescencia\/\" \/>\n<meta property=\"og:locale\" content=\"ca_ES\" \/>\n<meta property=\"og:type\" content=\"article\" \/>\n<meta property=\"og:title\" content=\"Xarxes socials: Un fals aparador per als adolescents\" \/>\n<meta property=\"og:description\" content=\"Les xarxes socials s\u00f3n un aparador on els adolescents admiren i alhora es mostren ells. Com ajudar-los a gestionar aquesta realitat?\" \/>\n<meta property=\"og:url\" content=\"https:\/\/www.centregrat.com\/ca\/xarxes-socials-adolescencia\/\" \/>\n<meta property=\"og:site_name\" content=\"Centre GRAT | Centre de psicologia a Barcelona\" \/>\n<meta property=\"article:published_time\" content=\"2018-04-03T07:45:37+00:00\" \/>\n<meta property=\"article:modified_time\" content=\"2022-07-20T08:44:32+00:00\" \/>\n<meta property=\"og:image\" content=\"https:\/\/www.centregrat.com\/wp-content\/uploads\/2018\/04\/xarxes-socials-adolescencia.jpg\" \/>\n\t<meta property=\"og:image:width\" content=\"1100\" \/>\n\t<meta property=\"og:image:height\" content=\"600\" \/>\n\t<meta property=\"og:image:type\" content=\"image\/jpeg\" \/>\n<meta name=\"author\" content=\"Centre Grat\" \/>\n<meta name=\"twitter:card\" content=\"summary_large_image\" \/>\n<meta name=\"twitter:label1\" content=\"Escrit per\" \/>\n\t<meta name=\"twitter:data1\" content=\"Centre Grat\" \/>\n\t<meta name=\"twitter:label2\" content=\"Temps estimat de lectura\" \/>\n\t<meta name=\"twitter:data2\" content=\"4 minuts\" \/>\n<script type=\"application\/ld+json\" class=\"yoast-schema-graph\">{\"@context\":\"https:\\\/\\\/schema.org\",\"@graph\":[{\"@type\":\"Article\",\"@id\":\"https:\\\/\\\/www.centregrat.com\\\/ca\\\/xarxes-socials-adolescencia\\\/#article\",\"isPartOf\":{\"@id\":\"https:\\\/\\\/www.centregrat.com\\\/ca\\\/xarxes-socials-adolescencia\\\/\"},\"author\":{\"name\":\"Centre Grat\",\"@id\":\"https:\\\/\\\/www.centregrat.com\\\/ca\\\/#\\\/schema\\\/person\\\/b2b01a7ecc622fa9a0a36e1370ecba97\"},\"headline\":\"XARXES SOCIALS: UN FALS APARADOR PER ALS ADOLESCENTS\",\"datePublished\":\"2018-04-03T07:45:37+00:00\",\"dateModified\":\"2022-07-20T08:44:32+00:00\",\"mainEntityOfPage\":{\"@id\":\"https:\\\/\\\/www.centregrat.com\\\/ca\\\/xarxes-socials-adolescencia\\\/\"},\"wordCount\":594,\"commentCount\":0,\"publisher\":{\"@id\":\"https:\\\/\\\/www.centregrat.com\\\/ca\\\/#organization\"},\"image\":{\"@id\":\"https:\\\/\\\/www.centregrat.com\\\/ca\\\/xarxes-socials-adolescencia\\\/#primaryimage\"},\"thumbnailUrl\":\"https:\\\/\\\/www.centregrat.com\\\/wp-content\\\/uploads\\\/2018\\\/04\\\/xarxes-socials-adolescencia.jpg\",\"keywords\":[\"adolescencia\",\"autoestima adolescencia\",\"xarxes socials\",\"xarxes socials adolescencia\"],\"articleSection\":[\"Adolescents\"],\"inLanguage\":\"ca\",\"potentialAction\":[{\"@type\":\"CommentAction\",\"name\":\"Comment\",\"target\":[\"https:\\\/\\\/www.centregrat.com\\\/ca\\\/xarxes-socials-adolescencia\\\/#respond\"]}]},{\"@type\":\"WebPage\",\"@id\":\"https:\\\/\\\/www.centregrat.com\\\/ca\\\/xarxes-socials-adolescencia\\\/\",\"url\":\"https:\\\/\\\/www.centregrat.com\\\/ca\\\/xarxes-socials-adolescencia\\\/\",\"name\":\"Xarxes socials: Un fals aparador per als adolescents\",\"isPartOf\":{\"@id\":\"https:\\\/\\\/www.centregrat.com\\\/ca\\\/#website\"},\"primaryImageOfPage\":{\"@id\":\"https:\\\/\\\/www.centregrat.com\\\/ca\\\/xarxes-socials-adolescencia\\\/#primaryimage\"},\"image\":{\"@id\":\"https:\\\/\\\/www.centregrat.com\\\/ca\\\/xarxes-socials-adolescencia\\\/#primaryimage\"},\"thumbnailUrl\":\"https:\\\/\\\/www.centregrat.com\\\/wp-content\\\/uploads\\\/2018\\\/04\\\/xarxes-socials-adolescencia.jpg\",\"datePublished\":\"2018-04-03T07:45:37+00:00\",\"dateModified\":\"2022-07-20T08:44:32+00:00\",\"description\":\"Les xarxes socials s\u00f3n un aparador on els adolescents admiren i alhora es mostren ells. Com ajudar-los a gestionar aquesta realitat?\",\"breadcrumb\":{\"@id\":\"https:\\\/\\\/www.centregrat.com\\\/ca\\\/xarxes-socials-adolescencia\\\/#breadcrumb\"},\"inLanguage\":\"ca\",\"potentialAction\":[{\"@type\":\"ReadAction\",\"target\":[\"https:\\\/\\\/www.centregrat.com\\\/ca\\\/xarxes-socials-adolescencia\\\/\"]}]},{\"@type\":\"ImageObject\",\"inLanguage\":\"ca\",\"@id\":\"https:\\\/\\\/www.centregrat.com\\\/ca\\\/xarxes-socials-adolescencia\\\/#primaryimage\",\"url\":\"https:\\\/\\\/www.centregrat.com\\\/wp-content\\\/uploads\\\/2018\\\/04\\\/xarxes-socials-adolescencia.jpg\",\"contentUrl\":\"https:\\\/\\\/www.centregrat.com\\\/wp-content\\\/uploads\\\/2018\\\/04\\\/xarxes-socials-adolescencia.jpg\",\"width\":1100,\"height\":600,\"caption\":\"xarxes-socials-adolescencia\"},{\"@type\":\"BreadcrumbList\",\"@id\":\"https:\\\/\\\/www.centregrat.com\\\/ca\\\/xarxes-socials-adolescencia\\\/#breadcrumb\",\"itemListElement\":[{\"@type\":\"ListItem\",\"position\":1,\"name\":\"Portada\",\"item\":\"https:\\\/\\\/www.centregrat.com\\\/ca\\\/\"},{\"@type\":\"ListItem\",\"position\":2,\"name\":\"XARXES SOCIALS: UN FALS APARADOR PER ALS ADOLESCENTS\"}]},{\"@type\":\"WebSite\",\"@id\":\"https:\\\/\\\/www.centregrat.com\\\/ca\\\/#website\",\"url\":\"https:\\\/\\\/www.centregrat.com\\\/ca\\\/\",\"name\":\"Centre GRAT | Centre de psicologia a Barcelona\",\"description\":\"Millora la teva qualitat de vida. Et donem les eines necess\u00e0ries perqu\u00e8 aconsegueixis portar una vida satisfact\u00f2ria. Coneix el nostre centre de psicologia a Barcelona\",\"publisher\":{\"@id\":\"https:\\\/\\\/www.centregrat.com\\\/ca\\\/#organization\"},\"potentialAction\":[{\"@type\":\"SearchAction\",\"target\":{\"@type\":\"EntryPoint\",\"urlTemplate\":\"https:\\\/\\\/www.centregrat.com\\\/ca\\\/?s={search_term_string}\"},\"query-input\":{\"@type\":\"PropertyValueSpecification\",\"valueRequired\":true,\"valueName\":\"search_term_string\"}}],\"inLanguage\":\"ca\"},{\"@type\":\"Organization\",\"@id\":\"https:\\\/\\\/www.centregrat.com\\\/ca\\\/#organization\",\"name\":\"Centre GRAT\",\"url\":\"https:\\\/\\\/www.centregrat.com\\\/ca\\\/\",\"logo\":{\"@type\":\"ImageObject\",\"inLanguage\":\"ca\",\"@id\":\"https:\\\/\\\/www.centregrat.com\\\/ca\\\/#\\\/schema\\\/logo\\\/image\\\/\",\"url\":\"https:\\\/\\\/www.centregrat.com\\\/wp-content\\\/uploads\\\/2017\\\/03\\\/logo-grat-90-psicologia-educacio.png\",\"contentUrl\":\"https:\\\/\\\/www.centregrat.com\\\/wp-content\\\/uploads\\\/2017\\\/03\\\/logo-grat-90-psicologia-educacio.png\",\"width\":90,\"height\":90,\"caption\":\"Centre GRAT\"},\"image\":{\"@id\":\"https:\\\/\\\/www.centregrat.com\\\/ca\\\/#\\\/schema\\\/logo\\\/image\\\/\"}},{\"@type\":\"Person\",\"@id\":\"https:\\\/\\\/www.centregrat.com\\\/ca\\\/#\\\/schema\\\/person\\\/b2b01a7ecc622fa9a0a36e1370ecba97\",\"name\":\"Centre Grat\",\"image\":{\"@type\":\"ImageObject\",\"inLanguage\":\"ca\",\"@id\":\"https:\\\/\\\/secure.gravatar.com\\\/avatar\\\/7f86715d0984a8778cd2c958ac0676b28b1e18efbc7ac85723e5a2e4a9a4191f?s=96&d=mm&r=g\",\"url\":\"https:\\\/\\\/secure.gravatar.com\\\/avatar\\\/7f86715d0984a8778cd2c958ac0676b28b1e18efbc7ac85723e5a2e4a9a4191f?s=96&d=mm&r=g\",\"contentUrl\":\"https:\\\/\\\/secure.gravatar.com\\\/avatar\\\/7f86715d0984a8778cd2c958ac0676b28b1e18efbc7ac85723e5a2e4a9a4191f?s=96&d=mm&r=g\",\"caption\":\"Centre Grat\"}}]}<\/script>\n<!-- \/ Yoast SEO plugin. -->","yoast_head_json":{"title":"Xarxes socials: Un fals aparador per als adolescents","description":"Les xarxes socials s\u00f3n un aparador on els adolescents admiren i alhora es mostren ells. Com ajudar-los a gestionar aquesta realitat?","robots":{"index":"index","follow":"follow","max-snippet":"max-snippet:-1","max-image-preview":"max-image-preview:large","max-video-preview":"max-video-preview:-1"},"canonical":"https:\/\/www.centregrat.com\/ca\/xarxes-socials-adolescencia\/","og_locale":"ca_ES","og_type":"article","og_title":"Xarxes socials: Un fals aparador per als adolescents","og_description":"Les xarxes socials s\u00f3n un aparador on els adolescents admiren i alhora es mostren ells. Com ajudar-los a gestionar aquesta realitat?","og_url":"https:\/\/www.centregrat.com\/ca\/xarxes-socials-adolescencia\/","og_site_name":"Centre GRAT | Centre de psicologia a Barcelona","article_published_time":"2018-04-03T07:45:37+00:00","article_modified_time":"2022-07-20T08:44:32+00:00","og_image":[{"width":1100,"height":600,"url":"https:\/\/www.centregrat.com\/wp-content\/uploads\/2018\/04\/xarxes-socials-adolescencia.jpg","type":"image\/jpeg"}],"author":"Centre Grat","twitter_card":"summary_large_image","twitter_misc":{"Escrit per":"Centre Grat","Temps estimat de lectura":"4 minuts"},"schema":{"@context":"https:\/\/schema.org","@graph":[{"@type":"Article","@id":"https:\/\/www.centregrat.com\/ca\/xarxes-socials-adolescencia\/#article","isPartOf":{"@id":"https:\/\/www.centregrat.com\/ca\/xarxes-socials-adolescencia\/"},"author":{"name":"Centre Grat","@id":"https:\/\/www.centregrat.com\/ca\/#\/schema\/person\/b2b01a7ecc622fa9a0a36e1370ecba97"},"headline":"XARXES SOCIALS: UN FALS APARADOR PER ALS ADOLESCENTS","datePublished":"2018-04-03T07:45:37+00:00","dateModified":"2022-07-20T08:44:32+00:00","mainEntityOfPage":{"@id":"https:\/\/www.centregrat.com\/ca\/xarxes-socials-adolescencia\/"},"wordCount":594,"commentCount":0,"publisher":{"@id":"https:\/\/www.centregrat.com\/ca\/#organization"},"image":{"@id":"https:\/\/www.centregrat.com\/ca\/xarxes-socials-adolescencia\/#primaryimage"},"thumbnailUrl":"https:\/\/www.centregrat.com\/wp-content\/uploads\/2018\/04\/xarxes-socials-adolescencia.jpg","keywords":["adolescencia","autoestima adolescencia","xarxes socials","xarxes socials adolescencia"],"articleSection":["Adolescents"],"inLanguage":"ca","potentialAction":[{"@type":"CommentAction","name":"Comment","target":["https:\/\/www.centregrat.com\/ca\/xarxes-socials-adolescencia\/#respond"]}]},{"@type":"WebPage","@id":"https:\/\/www.centregrat.com\/ca\/xarxes-socials-adolescencia\/","url":"https:\/\/www.centregrat.com\/ca\/xarxes-socials-adolescencia\/","name":"Xarxes socials: Un fals aparador per als adolescents","isPartOf":{"@id":"https:\/\/www.centregrat.com\/ca\/#website"},"primaryImageOfPage":{"@id":"https:\/\/www.centregrat.com\/ca\/xarxes-socials-adolescencia\/#primaryimage"},"image":{"@id":"https:\/\/www.centregrat.com\/ca\/xarxes-socials-adolescencia\/#primaryimage"},"thumbnailUrl":"https:\/\/www.centregrat.com\/wp-content\/uploads\/2018\/04\/xarxes-socials-adolescencia.jpg","datePublished":"2018-04-03T07:45:37+00:00","dateModified":"2022-07-20T08:44:32+00:00","description":"Les xarxes socials s\u00f3n un aparador on els adolescents admiren i alhora es mostren ells. Com ajudar-los a gestionar aquesta realitat?","breadcrumb":{"@id":"https:\/\/www.centregrat.com\/ca\/xarxes-socials-adolescencia\/#breadcrumb"},"inLanguage":"ca","potentialAction":[{"@type":"ReadAction","target":["https:\/\/www.centregrat.com\/ca\/xarxes-socials-adolescencia\/"]}]},{"@type":"ImageObject","inLanguage":"ca","@id":"https:\/\/www.centregrat.com\/ca\/xarxes-socials-adolescencia\/#primaryimage","url":"https:\/\/www.centregrat.com\/wp-content\/uploads\/2018\/04\/xarxes-socials-adolescencia.jpg","contentUrl":"https:\/\/www.centregrat.com\/wp-content\/uploads\/2018\/04\/xarxes-socials-adolescencia.jpg","width":1100,"height":600,"caption":"xarxes-socials-adolescencia"},{"@type":"BreadcrumbList","@id":"https:\/\/www.centregrat.com\/ca\/xarxes-socials-adolescencia\/#breadcrumb","itemListElement":[{"@type":"ListItem","position":1,"name":"Portada","item":"https:\/\/www.centregrat.com\/ca\/"},{"@type":"ListItem","position":2,"name":"XARXES SOCIALS: UN FALS APARADOR PER ALS ADOLESCENTS"}]},{"@type":"WebSite","@id":"https:\/\/www.centregrat.com\/ca\/#website","url":"https:\/\/www.centregrat.com\/ca\/","name":"Centre GRAT | Centre de psicologia a Barcelona","description":"Millora la teva qualitat de vida. Et donem les eines necess\u00e0ries perqu\u00e8 aconsegueixis portar una vida satisfact\u00f2ria. Coneix el nostre centre de psicologia a Barcelona","publisher":{"@id":"https:\/\/www.centregrat.com\/ca\/#organization"},"potentialAction":[{"@type":"SearchAction","target":{"@type":"EntryPoint","urlTemplate":"https:\/\/www.centregrat.com\/ca\/?s={search_term_string}"},"query-input":{"@type":"PropertyValueSpecification","valueRequired":true,"valueName":"search_term_string"}}],"inLanguage":"ca"},{"@type":"Organization","@id":"https:\/\/www.centregrat.com\/ca\/#organization","name":"Centre GRAT","url":"https:\/\/www.centregrat.com\/ca\/","logo":{"@type":"ImageObject","inLanguage":"ca","@id":"https:\/\/www.centregrat.com\/ca\/#\/schema\/logo\/image\/","url":"https:\/\/www.centregrat.com\/wp-content\/uploads\/2017\/03\/logo-grat-90-psicologia-educacio.png","contentUrl":"https:\/\/www.centregrat.com\/wp-content\/uploads\/2017\/03\/logo-grat-90-psicologia-educacio.png","width":90,"height":90,"caption":"Centre GRAT"},"image":{"@id":"https:\/\/www.centregrat.com\/ca\/#\/schema\/logo\/image\/"}},{"@type":"Person","@id":"https:\/\/www.centregrat.com\/ca\/#\/schema\/person\/b2b01a7ecc622fa9a0a36e1370ecba97","name":"Centre Grat","image":{"@type":"ImageObject","inLanguage":"ca","@id":"https:\/\/secure.gravatar.com\/avatar\/7f86715d0984a8778cd2c958ac0676b28b1e18efbc7ac85723e5a2e4a9a4191f?s=96&d=mm&r=g","url":"https:\/\/secure.gravatar.com\/avatar\/7f86715d0984a8778cd2c958ac0676b28b1e18efbc7ac85723e5a2e4a9a4191f?s=96&d=mm&r=g","contentUrl":"https:\/\/secure.gravatar.com\/avatar\/7f86715d0984a8778cd2c958ac0676b28b1e18efbc7ac85723e5a2e4a9a4191f?s=96&d=mm&r=g","caption":"Centre Grat"}}]}},"_links":{"self":[{"href":"https:\/\/www.centregrat.com\/ca\/wp-json\/wp\/v2\/posts\/5019","targetHints":{"allow":["GET"]}}],"collection":[{"href":"https:\/\/www.centregrat.com\/ca\/wp-json\/wp\/v2\/posts"}],"about":[{"href":"https:\/\/www.centregrat.com\/ca\/wp-json\/wp\/v2\/types\/post"}],"author":[{"embeddable":true,"href":"https:\/\/www.centregrat.com\/ca\/wp-json\/wp\/v2\/users\/2"}],"replies":[{"embeddable":true,"href":"https:\/\/www.centregrat.com\/ca\/wp-json\/wp\/v2\/comments?post=5019"}],"version-history":[{"count":6,"href":"https:\/\/www.centregrat.com\/ca\/wp-json\/wp\/v2\/posts\/5019\/revisions"}],"predecessor-version":[{"id":21013,"href":"https:\/\/www.centregrat.com\/ca\/wp-json\/wp\/v2\/posts\/5019\/revisions\/21013"}],"wp:featuredmedia":[{"embeddable":true,"href":"https:\/\/www.centregrat.com\/ca\/wp-json\/wp\/v2\/media\/5021"}],"wp:attachment":[{"href":"https:\/\/www.centregrat.com\/ca\/wp-json\/wp\/v2\/media?parent=5019"}],"wp:term":[{"taxonomy":"category","embeddable":true,"href":"https:\/\/www.centregrat.com\/ca\/wp-json\/wp\/v2\/categories?post=5019"},{"taxonomy":"post_tag","embeddable":true,"href":"https:\/\/www.centregrat.com\/ca\/wp-json\/wp\/v2\/tags?post=5019"}],"curies":[{"name":"wp","href":"https:\/\/api.w.org\/{rel}","templated":true}]}}