{"id":9534,"date":"2018-05-08T08:45:52","date_gmt":"2018-05-08T08:45:52","guid":{"rendered":"https:\/\/www.centregrat.com\/falta-relaciones-sexuales-sexo-pareja\/"},"modified":"2022-01-03T22:26:14","modified_gmt":"2022-01-03T22:26:14","slug":"falta-relacions-sexuals-parella","status":"publish","type":"post","link":"https:\/\/www.centregrat.com\/ca\/falta-relacions-sexuals-parella\/","title":{"rendered":"LA MEVA PARELLA NO VOL TENIR RELACIONS SEXUAL, \u00c9S NORMAL?"},"content":{"rendered":"<h2>Relacions sexuals i parella<\/h2>\n<p>Pel que respecta a les <strong>relacions sexuals en la parella\u00a0no hi ha una regla que marqui el que \u00e9s normal i el que no<\/strong>.\u00a0Hi ha parella m\u00e9s actives i parelles menys actives. \u00a0L&#8217;important \u00e9s que els membres de la parella ho visquin d&#8217;una manera similar. Si \u00e9s aix\u00ed,\u00a0 aix\u00f2 no suposar\u00e0 un conflicte en la relaci\u00f3.<\/p>\n<p>Per\u00f2 qu\u00e8 passa quan un dels dos es pregunta: \u201cno s\u00e9 qu\u00e8 succeeix, per\u00f2 la meva parella no vol tenir <strong>relacions sexuals<\/strong>\u201d. \u00c9s aix\u00f2 un s\u00edmptoma que la relaci\u00f3 no funciona? Com podem tornar a activar aquest desig? Qu\u00e8 est\u00e0 succeint en la relaci\u00f3?<\/p>\n<p><img loading=\"lazy\" decoding=\"async\" class=\"size-medium wp-image-5489 alignright\" src=\"https:\/\/www.centregrat.com\/wp-content\/uploads\/2018\/05\/relaciones-sexuales-pareja1-300x200.jpg\" alt=\"relaciones-sexuales-pareja1\" width=\"300\" height=\"200\" srcset=\"https:\/\/www.centregrat.com\/wp-content\/uploads\/2018\/05\/relaciones-sexuales-pareja1-300x200.jpg 300w, https:\/\/www.centregrat.com\/wp-content\/uploads\/2018\/05\/relaciones-sexuales-pareja1-768x511.jpg 768w, https:\/\/www.centregrat.com\/wp-content\/uploads\/2018\/05\/relaciones-sexuales-pareja1-1024x681.jpg 1024w, https:\/\/www.centregrat.com\/wp-content\/uploads\/2018\/05\/relaciones-sexuales-pareja1-610x406.jpg 610w, https:\/\/www.centregrat.com\/wp-content\/uploads\/2018\/05\/relaciones-sexuales-pareja1-700x466.jpg 700w, https:\/\/www.centregrat.com\/wp-content\/uploads\/2018\/05\/relaciones-sexuales-pareja1.jpg 1920w\" sizes=\"auto, (max-width: 300px) 100vw, 300px\" \/><\/p>\n<p>Clarament, independentment de la causa, <strong>si sorgeix aquest pensament en un dels dos \u00e9s un senyal que existeixen desacords respecte a com es comparteix la sexualitat.<\/strong> Si parlem de les causes les variables poden ser m\u00faltiples com analitzarem m\u00e9s endavant.<\/p>\n<h2>Tenim menys relacions sexuals que en el passat<\/h2>\n<p>Primer de tot, vol\u00edem assenyalar que, malgrat trobar-nos en una de les \u00e8poques contempor\u00e0nies on la societat est\u00e0 m\u00e9s sexualizada, tamb\u00e9 <strong>\u00e9s l&#8217;\u00e8poca en la qual menys sexe es practica<\/strong>. No ho sembla, veritat? Perqu\u00e8 les estad\u00edstiques aix\u00ed ho demostren:\u00a0<a href=\"http:\/\/www.lavanguardia.com\/vida\/20171105\/432613345064\/estudio-parejas-heterosexuales-tienen-poco-sexo.htm\">http:\/\/www.lavanguardia.com\/vida\/20171105\/432613345064\/estudio-parejas-heterosexuales-tienen-poco-sexo.htm<\/a>l<\/p>\n<p>I aix\u00ed ho constatem en les nostres consulta on ens trobem de forma molt freq\u00fcent amb la dificultat que un dels membres no viu la sexualitat amb satisfacci\u00f3, i per tant, sent que hi ha un problema.<\/p>\n<h2>Qu\u00e8 hi ha darrere de la falta de sexe en una parella?<\/h2>\n<p>Com es diu popularment \u201ccada parella \u00e9s un m\u00f3n\u201d i per tant, s&#8217;ha d&#8217;explorar cada hist\u00f2ria en particular. Hi ha alguns punts que seran necessaris explorar amb un professional especialista en ter\u00e0pia de parella:<\/p>\n<p>\u00c9s alguna cosa que ha ocorregut des de sempre o per contra ha succe\u00eft en els \u00faltims temps? Si \u00e9s alguna cosa que passa des del principi, s&#8217;haur\u00e0 de descartar que hi hagi un problema org\u00e0nic. \u00a0Per tant, ser\u00e0 necessari consultar a un metge especialista.<\/p>\n<p><strong>En quin moment es troba la relaci\u00f3?<\/strong> \u00c9s necessari analitzar en el moment vital de la relaci\u00f3. <strong>En les relacions de llarg recorregut \u00e9s habitual passar per diferents crisis i etapes que poden desencadenar una disminuci\u00f3 del desig sexual.<\/strong> Per exemple, amb els canvis hormonals de l&#8217;embar\u00e0s, \u00e8poques de cansament extrem, situacions laborals complicades o una infinitat de m\u00e9s circumst\u00e0ncies.<\/p>\n<p>En relaci\u00f3 al punt anterior, \u00e9s necessari <strong>analitzar si existeixen conflictes en altres apartats que fan que existeixi ressentiment en la relaci\u00f3<\/strong> i, per tant, les <strong>relacions sexuals<\/strong> es ressentin. Si no em sento b\u00e9 amb la meva parella, pot succeir que tampoc tingui ganes de compartir intimitat sexual amb ella.<\/p>\n<p>\u00c9s important tenir en compte que <strong>cada membre de la parella pot viure la sexualitat d&#8217;una manera diferent.<\/strong> Aix\u00f2 determinar\u00e0 com cadascun es posiciona davant la sexualitat. Igual que en altres aspectes de la relaci\u00f3, parlar i con\u00e8ixer aquests aspectes ajudaran a aconseguir un acord sobre la part sexual de la parella.<\/p>\n<p><img loading=\"lazy\" decoding=\"async\" class=\"size-medium wp-image-5491 alignleft\" src=\"https:\/\/www.centregrat.com\/wp-content\/uploads\/2018\/05\/relaciones-sexuales-pareja2-300x200.jpg\" alt=\"relaciones-sexuales-pareja2\" width=\"300\" height=\"200\" srcset=\"https:\/\/www.centregrat.com\/wp-content\/uploads\/2018\/05\/relaciones-sexuales-pareja2-300x200.jpg 300w, https:\/\/www.centregrat.com\/wp-content\/uploads\/2018\/05\/relaciones-sexuales-pareja2-768x512.jpg 768w, https:\/\/www.centregrat.com\/wp-content\/uploads\/2018\/05\/relaciones-sexuales-pareja2-1024x683.jpg 1024w, https:\/\/www.centregrat.com\/wp-content\/uploads\/2018\/05\/relaciones-sexuales-pareja2-610x407.jpg 610w, https:\/\/www.centregrat.com\/wp-content\/uploads\/2018\/05\/relaciones-sexuales-pareja2-700x467.jpg 700w, https:\/\/www.centregrat.com\/wp-content\/uploads\/2018\/05\/relaciones-sexuales-pareja2.jpg 1920w\" sizes=\"auto, (max-width: 300px) 100vw, 300px\" \/><\/p>\n<h2>Causes v\u00e0ries per a un problema com\u00fa<\/h2>\n<p>Com veieu<strong> les causes que poden haver-hi darrere d&#8217;una falta de desig i de relacions sexuals en la parella poden ser moltes.<\/strong> Des de causes org\u00e0niques, a difer\u00e8ncies en les prefer\u00e8ncies sexuals no parlades, passant per moments estressants vitals o desacords de parella que es porten al terreny sexual.<\/p>\n<p>Com altres problemes de parella dels quals hem parlat en altres articles, l&#8217;important \u00e9s <strong>\u201cno deixar per a dem\u00e0 el que puguis fer avui\u201d<\/strong>. \u00c9s a dir, si sents que la teva parella i teniu un problema en aquest terreny, no el deixis per a dem\u00e0.\u00a0Tenir una bona comunicaci\u00f3 en la relaci\u00f3 ajuda tamb\u00e9 en la sexualitat.<\/p>\n<p>I si sentiu que sols no arribeu a bon port, consulteu a un especialista en <strong>ter\u00e0pia de parella.<\/strong><\/p>\n<p style=\"text-align: right;\"><strong><em>Mar\u00eda Mart\u00edn. Col. 15745<\/em><\/strong><\/p>\n<p style=\"text-align: right;\"><strong><em>\u00darsula Salvador. Col. 17363<\/em><\/strong><\/p>\n<p style=\"text-align: right;\"><strong><em>Psic\u00f2logues Especialistes en Ter\u00e0pia de Parella<\/em><\/strong><\/p>\n<p>Si t&#8217;ha interessat aquest article, pot ser que tamb\u00e9 t&#8217;interessi:<\/p>\n<ul>\n<li><a href=\"https:\/\/www.centregrat.com\/dol-per-ruptura-sentimental\/\">El dol per ruptura sentimental.<\/a><\/li>\n<li><a href=\"https:\/\/www.centregrat.com\/que-es-lagorafobia\/\">L&#8217;ocellet al que li van fallar les ales. (Una hist\u00f2ria d&#8217;agoraf\u00f2bia).<\/a><\/li>\n<li><a href=\"https:\/\/www.centregrat.com\/separar-se-be-fills\/\">Com separar-se (b\u00e9) amb fills?<\/a><\/li>\n<li><a href=\"https:\/\/www.centregrat.com\/estar-prima-trastorns-alimentacio\/\">Vull estar prima, aix\u00ed ser\u00e9 feli\u00e7.<\/a><\/li>\n<li><a href=\"https:\/\/www.centregrat.com\/arribada-primer-fill-crisis-de-parella\/\">Per qu\u00e8 amb l&#8217;arribada del primer fill arriba una crisi de parella?<\/a><\/li>\n<li><a href=\"https:\/\/www.centregrat.com\/cuida-la-teva-relacio-de-parella\/\">Cuida la teva relaci\u00f3 de parella.<\/a><\/li>\n<li><a href=\"https:\/\/www.centregrat.com\/apren-a-discutir-en-parella-sense-perdre-el-control\/\">Apr\u00e8n a discutir en parella sense perdre el control.<\/a><\/li>\n<li><a href=\"https:\/\/www.centregrat.com\/com-recuperar-la-passio-a-la-teva-relacio-de-parella-8-consells-per-a-parelles-amb-i-sense-fills\/\">Com recuperar la passi\u00f3 en la teva relaci\u00f3 de parella? 8 consells per a parelles (amb i sense fills).<\/a><\/li>\n<\/ul>\n<p>&nbsp;<\/p>\n","protected":false},"excerpt":{"rendered":"<p>Relacions sexuals i parella Pel que respecta a les relacions sexuals en la parella\u00a0no hi ha una regla que marqui el que \u00e9s normal i el que no.\u00a0Hi ha parella m\u00e9s actives i parelles menys actives. \u00a0L&#8217;important \u00e9s que els membres de la parella ho visquin d&#8217;una manera similar. Si \u00e9s aix\u00ed,\u00a0 aix\u00f2 no suposar\u00e0 un conflicte en la relaci\u00f3. Per\u00f2 qu\u00e8 passa quan un dels dos es pregunta: \u201cno s\u00e9 qu\u00e8 succeeix, per\u00f2 la meva parella no vol tenir relacions sexuals\u201d. \u00c9s aix\u00f2 un s\u00edmptoma que la relaci\u00f3 no funciona? Com podem tornar a activar aquest desig? Qu\u00e8 est\u00e0&#8230;<\/p>\n","protected":false},"author":2,"featured_media":9537,"comment_status":"open","ping_status":"closed","sticky":false,"template":"","format":"standard","meta":{"_acf_changed":false,"_exactmetrics_skip_tracking":false,"_exactmetrics_sitenote_active":false,"_exactmetrics_sitenote_note":"","_exactmetrics_sitenote_category":0,"footnotes":""},"categories":[778],"tags":[1532,1533,1529,1530,398,1531],"class_list":["post-9534","post","type-post","status-publish","format-standard","has-post-thumbnail","hentry","category-parella","tag-disminucio-relacions-sexuals","tag-disminucio-sexe-parella","tag-manca-de-relacions-sexuales","tag-manca-de-sexe","tag-parella","tag-relacio-de-pareja"],"acf":[],"yoast_head":"<!-- This site is optimized with the Yoast SEO plugin v27.4 - https:\/\/yoast.com\/product\/yoast-seo-wordpress\/ -->\n<title>La meva parella no vol tenir relacions sexuals, \u00e9s normal?<\/title>\n<meta name=\"description\" content=\"A les relacions sexuals no hi ha una regla que marqui el que \u00e9s normal i el que no, per\u00f2 qu\u00e8 succeeix quan un dels dos no vol tenir sexe? Analitzem les possibles causes darrere de la falta de desig.\" \/>\n<meta name=\"robots\" content=\"index, follow, max-snippet:-1, max-image-preview:large, max-video-preview:-1\" \/>\n<link rel=\"canonical\" href=\"https:\/\/www.centregrat.com\/ca\/falta-relacions-sexuals-parella\/\" \/>\n<meta property=\"og:locale\" content=\"ca_ES\" \/>\n<meta property=\"og:type\" content=\"article\" \/>\n<meta property=\"og:title\" content=\"La meva parella no vol tenir relacions sexuals, \u00e9s normal?\" \/>\n<meta property=\"og:description\" content=\"A les relacions sexuals no hi ha una regla que marqui el que \u00e9s normal i el que no, per\u00f2 qu\u00e8 succeeix quan un dels dos no vol tenir sexe? Analitzem les possibles causes darrere de la falta de desig.\" \/>\n<meta property=\"og:url\" content=\"https:\/\/www.centregrat.com\/ca\/falta-relacions-sexuals-parella\/\" \/>\n<meta property=\"og:site_name\" content=\"Centre GRAT | Centre de psicologia a Barcelona\" \/>\n<meta property=\"article:published_time\" content=\"2018-05-08T08:45:52+00:00\" \/>\n<meta property=\"article:modified_time\" content=\"2022-01-03T22:26:14+00:00\" \/>\n<meta property=\"og:image\" content=\"https:\/\/www.centregrat.com\/wp-content\/uploads\/2018\/05\/la-meva-parella-no-vol-relacions-sexuals.jpg\" \/>\n\t<meta property=\"og:image:width\" content=\"1100\" \/>\n\t<meta property=\"og:image:height\" content=\"600\" \/>\n\t<meta property=\"og:image:type\" content=\"image\/jpeg\" \/>\n<meta name=\"author\" content=\"Centre Grat\" \/>\n<meta name=\"twitter:card\" content=\"summary_large_image\" \/>\n<meta name=\"twitter:label1\" content=\"Escrit per\" \/>\n\t<meta name=\"twitter:data1\" content=\"Centre Grat\" \/>\n\t<meta name=\"twitter:label2\" content=\"Temps estimat de lectura\" \/>\n\t<meta name=\"twitter:data2\" content=\"4 minuts\" \/>\n<script type=\"application\/ld+json\" class=\"yoast-schema-graph\">{\"@context\":\"https:\\\/\\\/schema.org\",\"@graph\":[{\"@type\":\"Article\",\"@id\":\"https:\\\/\\\/www.centregrat.com\\\/ca\\\/falta-relacions-sexuals-parella\\\/#article\",\"isPartOf\":{\"@id\":\"https:\\\/\\\/www.centregrat.com\\\/ca\\\/falta-relacions-sexuals-parella\\\/\"},\"author\":{\"name\":\"Centre Grat\",\"@id\":\"https:\\\/\\\/www.centregrat.com\\\/ca\\\/#\\\/schema\\\/person\\\/b2b01a7ecc622fa9a0a36e1370ecba97\"},\"headline\":\"LA MEVA PARELLA NO VOL TENIR RELACIONS SEXUAL, \u00c9S NORMAL?\",\"datePublished\":\"2018-05-08T08:45:52+00:00\",\"dateModified\":\"2022-01-03T22:26:14+00:00\",\"mainEntityOfPage\":{\"@id\":\"https:\\\/\\\/www.centregrat.com\\\/ca\\\/falta-relacions-sexuals-parella\\\/\"},\"wordCount\":760,\"commentCount\":0,\"publisher\":{\"@id\":\"https:\\\/\\\/www.centregrat.com\\\/ca\\\/#organization\"},\"image\":{\"@id\":\"https:\\\/\\\/www.centregrat.com\\\/ca\\\/falta-relacions-sexuals-parella\\\/#primaryimage\"},\"thumbnailUrl\":\"https:\\\/\\\/www.centregrat.com\\\/wp-content\\\/uploads\\\/2018\\\/05\\\/la-meva-parella-no-vol-relacions-sexuals.jpg\",\"keywords\":[\"disminuci\u00f3 relacions sexuals\",\"disminuci\u00f3 sexe parella\",\"manca de relacions sexuales\",\"manca de sexe\",\"parella\",\"relaci\u00f3 de pareja\"],\"articleSection\":[\"Parella\"],\"inLanguage\":\"ca\",\"potentialAction\":[{\"@type\":\"CommentAction\",\"name\":\"Comment\",\"target\":[\"https:\\\/\\\/www.centregrat.com\\\/ca\\\/falta-relacions-sexuals-parella\\\/#respond\"]}]},{\"@type\":\"WebPage\",\"@id\":\"https:\\\/\\\/www.centregrat.com\\\/ca\\\/falta-relacions-sexuals-parella\\\/\",\"url\":\"https:\\\/\\\/www.centregrat.com\\\/ca\\\/falta-relacions-sexuals-parella\\\/\",\"name\":\"La meva parella no vol tenir relacions sexuals, \u00e9s normal?\",\"isPartOf\":{\"@id\":\"https:\\\/\\\/www.centregrat.com\\\/ca\\\/#website\"},\"primaryImageOfPage\":{\"@id\":\"https:\\\/\\\/www.centregrat.com\\\/ca\\\/falta-relacions-sexuals-parella\\\/#primaryimage\"},\"image\":{\"@id\":\"https:\\\/\\\/www.centregrat.com\\\/ca\\\/falta-relacions-sexuals-parella\\\/#primaryimage\"},\"thumbnailUrl\":\"https:\\\/\\\/www.centregrat.com\\\/wp-content\\\/uploads\\\/2018\\\/05\\\/la-meva-parella-no-vol-relacions-sexuals.jpg\",\"datePublished\":\"2018-05-08T08:45:52+00:00\",\"dateModified\":\"2022-01-03T22:26:14+00:00\",\"description\":\"A les relacions sexuals no hi ha una regla que marqui el que \u00e9s normal i el que no, per\u00f2 qu\u00e8 succeeix quan un dels dos no vol tenir sexe? Analitzem les possibles causes darrere de la falta de desig.\",\"breadcrumb\":{\"@id\":\"https:\\\/\\\/www.centregrat.com\\\/ca\\\/falta-relacions-sexuals-parella\\\/#breadcrumb\"},\"inLanguage\":\"ca\",\"potentialAction\":[{\"@type\":\"ReadAction\",\"target\":[\"https:\\\/\\\/www.centregrat.com\\\/ca\\\/falta-relacions-sexuals-parella\\\/\"]}]},{\"@type\":\"ImageObject\",\"inLanguage\":\"ca\",\"@id\":\"https:\\\/\\\/www.centregrat.com\\\/ca\\\/falta-relacions-sexuals-parella\\\/#primaryimage\",\"url\":\"https:\\\/\\\/www.centregrat.com\\\/wp-content\\\/uploads\\\/2018\\\/05\\\/la-meva-parella-no-vol-relacions-sexuals.jpg\",\"contentUrl\":\"https:\\\/\\\/www.centregrat.com\\\/wp-content\\\/uploads\\\/2018\\\/05\\\/la-meva-parella-no-vol-relacions-sexuals.jpg\",\"width\":1100,\"height\":600,\"caption\":\"manca-relacions-sexuals-parella\"},{\"@type\":\"BreadcrumbList\",\"@id\":\"https:\\\/\\\/www.centregrat.com\\\/ca\\\/falta-relacions-sexuals-parella\\\/#breadcrumb\",\"itemListElement\":[{\"@type\":\"ListItem\",\"position\":1,\"name\":\"Portada\",\"item\":\"https:\\\/\\\/www.centregrat.com\\\/ca\\\/\"},{\"@type\":\"ListItem\",\"position\":2,\"name\":\"LA MEVA PARELLA NO VOL TENIR RELACIONS SEXUAL, \u00c9S NORMAL?\"}]},{\"@type\":\"WebSite\",\"@id\":\"https:\\\/\\\/www.centregrat.com\\\/ca\\\/#website\",\"url\":\"https:\\\/\\\/www.centregrat.com\\\/ca\\\/\",\"name\":\"Centre GRAT | Centre de psicologia a Barcelona\",\"description\":\"Millora la teva qualitat de vida. Et donem les eines necess\u00e0ries perqu\u00e8 aconsegueixis portar una vida satisfact\u00f2ria. Coneix el nostre centre de psicologia a Barcelona\",\"publisher\":{\"@id\":\"https:\\\/\\\/www.centregrat.com\\\/ca\\\/#organization\"},\"potentialAction\":[{\"@type\":\"SearchAction\",\"target\":{\"@type\":\"EntryPoint\",\"urlTemplate\":\"https:\\\/\\\/www.centregrat.com\\\/ca\\\/?s={search_term_string}\"},\"query-input\":{\"@type\":\"PropertyValueSpecification\",\"valueRequired\":true,\"valueName\":\"search_term_string\"}}],\"inLanguage\":\"ca\"},{\"@type\":\"Organization\",\"@id\":\"https:\\\/\\\/www.centregrat.com\\\/ca\\\/#organization\",\"name\":\"Centre GRAT\",\"url\":\"https:\\\/\\\/www.centregrat.com\\\/ca\\\/\",\"logo\":{\"@type\":\"ImageObject\",\"inLanguage\":\"ca\",\"@id\":\"https:\\\/\\\/www.centregrat.com\\\/ca\\\/#\\\/schema\\\/logo\\\/image\\\/\",\"url\":\"https:\\\/\\\/www.centregrat.com\\\/wp-content\\\/uploads\\\/2017\\\/03\\\/logo-grat-90-psicologia-educacio.png\",\"contentUrl\":\"https:\\\/\\\/www.centregrat.com\\\/wp-content\\\/uploads\\\/2017\\\/03\\\/logo-grat-90-psicologia-educacio.png\",\"width\":90,\"height\":90,\"caption\":\"Centre GRAT\"},\"image\":{\"@id\":\"https:\\\/\\\/www.centregrat.com\\\/ca\\\/#\\\/schema\\\/logo\\\/image\\\/\"}},{\"@type\":\"Person\",\"@id\":\"https:\\\/\\\/www.centregrat.com\\\/ca\\\/#\\\/schema\\\/person\\\/b2b01a7ecc622fa9a0a36e1370ecba97\",\"name\":\"Centre Grat\",\"image\":{\"@type\":\"ImageObject\",\"inLanguage\":\"ca\",\"@id\":\"https:\\\/\\\/secure.gravatar.com\\\/avatar\\\/7f86715d0984a8778cd2c958ac0676b28b1e18efbc7ac85723e5a2e4a9a4191f?s=96&d=mm&r=g\",\"url\":\"https:\\\/\\\/secure.gravatar.com\\\/avatar\\\/7f86715d0984a8778cd2c958ac0676b28b1e18efbc7ac85723e5a2e4a9a4191f?s=96&d=mm&r=g\",\"contentUrl\":\"https:\\\/\\\/secure.gravatar.com\\\/avatar\\\/7f86715d0984a8778cd2c958ac0676b28b1e18efbc7ac85723e5a2e4a9a4191f?s=96&d=mm&r=g\",\"caption\":\"Centre Grat\"}}]}<\/script>\n<!-- \/ Yoast SEO plugin. -->","yoast_head_json":{"title":"La meva parella no vol tenir relacions sexuals, \u00e9s normal?","description":"A les relacions sexuals no hi ha una regla que marqui el que \u00e9s normal i el que no, per\u00f2 qu\u00e8 succeeix quan un dels dos no vol tenir sexe? Analitzem les possibles causes darrere de la falta de desig.","robots":{"index":"index","follow":"follow","max-snippet":"max-snippet:-1","max-image-preview":"max-image-preview:large","max-video-preview":"max-video-preview:-1"},"canonical":"https:\/\/www.centregrat.com\/ca\/falta-relacions-sexuals-parella\/","og_locale":"ca_ES","og_type":"article","og_title":"La meva parella no vol tenir relacions sexuals, \u00e9s normal?","og_description":"A les relacions sexuals no hi ha una regla que marqui el que \u00e9s normal i el que no, per\u00f2 qu\u00e8 succeeix quan un dels dos no vol tenir sexe? Analitzem les possibles causes darrere de la falta de desig.","og_url":"https:\/\/www.centregrat.com\/ca\/falta-relacions-sexuals-parella\/","og_site_name":"Centre GRAT | Centre de psicologia a Barcelona","article_published_time":"2018-05-08T08:45:52+00:00","article_modified_time":"2022-01-03T22:26:14+00:00","og_image":[{"width":1100,"height":600,"url":"https:\/\/www.centregrat.com\/wp-content\/uploads\/2018\/05\/la-meva-parella-no-vol-relacions-sexuals.jpg","type":"image\/jpeg"}],"author":"Centre Grat","twitter_card":"summary_large_image","twitter_misc":{"Escrit per":"Centre Grat","Temps estimat de lectura":"4 minuts"},"schema":{"@context":"https:\/\/schema.org","@graph":[{"@type":"Article","@id":"https:\/\/www.centregrat.com\/ca\/falta-relacions-sexuals-parella\/#article","isPartOf":{"@id":"https:\/\/www.centregrat.com\/ca\/falta-relacions-sexuals-parella\/"},"author":{"name":"Centre Grat","@id":"https:\/\/www.centregrat.com\/ca\/#\/schema\/person\/b2b01a7ecc622fa9a0a36e1370ecba97"},"headline":"LA MEVA PARELLA NO VOL TENIR RELACIONS SEXUAL, \u00c9S NORMAL?","datePublished":"2018-05-08T08:45:52+00:00","dateModified":"2022-01-03T22:26:14+00:00","mainEntityOfPage":{"@id":"https:\/\/www.centregrat.com\/ca\/falta-relacions-sexuals-parella\/"},"wordCount":760,"commentCount":0,"publisher":{"@id":"https:\/\/www.centregrat.com\/ca\/#organization"},"image":{"@id":"https:\/\/www.centregrat.com\/ca\/falta-relacions-sexuals-parella\/#primaryimage"},"thumbnailUrl":"https:\/\/www.centregrat.com\/wp-content\/uploads\/2018\/05\/la-meva-parella-no-vol-relacions-sexuals.jpg","keywords":["disminuci\u00f3 relacions sexuals","disminuci\u00f3 sexe parella","manca de relacions sexuales","manca de sexe","parella","relaci\u00f3 de pareja"],"articleSection":["Parella"],"inLanguage":"ca","potentialAction":[{"@type":"CommentAction","name":"Comment","target":["https:\/\/www.centregrat.com\/ca\/falta-relacions-sexuals-parella\/#respond"]}]},{"@type":"WebPage","@id":"https:\/\/www.centregrat.com\/ca\/falta-relacions-sexuals-parella\/","url":"https:\/\/www.centregrat.com\/ca\/falta-relacions-sexuals-parella\/","name":"La meva parella no vol tenir relacions sexuals, \u00e9s normal?","isPartOf":{"@id":"https:\/\/www.centregrat.com\/ca\/#website"},"primaryImageOfPage":{"@id":"https:\/\/www.centregrat.com\/ca\/falta-relacions-sexuals-parella\/#primaryimage"},"image":{"@id":"https:\/\/www.centregrat.com\/ca\/falta-relacions-sexuals-parella\/#primaryimage"},"thumbnailUrl":"https:\/\/www.centregrat.com\/wp-content\/uploads\/2018\/05\/la-meva-parella-no-vol-relacions-sexuals.jpg","datePublished":"2018-05-08T08:45:52+00:00","dateModified":"2022-01-03T22:26:14+00:00","description":"A les relacions sexuals no hi ha una regla que marqui el que \u00e9s normal i el que no, per\u00f2 qu\u00e8 succeeix quan un dels dos no vol tenir sexe? Analitzem les possibles causes darrere de la falta de desig.","breadcrumb":{"@id":"https:\/\/www.centregrat.com\/ca\/falta-relacions-sexuals-parella\/#breadcrumb"},"inLanguage":"ca","potentialAction":[{"@type":"ReadAction","target":["https:\/\/www.centregrat.com\/ca\/falta-relacions-sexuals-parella\/"]}]},{"@type":"ImageObject","inLanguage":"ca","@id":"https:\/\/www.centregrat.com\/ca\/falta-relacions-sexuals-parella\/#primaryimage","url":"https:\/\/www.centregrat.com\/wp-content\/uploads\/2018\/05\/la-meva-parella-no-vol-relacions-sexuals.jpg","contentUrl":"https:\/\/www.centregrat.com\/wp-content\/uploads\/2018\/05\/la-meva-parella-no-vol-relacions-sexuals.jpg","width":1100,"height":600,"caption":"manca-relacions-sexuals-parella"},{"@type":"BreadcrumbList","@id":"https:\/\/www.centregrat.com\/ca\/falta-relacions-sexuals-parella\/#breadcrumb","itemListElement":[{"@type":"ListItem","position":1,"name":"Portada","item":"https:\/\/www.centregrat.com\/ca\/"},{"@type":"ListItem","position":2,"name":"LA MEVA PARELLA NO VOL TENIR RELACIONS SEXUAL, \u00c9S NORMAL?"}]},{"@type":"WebSite","@id":"https:\/\/www.centregrat.com\/ca\/#website","url":"https:\/\/www.centregrat.com\/ca\/","name":"Centre GRAT | Centre de psicologia a Barcelona","description":"Millora la teva qualitat de vida. Et donem les eines necess\u00e0ries perqu\u00e8 aconsegueixis portar una vida satisfact\u00f2ria. Coneix el nostre centre de psicologia a Barcelona","publisher":{"@id":"https:\/\/www.centregrat.com\/ca\/#organization"},"potentialAction":[{"@type":"SearchAction","target":{"@type":"EntryPoint","urlTemplate":"https:\/\/www.centregrat.com\/ca\/?s={search_term_string}"},"query-input":{"@type":"PropertyValueSpecification","valueRequired":true,"valueName":"search_term_string"}}],"inLanguage":"ca"},{"@type":"Organization","@id":"https:\/\/www.centregrat.com\/ca\/#organization","name":"Centre GRAT","url":"https:\/\/www.centregrat.com\/ca\/","logo":{"@type":"ImageObject","inLanguage":"ca","@id":"https:\/\/www.centregrat.com\/ca\/#\/schema\/logo\/image\/","url":"https:\/\/www.centregrat.com\/wp-content\/uploads\/2017\/03\/logo-grat-90-psicologia-educacio.png","contentUrl":"https:\/\/www.centregrat.com\/wp-content\/uploads\/2017\/03\/logo-grat-90-psicologia-educacio.png","width":90,"height":90,"caption":"Centre GRAT"},"image":{"@id":"https:\/\/www.centregrat.com\/ca\/#\/schema\/logo\/image\/"}},{"@type":"Person","@id":"https:\/\/www.centregrat.com\/ca\/#\/schema\/person\/b2b01a7ecc622fa9a0a36e1370ecba97","name":"Centre Grat","image":{"@type":"ImageObject","inLanguage":"ca","@id":"https:\/\/secure.gravatar.com\/avatar\/7f86715d0984a8778cd2c958ac0676b28b1e18efbc7ac85723e5a2e4a9a4191f?s=96&d=mm&r=g","url":"https:\/\/secure.gravatar.com\/avatar\/7f86715d0984a8778cd2c958ac0676b28b1e18efbc7ac85723e5a2e4a9a4191f?s=96&d=mm&r=g","contentUrl":"https:\/\/secure.gravatar.com\/avatar\/7f86715d0984a8778cd2c958ac0676b28b1e18efbc7ac85723e5a2e4a9a4191f?s=96&d=mm&r=g","caption":"Centre Grat"}}]}},"_links":{"self":[{"href":"https:\/\/www.centregrat.com\/ca\/wp-json\/wp\/v2\/posts\/9534","targetHints":{"allow":["GET"]}}],"collection":[{"href":"https:\/\/www.centregrat.com\/ca\/wp-json\/wp\/v2\/posts"}],"about":[{"href":"https:\/\/www.centregrat.com\/ca\/wp-json\/wp\/v2\/types\/post"}],"author":[{"embeddable":true,"href":"https:\/\/www.centregrat.com\/ca\/wp-json\/wp\/v2\/users\/2"}],"replies":[{"embeddable":true,"href":"https:\/\/www.centregrat.com\/ca\/wp-json\/wp\/v2\/comments?post=9534"}],"version-history":[{"count":2,"href":"https:\/\/www.centregrat.com\/ca\/wp-json\/wp\/v2\/posts\/9534\/revisions"}],"predecessor-version":[{"id":9536,"href":"https:\/\/www.centregrat.com\/ca\/wp-json\/wp\/v2\/posts\/9534\/revisions\/9536"}],"wp:featuredmedia":[{"embeddable":true,"href":"https:\/\/www.centregrat.com\/ca\/wp-json\/wp\/v2\/media\/9537"}],"wp:attachment":[{"href":"https:\/\/www.centregrat.com\/ca\/wp-json\/wp\/v2\/media?parent=9534"}],"wp:term":[{"taxonomy":"category","embeddable":true,"href":"https:\/\/www.centregrat.com\/ca\/wp-json\/wp\/v2\/categories?post=9534"},{"taxonomy":"post_tag","embeddable":true,"href":"https:\/\/www.centregrat.com\/ca\/wp-json\/wp\/v2\/tags?post=9534"}],"curies":[{"name":"wp","href":"https:\/\/api.w.org\/{rel}","templated":true}]}}