{"id":1401,"date":"2016-05-12T16:31:31","date_gmt":"2016-05-12T16:31:31","guid":{"rendered":"https:\/\/www.centregrat.com\/2016\/05\/12\/taller-habilidades-sociales-1a-parte-las-claves-para-comunicarme-4a-edicion\/"},"modified":"2025-09-30T09:03:58","modified_gmt":"2025-09-30T09:03:58","slug":"taller-habilidades-sociales-barcelona","status":"publish","type":"post","link":"https:\/\/www.centregrat.com\/es\/taller-habilidades-sociales-barcelona\/","title":{"rendered":"TALLER HABILIDADES SOCIALES \u2013 1\u00aa PARTE: LAS CLAVES PARA COMUNICARME (4A EDICI\u00d3N)"},"content":{"rendered":"<p>Te daremos herramientas para relacionarte mejor<\/p>\n<div><\/div>\n<h3 style=\"color: blue; text-align: justify;\"><big>Taller de Habilidades Sociales \u2013 1\u00aa parte: las claves para comunicarme (4a Edici\u00f3n)<\/big><\/h3>\n<div style=\"font-size: 13.008px; line-height: 20.0063px; text-align: justify;\"><\/div>\n<div style=\"font-size: 13.008px; line-height: 20.0063px; text-align: justify;\"><strong><span style=\"font-size: 14px;\">\u00bfQuieres mejorar tu relaci\u00f3n con los dem\u00e1s?<\/span><\/strong><\/div>\n<div style=\"font-size: 13.008px; line-height: 20.0063px; text-align: justify;\"><span style=\"font-size: 14px;\">Tener una buena relaci\u00f3n con las otras personas es imprescindible para sentirte bien en la vida, junto con sentirte bien contigo mismo.\u00a0<\/span><\/div>\n<div style=\"font-size: 13.008px; line-height: 20.0063px; text-align: justify;\"><span style=\"font-size: 14px;\">El primer paso para tener una buena relaci\u00f3n con las otras personas es conocer las claves de la comunicaci\u00f3n y ponerlas en pr\u00e1ctica. En este taller te daremos las herramientas para que puedas aplicar estas claves a tu vida.\u00a0<\/span><\/div>\n<div><\/div>\n<div><strong style=\"font-size: 14px; line-height: 20.0063px; text-align: justify;\">\u00bfCu\u00e1ndo? \u00bfD\u00f3nde?<\/strong><\/div>\n<div><strong style=\"line-height: 20.0063px; text-align: justify; font-size: 14px;\">\u00bfTe gustar\u00eda realizar el taller?\u00a0<\/strong><span style=\"line-height: 20.0063px; text-align: justify; font-size: 14px;\">Escr\u00edbenos indic\u00e1ndonos tu disponibilidad y lo tendremos en cuenta para el siguiente taller.\u00a0<\/span><\/div>\n<ul style=\"font-size: 13.008px; line-height: 20.0063px;\">\n<li style=\"text-align: justify;\"><span style=\"font-size: 14px;\"><strong>D\u00edas:<\/strong>\u00a0<\/span><span style=\"font-size: 14px; line-height: 20.0063px;\">pendiente pr\u00f3xima edici\u00f3n<\/span><\/li>\n<li style=\"text-align: justify;\"><span style=\"font-size: 14px;\"><strong>Horario:<\/strong>\u00a0pendiente pr\u00f3xima edici\u00f3n<\/span><\/li>\n<li style=\"text-align: justify;\"><span style=\"font-size: 14px;\"><strong>Lugar:<\/strong>\u00a0Centre GRAT: C\/Arag\u00f3, 266, 3\u00ba 2\u00aa<\/span><\/li>\n<\/ul>\n<div style=\"font-size: 13.008px; line-height: 20.0063px; text-align: justify;\"><\/div>\n<div style=\"font-size: 13.008px; line-height: 20.0063px; text-align: justify;\">\n<div style=\"font-size: 13.008px; line-height: 20.0063px;\"><span style=\"font-size: 14px;\"><strong>Inscripciones:\u00a0<\/strong><\/span><\/div>\n<div style=\"font-size: 13.008px; line-height: 20.0063px;\"><span style=\"font-size: 14px;\">Las inscripciones se realizan por e-mail escribiendo a info@centregrat.com. Las<strong>\u00a0<span style=\"background-color: yellow;\">plazas son limitadas<\/span>,\u00a0<\/strong>por lo que se reservar\u00e1n por orden de inscripci\u00f3n.<\/span><\/div>\n<\/div>\n<div style=\"font-size: 13.008px; line-height: 20.0063px; text-align: justify;\"><\/div>\n<div style=\"font-size: 13.008px; line-height: 20.0063px; text-align: justify;\"><strong><span style=\"font-size: 14px;\">\u00bfQui\u00e9n?<\/span><\/strong><\/div>\n<div style=\"font-size: 13.008px; line-height: 20.0063px; text-align: justify;\">\n<ul style=\"font-size: 13.008px; line-height: 20.0063px;\">\n<li>\n<p style=\"font-size: 13.008px; line-height: 20.0063px;\"><span style=\"font-size: 14px;\">Mar\u00eda Mart\u00edn Santacreu. Psic\u00f3loga General Sanitaria especializada en psicoterapia y Terapia Familiar<\/span><\/p>\n<\/li>\n<li>\n<p style=\"font-size: 13.008px; line-height: 20.0063px;\"><span style=\"font-size: 14px;\">Nuria Tarifa Garc\u00eda. Psic\u00f3loga General Sanitaria especializada en psicoterapia y Terapia Familiar<\/span><\/p>\n<\/li>\n<\/ul>\n<\/div>\n<p>&nbsp;<\/p>\n","protected":false},"excerpt":{"rendered":"<p>Te daremos herramientas para relacionarte mejor<\/p>\n","protected":false},"author":2,"featured_media":3438,"comment_status":"open","ping_status":"open","sticky":false,"template":"","format":"standard","meta":{"_acf_changed":false,"_exactmetrics_skip_tracking":false,"_exactmetrics_sitenote_active":false,"_exactmetrics_sitenote_note":"","_exactmetrics_sitenote_category":0,"footnotes":""},"categories":[843],"tags":[645,738,860,1034,1033],"class_list":["post-1401","post","type-post","status-publish","format-standard","has-post-thumbnail","hentry","category-talleres-charlas","tag-habilidades-sociales-es","tag-habilitats-socials-es","tag-mejora-tus-habilidades-sociales","tag-relacionarse-con-los-demas","tag-taller-habilidades-sociales"],"acf":[],"yoast_head":"<!-- This site is optimized with the Yoast SEO plugin v27.4 - https:\/\/yoast.com\/product\/yoast-seo-wordpress\/ -->\n<title>Taller de habilidades sociales en Barcelona - Mejora tu comunicaci\u00f3n<\/title>\n<meta name=\"description\" content=\"Aprende y entrena los principales aspectos de la comunicaci\u00f3n con nuestro taller de habilidades socilales. Mejorar tu forma de relacionarte.\" \/>\n<meta name=\"robots\" content=\"index, follow, max-snippet:-1, max-image-preview:large, max-video-preview:-1\" \/>\n<link rel=\"canonical\" href=\"https:\/\/www.centregrat.com\/es\/taller-habilidades-sociales-barcelona\/\" \/>\n<meta property=\"og:locale\" content=\"es_ES\" \/>\n<meta property=\"og:type\" content=\"article\" \/>\n<meta property=\"og:title\" content=\"Taller de habilidades sociales en Barcelona - Mejora tu comunicaci\u00f3n\" \/>\n<meta property=\"og:description\" content=\"Aprende y entrena los principales aspectos de la comunicaci\u00f3n con nuestro taller de habilidades socilales. Mejorar tu forma de relacionarte.\" \/>\n<meta property=\"og:url\" content=\"https:\/\/www.centregrat.com\/es\/taller-habilidades-sociales-barcelona\/\" \/>\n<meta property=\"og:site_name\" content=\"Centre GRAT | Centre de psicologia a Barcelona\" \/>\n<meta property=\"article:published_time\" content=\"2016-05-12T16:31:31+00:00\" \/>\n<meta property=\"article:modified_time\" content=\"2025-09-30T09:03:58+00:00\" \/>\n<meta property=\"og:image\" content=\"https:\/\/www.centregrat.com\/wp-content\/uploads\/2016\/05\/taller-habilidades-sociales.jpg\" \/>\n\t<meta property=\"og:image:width\" content=\"1100\" \/>\n\t<meta property=\"og:image:height\" content=\"600\" \/>\n\t<meta property=\"og:image:type\" content=\"image\/jpeg\" \/>\n<meta name=\"author\" content=\"Centre Grat\" \/>\n<meta name=\"twitter:card\" content=\"summary_large_image\" \/>\n<meta name=\"twitter:label1\" content=\"Escrito por\" \/>\n\t<meta name=\"twitter:data1\" content=\"Centre Grat\" \/>\n\t<meta name=\"twitter:label2\" content=\"Tiempo de lectura\" \/>\n\t<meta name=\"twitter:data2\" content=\"1 minuto\" \/>\n<script type=\"application\/ld+json\" class=\"yoast-schema-graph\">{\"@context\":\"https:\\\/\\\/schema.org\",\"@graph\":[{\"@type\":\"Article\",\"@id\":\"https:\\\/\\\/www.centregrat.com\\\/es\\\/taller-habilidades-sociales-barcelona\\\/#article\",\"isPartOf\":{\"@id\":\"https:\\\/\\\/www.centregrat.com\\\/es\\\/taller-habilidades-sociales-barcelona\\\/\"},\"author\":{\"name\":\"Centre Grat\",\"@id\":\"https:\\\/\\\/www.centregrat.com\\\/ca\\\/#\\\/schema\\\/person\\\/b2b01a7ecc622fa9a0a36e1370ecba97\"},\"headline\":\"TALLER HABILIDADES SOCIALES \u2013 1\u00aa PARTE: LAS CLAVES PARA COMUNICARME (4A EDICI\u00d3N)\",\"datePublished\":\"2016-05-12T16:31:31+00:00\",\"dateModified\":\"2025-09-30T09:03:58+00:00\",\"mainEntityOfPage\":{\"@id\":\"https:\\\/\\\/www.centregrat.com\\\/es\\\/taller-habilidades-sociales-barcelona\\\/\"},\"wordCount\":205,\"commentCount\":0,\"publisher\":{\"@id\":\"https:\\\/\\\/www.centregrat.com\\\/ca\\\/#organization\"},\"image\":{\"@id\":\"https:\\\/\\\/www.centregrat.com\\\/es\\\/taller-habilidades-sociales-barcelona\\\/#primaryimage\"},\"thumbnailUrl\":\"https:\\\/\\\/www.centregrat.com\\\/wp-content\\\/uploads\\\/2016\\\/05\\\/taller-habilidades-sociales.jpg\",\"keywords\":[\"habilidades sociales\",\"habilitats socials\",\"mejora tus habilidades sociales\",\"relacionarse con los dem\u00e1s\",\"taller habilidades sociales\"],\"articleSection\":[\"Talleres y charlas\"],\"inLanguage\":\"es\",\"potentialAction\":[{\"@type\":\"CommentAction\",\"name\":\"Comment\",\"target\":[\"https:\\\/\\\/www.centregrat.com\\\/es\\\/taller-habilidades-sociales-barcelona\\\/#respond\"]}]},{\"@type\":\"WebPage\",\"@id\":\"https:\\\/\\\/www.centregrat.com\\\/es\\\/taller-habilidades-sociales-barcelona\\\/\",\"url\":\"https:\\\/\\\/www.centregrat.com\\\/es\\\/taller-habilidades-sociales-barcelona\\\/\",\"name\":\"Taller de habilidades sociales en Barcelona - Mejora tu comunicaci\u00f3n\",\"isPartOf\":{\"@id\":\"https:\\\/\\\/www.centregrat.com\\\/ca\\\/#website\"},\"primaryImageOfPage\":{\"@id\":\"https:\\\/\\\/www.centregrat.com\\\/es\\\/taller-habilidades-sociales-barcelona\\\/#primaryimage\"},\"image\":{\"@id\":\"https:\\\/\\\/www.centregrat.com\\\/es\\\/taller-habilidades-sociales-barcelona\\\/#primaryimage\"},\"thumbnailUrl\":\"https:\\\/\\\/www.centregrat.com\\\/wp-content\\\/uploads\\\/2016\\\/05\\\/taller-habilidades-sociales.jpg\",\"datePublished\":\"2016-05-12T16:31:31+00:00\",\"dateModified\":\"2025-09-30T09:03:58+00:00\",\"description\":\"Aprende y entrena los principales aspectos de la comunicaci\u00f3n con nuestro taller de habilidades socilales. Mejorar tu forma de relacionarte.\",\"breadcrumb\":{\"@id\":\"https:\\\/\\\/www.centregrat.com\\\/es\\\/taller-habilidades-sociales-barcelona\\\/#breadcrumb\"},\"inLanguage\":\"es\",\"potentialAction\":[{\"@type\":\"ReadAction\",\"target\":[\"https:\\\/\\\/www.centregrat.com\\\/es\\\/taller-habilidades-sociales-barcelona\\\/\"]}]},{\"@type\":\"ImageObject\",\"inLanguage\":\"es\",\"@id\":\"https:\\\/\\\/www.centregrat.com\\\/es\\\/taller-habilidades-sociales-barcelona\\\/#primaryimage\",\"url\":\"https:\\\/\\\/www.centregrat.com\\\/wp-content\\\/uploads\\\/2016\\\/05\\\/taller-habilidades-sociales.jpg\",\"contentUrl\":\"https:\\\/\\\/www.centregrat.com\\\/wp-content\\\/uploads\\\/2016\\\/05\\\/taller-habilidades-sociales.jpg\",\"width\":1100,\"height\":600,\"caption\":\"taller habilidades sociales Barcelona\"},{\"@type\":\"BreadcrumbList\",\"@id\":\"https:\\\/\\\/www.centregrat.com\\\/es\\\/taller-habilidades-sociales-barcelona\\\/#breadcrumb\",\"itemListElement\":[{\"@type\":\"ListItem\",\"position\":1,\"name\":\"Portada\",\"item\":\"https:\\\/\\\/www.centregrat.com\\\/es\\\/\"},{\"@type\":\"ListItem\",\"position\":2,\"name\":\"TALLER HABILIDADES SOCIALES \u2013 1\u00aa PARTE: LAS CLAVES PARA COMUNICARME (4A EDICI\u00d3N)\"}]},{\"@type\":\"WebSite\",\"@id\":\"https:\\\/\\\/www.centregrat.com\\\/ca\\\/#website\",\"url\":\"https:\\\/\\\/www.centregrat.com\\\/ca\\\/\",\"name\":\"Centre GRAT | Centre de psicologia a Barcelona\",\"description\":\"Millora la teva qualitat de vida. Et donem les eines necess\u00e0ries perqu\u00e8 aconsegueixis portar una vida satisfact\u00f2ria. Coneix el nostre centre de psicologia a Barcelona\",\"publisher\":{\"@id\":\"https:\\\/\\\/www.centregrat.com\\\/ca\\\/#organization\"},\"potentialAction\":[{\"@type\":\"SearchAction\",\"target\":{\"@type\":\"EntryPoint\",\"urlTemplate\":\"https:\\\/\\\/www.centregrat.com\\\/ca\\\/?s={search_term_string}\"},\"query-input\":{\"@type\":\"PropertyValueSpecification\",\"valueRequired\":true,\"valueName\":\"search_term_string\"}}],\"inLanguage\":\"es\"},{\"@type\":\"Organization\",\"@id\":\"https:\\\/\\\/www.centregrat.com\\\/ca\\\/#organization\",\"name\":\"Centre GRAT\",\"url\":\"https:\\\/\\\/www.centregrat.com\\\/ca\\\/\",\"logo\":{\"@type\":\"ImageObject\",\"inLanguage\":\"es\",\"@id\":\"https:\\\/\\\/www.centregrat.com\\\/ca\\\/#\\\/schema\\\/logo\\\/image\\\/\",\"url\":\"https:\\\/\\\/www.centregrat.com\\\/wp-content\\\/uploads\\\/2017\\\/03\\\/logo-grat-90-psicologia-educacio.png\",\"contentUrl\":\"https:\\\/\\\/www.centregrat.com\\\/wp-content\\\/uploads\\\/2017\\\/03\\\/logo-grat-90-psicologia-educacio.png\",\"width\":90,\"height\":90,\"caption\":\"Centre GRAT\"},\"image\":{\"@id\":\"https:\\\/\\\/www.centregrat.com\\\/ca\\\/#\\\/schema\\\/logo\\\/image\\\/\"}},{\"@type\":\"Person\",\"@id\":\"https:\\\/\\\/www.centregrat.com\\\/ca\\\/#\\\/schema\\\/person\\\/b2b01a7ecc622fa9a0a36e1370ecba97\",\"name\":\"Centre Grat\",\"image\":{\"@type\":\"ImageObject\",\"inLanguage\":\"es\",\"@id\":\"https:\\\/\\\/secure.gravatar.com\\\/avatar\\\/7f86715d0984a8778cd2c958ac0676b28b1e18efbc7ac85723e5a2e4a9a4191f?s=96&d=mm&r=g\",\"url\":\"https:\\\/\\\/secure.gravatar.com\\\/avatar\\\/7f86715d0984a8778cd2c958ac0676b28b1e18efbc7ac85723e5a2e4a9a4191f?s=96&d=mm&r=g\",\"contentUrl\":\"https:\\\/\\\/secure.gravatar.com\\\/avatar\\\/7f86715d0984a8778cd2c958ac0676b28b1e18efbc7ac85723e5a2e4a9a4191f?s=96&d=mm&r=g\",\"caption\":\"Centre Grat\"}}]}<\/script>\n<!-- \/ Yoast SEO plugin. -->","yoast_head_json":{"title":"Taller de habilidades sociales en Barcelona - Mejora tu comunicaci\u00f3n","description":"Aprende y entrena los principales aspectos de la comunicaci\u00f3n con nuestro taller de habilidades socilales. Mejorar tu forma de relacionarte.","robots":{"index":"index","follow":"follow","max-snippet":"max-snippet:-1","max-image-preview":"max-image-preview:large","max-video-preview":"max-video-preview:-1"},"canonical":"https:\/\/www.centregrat.com\/es\/taller-habilidades-sociales-barcelona\/","og_locale":"es_ES","og_type":"article","og_title":"Taller de habilidades sociales en Barcelona - Mejora tu comunicaci\u00f3n","og_description":"Aprende y entrena los principales aspectos de la comunicaci\u00f3n con nuestro taller de habilidades socilales. Mejorar tu forma de relacionarte.","og_url":"https:\/\/www.centregrat.com\/es\/taller-habilidades-sociales-barcelona\/","og_site_name":"Centre GRAT | Centre de psicologia a Barcelona","article_published_time":"2016-05-12T16:31:31+00:00","article_modified_time":"2025-09-30T09:03:58+00:00","og_image":[{"width":1100,"height":600,"url":"https:\/\/www.centregrat.com\/wp-content\/uploads\/2016\/05\/taller-habilidades-sociales.jpg","type":"image\/jpeg"}],"author":"Centre Grat","twitter_card":"summary_large_image","twitter_misc":{"Escrito por":"Centre Grat","Tiempo de lectura":"1 minuto"},"schema":{"@context":"https:\/\/schema.org","@graph":[{"@type":"Article","@id":"https:\/\/www.centregrat.com\/es\/taller-habilidades-sociales-barcelona\/#article","isPartOf":{"@id":"https:\/\/www.centregrat.com\/es\/taller-habilidades-sociales-barcelona\/"},"author":{"name":"Centre Grat","@id":"https:\/\/www.centregrat.com\/ca\/#\/schema\/person\/b2b01a7ecc622fa9a0a36e1370ecba97"},"headline":"TALLER HABILIDADES SOCIALES \u2013 1\u00aa PARTE: LAS CLAVES PARA COMUNICARME (4A EDICI\u00d3N)","datePublished":"2016-05-12T16:31:31+00:00","dateModified":"2025-09-30T09:03:58+00:00","mainEntityOfPage":{"@id":"https:\/\/www.centregrat.com\/es\/taller-habilidades-sociales-barcelona\/"},"wordCount":205,"commentCount":0,"publisher":{"@id":"https:\/\/www.centregrat.com\/ca\/#organization"},"image":{"@id":"https:\/\/www.centregrat.com\/es\/taller-habilidades-sociales-barcelona\/#primaryimage"},"thumbnailUrl":"https:\/\/www.centregrat.com\/wp-content\/uploads\/2016\/05\/taller-habilidades-sociales.jpg","keywords":["habilidades sociales","habilitats socials","mejora tus habilidades sociales","relacionarse con los dem\u00e1s","taller habilidades sociales"],"articleSection":["Talleres y charlas"],"inLanguage":"es","potentialAction":[{"@type":"CommentAction","name":"Comment","target":["https:\/\/www.centregrat.com\/es\/taller-habilidades-sociales-barcelona\/#respond"]}]},{"@type":"WebPage","@id":"https:\/\/www.centregrat.com\/es\/taller-habilidades-sociales-barcelona\/","url":"https:\/\/www.centregrat.com\/es\/taller-habilidades-sociales-barcelona\/","name":"Taller de habilidades sociales en Barcelona - Mejora tu comunicaci\u00f3n","isPartOf":{"@id":"https:\/\/www.centregrat.com\/ca\/#website"},"primaryImageOfPage":{"@id":"https:\/\/www.centregrat.com\/es\/taller-habilidades-sociales-barcelona\/#primaryimage"},"image":{"@id":"https:\/\/www.centregrat.com\/es\/taller-habilidades-sociales-barcelona\/#primaryimage"},"thumbnailUrl":"https:\/\/www.centregrat.com\/wp-content\/uploads\/2016\/05\/taller-habilidades-sociales.jpg","datePublished":"2016-05-12T16:31:31+00:00","dateModified":"2025-09-30T09:03:58+00:00","description":"Aprende y entrena los principales aspectos de la comunicaci\u00f3n con nuestro taller de habilidades socilales. Mejorar tu forma de relacionarte.","breadcrumb":{"@id":"https:\/\/www.centregrat.com\/es\/taller-habilidades-sociales-barcelona\/#breadcrumb"},"inLanguage":"es","potentialAction":[{"@type":"ReadAction","target":["https:\/\/www.centregrat.com\/es\/taller-habilidades-sociales-barcelona\/"]}]},{"@type":"ImageObject","inLanguage":"es","@id":"https:\/\/www.centregrat.com\/es\/taller-habilidades-sociales-barcelona\/#primaryimage","url":"https:\/\/www.centregrat.com\/wp-content\/uploads\/2016\/05\/taller-habilidades-sociales.jpg","contentUrl":"https:\/\/www.centregrat.com\/wp-content\/uploads\/2016\/05\/taller-habilidades-sociales.jpg","width":1100,"height":600,"caption":"taller habilidades sociales Barcelona"},{"@type":"BreadcrumbList","@id":"https:\/\/www.centregrat.com\/es\/taller-habilidades-sociales-barcelona\/#breadcrumb","itemListElement":[{"@type":"ListItem","position":1,"name":"Portada","item":"https:\/\/www.centregrat.com\/es\/"},{"@type":"ListItem","position":2,"name":"TALLER HABILIDADES SOCIALES \u2013 1\u00aa PARTE: LAS CLAVES PARA COMUNICARME (4A EDICI\u00d3N)"}]},{"@type":"WebSite","@id":"https:\/\/www.centregrat.com\/ca\/#website","url":"https:\/\/www.centregrat.com\/ca\/","name":"Centre GRAT | Centre de psicologia a Barcelona","description":"Millora la teva qualitat de vida. Et donem les eines necess\u00e0ries perqu\u00e8 aconsegueixis portar una vida satisfact\u00f2ria. Coneix el nostre centre de psicologia a Barcelona","publisher":{"@id":"https:\/\/www.centregrat.com\/ca\/#organization"},"potentialAction":[{"@type":"SearchAction","target":{"@type":"EntryPoint","urlTemplate":"https:\/\/www.centregrat.com\/ca\/?s={search_term_string}"},"query-input":{"@type":"PropertyValueSpecification","valueRequired":true,"valueName":"search_term_string"}}],"inLanguage":"es"},{"@type":"Organization","@id":"https:\/\/www.centregrat.com\/ca\/#organization","name":"Centre GRAT","url":"https:\/\/www.centregrat.com\/ca\/","logo":{"@type":"ImageObject","inLanguage":"es","@id":"https:\/\/www.centregrat.com\/ca\/#\/schema\/logo\/image\/","url":"https:\/\/www.centregrat.com\/wp-content\/uploads\/2017\/03\/logo-grat-90-psicologia-educacio.png","contentUrl":"https:\/\/www.centregrat.com\/wp-content\/uploads\/2017\/03\/logo-grat-90-psicologia-educacio.png","width":90,"height":90,"caption":"Centre GRAT"},"image":{"@id":"https:\/\/www.centregrat.com\/ca\/#\/schema\/logo\/image\/"}},{"@type":"Person","@id":"https:\/\/www.centregrat.com\/ca\/#\/schema\/person\/b2b01a7ecc622fa9a0a36e1370ecba97","name":"Centre Grat","image":{"@type":"ImageObject","inLanguage":"es","@id":"https:\/\/secure.gravatar.com\/avatar\/7f86715d0984a8778cd2c958ac0676b28b1e18efbc7ac85723e5a2e4a9a4191f?s=96&d=mm&r=g","url":"https:\/\/secure.gravatar.com\/avatar\/7f86715d0984a8778cd2c958ac0676b28b1e18efbc7ac85723e5a2e4a9a4191f?s=96&d=mm&r=g","contentUrl":"https:\/\/secure.gravatar.com\/avatar\/7f86715d0984a8778cd2c958ac0676b28b1e18efbc7ac85723e5a2e4a9a4191f?s=96&d=mm&r=g","caption":"Centre Grat"}}]}},"_links":{"self":[{"href":"https:\/\/www.centregrat.com\/es\/wp-json\/wp\/v2\/posts\/1401","targetHints":{"allow":["GET"]}}],"collection":[{"href":"https:\/\/www.centregrat.com\/es\/wp-json\/wp\/v2\/posts"}],"about":[{"href":"https:\/\/www.centregrat.com\/es\/wp-json\/wp\/v2\/types\/post"}],"author":[{"embeddable":true,"href":"https:\/\/www.centregrat.com\/es\/wp-json\/wp\/v2\/users\/2"}],"replies":[{"embeddable":true,"href":"https:\/\/www.centregrat.com\/es\/wp-json\/wp\/v2\/comments?post=1401"}],"version-history":[{"count":3,"href":"https:\/\/www.centregrat.com\/es\/wp-json\/wp\/v2\/posts\/1401\/revisions"}],"predecessor-version":[{"id":4904,"href":"https:\/\/www.centregrat.com\/es\/wp-json\/wp\/v2\/posts\/1401\/revisions\/4904"}],"wp:featuredmedia":[{"embeddable":true,"href":"https:\/\/www.centregrat.com\/es\/wp-json\/wp\/v2\/media\/3438"}],"wp:attachment":[{"href":"https:\/\/www.centregrat.com\/es\/wp-json\/wp\/v2\/media?parent=1401"}],"wp:term":[{"taxonomy":"category","embeddable":true,"href":"https:\/\/www.centregrat.com\/es\/wp-json\/wp\/v2\/categories?post=1401"},{"taxonomy":"post_tag","embeddable":true,"href":"https:\/\/www.centregrat.com\/es\/wp-json\/wp\/v2\/tags?post=1401"}],"curies":[{"name":"wp","href":"https:\/\/api.w.org\/{rel}","templated":true}]}}