{"id":1410,"date":"2016-02-23T14:40:45","date_gmt":"2016-02-23T14:40:45","guid":{"rendered":"https:\/\/www.centregrat.com\/2016\/02\/23\/mi-hijo-no-se-relaciona-que-puedo-hacer\/"},"modified":"2025-09-30T09:03:59","modified_gmt":"2025-09-30T09:03:59","slug":"problemas-relacion-habilidades-sociales-adolescencia","status":"publish","type":"post","link":"https:\/\/www.centregrat.com\/es\/problemas-relacion-habilidades-sociales-adolescencia\/","title":{"rendered":"TRABAJAR LAS HABILIDADES SOCIALES EN LA ADOLESCENCIA"},"content":{"rendered":"<h2>El trabajo de las habilidades sociales en grupo<\/h2>\n<p>En el\u00a0Centre\u00a0GRAT ya hace un tiempo que <strong>trabajamos las habilidades sociales en formado grupo<\/strong>.<\/p>\n<p>Hoy me gustar\u00eda \u00a0compartir esta experiencia de la que tambi\u00e9n yo, como psic\u00f3loga, aprendo d\u00eda a d\u00eda y me gustar\u00eda explicaros c\u00f3mo se trabaja en el\u00a0<strong>grupo de Habilidades Sociales de chicos\/as adolecentes de 12 a 14 a\u00f1os<\/strong>.<\/p>\n<h2>Entrar al grupo: lo\u00a0m\u00e1s complicado<\/h2>\n<p><strong>No es nada f\u00e1cil que un adolescente con dificultades de habilidades sociales llegue a un grupo.<\/strong> Son muchas los miedos que pueden estar en juego: \u201csi tengo problemas a la hora de relacionarme con los otros y pretenden que me re\u00fana con un grupo, intentar\u00e9 evitarlo sea como fuere\u201d. Todo depende de la capacidad de los padres para gestionarlo. Pero la experiencia nos dice que <strong>una vez llegados al grupo hay mucho a ganar<\/strong>.<\/p>\n<p>Despu\u00e9s de trabajar que todos se sientan c\u00f3modos en el grupo, son los propios miembros de los grupo los que acuerdan un guion de trabajo. Definen en consenso, las prioridades. Para conseguirlo, tienen que poner en marcha habilidades como por ejemplo la empat\u00eda, la comunicaci\u00f3n y la negociaci\u00f3n con los otros.<\/p>\n<h2>C\u00f3mo trabajamos en el\u00a0grupo de habilidades sociales<\/h2>\n<p>Las tem\u00e1ticas se trabajan a partir de actividades que propongo y tambi\u00e9n a trav\u00e9s de experiencias que los miembros del grupo comparten espont\u00e1neamente. Estas \u00faltimas tienen mucho poder. <strong>El adolescente ve como no es la \u00fanica persona que est\u00e1 pasando por la misma dificultad, algo importante en una etapa donde el sentido de pertenencia resulta fundamental.<\/strong> A partir de aqu\u00ed, la dificultad de una persona acontece la dificultad de todos, de forma que el grupo hace pi\u00f1a para resolverla.<\/p>\n<p>En el momento en qu\u00e9 alguien plantea un problema preguntamos si hay m\u00e1s miembros del grupo que se hayan encontrado en situaciones similares. Averig\u00fcemos qu\u00e9 han sido las maneras de hacer frente y siempre salen ideas motivadoras! Si, en cambio, alguien no ha tenido la dificultad en cuesti\u00f3n indagamos sobre c\u00f3mo se lo ha hecho para no encontrarse en tal situaci\u00f3n.<\/p>\n<p>Esto hace que a menudo se tome conciencia de recursos que ponen en marcha sin darse cuenta, algo que resulta fuerza refor\u00e7ador por la persona. A la vez, le permite empatitzar con vivencias diferentes a las propias. C\u00f3mo vemos, <strong>todos los miembros del grupo resultan importantes y necesarios para\u00a0conseguir nuestros objetivos.\u00a0<\/strong><\/p>\n<p>&nbsp;<\/p>\n<div><img decoding=\"async\" src=\"https:\/\/www.centregrat.com\/wp-content\/uploads\/2016\/02\/img-20151221-wa0006-2.jpg\" alt=\"\" \/><\/div>\n<div style=\"text-align: center;\">Gui\u00f3n de trabajo\u00a0(grupo 12-14 a\u00f1os)<\/div>\n<h2>Un ejemplo de nuestro trabajo con la verg\u00fcenza<\/h2>\n<p>La siguiente imagen forma parte del trabajo que el grupo de 12 a 14 a\u00f1os est\u00e1 haciendo con la verg\u00fcenza. La obra viene de la mano de Vera, que ha querido ced\u00e9rnosla para mostrar como hace frente a la verg\u00fcenza. El dibujo representa como la verg\u00fcenza puede pasar de tener menos poder adem\u00e1s poder sobre la persona.<\/p>\n<p>A partir de aqu\u00ed ponemos en marcha toda la maquinaria para que la verg\u00fcenza no contin\u00fae dominando sus vidas. Para conseguirlo, <strong>los participantes tienen que actuar de una forma diferente a c\u00f3mo lo est\u00e1n haciendo hasta ahora y son ellos mismos quienes deciden por donde empezar.<\/strong> Ya no los preocupa ponerse objetivos dif\u00edciles porque saben que, entre todos, encontraremos nuevas maneras de resolver los problemas.<\/p>\n<div>\n<div><img decoding=\"async\" src=\"https:\/\/www.centregrat.com\/wp-content\/uploads\/2016\/02\/foto.jpg\" alt=\"\" \/><\/div>\n<div style=\"text-align: center;\">Trabajo sobre el manejo de la verg\u00fcenza (grupo 12-14 a\u00f1os)<\/div>\n<div><\/div>\n<div>\n<h2>Trabajo sobre el manejo de la verg\u00fcenza (grupo 12-14 a\u00f1os)<\/h2>\n<p><strong>Todo este trabajo tiene sentido en grupo.<\/strong>\u00a0\u00a1Permite tomar parte de procesos de transformaci\u00f3n fascinantes!<\/p>\n<p>Ver como alguien que trata mal a los compa\u00f1eros consigue empatitzar con el sufrimiento de un miembro del grupo que sufre acoso a la escuela, ser testigo de que la persona que al inicio planteaba situaciones personales irresolubles toma parte activa en la b\u00fasqueda de soluciones por los otros o acompa\u00f1ar a chicos que se bloqueaban ante los otros para verlos crecer y defender sus propios derechos y luchar para mantener su dignidad.<\/p>\n<p style=\"text-align: right;\"><em><b>Amalia Gord\u00f3vil . Col. 20177<\/b><\/em><\/p>\n<p style=\"text-align: right;\"><em><b>Dra. en Psicolog\u00eda<\/b><\/em><\/p>\n<p style=\"text-align: right;\"><em><b>Psicoterapeuta infanto-juvenil y familiar.<\/b><\/em><\/p>\n<p style=\"text-align: center;\"><b>Para m\u00e1s informaci\u00f3n sobre los grupos de habilidades sociales por adolescentes,<a href=\"https:\/\/www.centregrat.com\/es\/grupos-de-habilidades-sociales-para-adolescentes-en-barcelona\/\"> clica aqu\u00ed<\/a><\/b><\/p>\n<\/div>\n<div style=\"text-align: center;\"><\/div>\n<div>\n<div>\n<div>\n<p style=\"text-align: center;\">\u00bfQuieres hacernos una consulta?Visita nuestra <a href=\"https:\/\/www.centregrat.com\/es\/psic\u00f3logos-infantiles-en-barcelona\">Unidad de Psicolog\u00eda Infantil.<\/a><\/p>\n<\/div>\n<\/div>\n<div style=\"text-align: right;\"><\/div>\n<div style=\"text-align: right;\">\n<div style=\"text-align: left;\">\n<h2 style=\"text-align: left;\">\u00bfTe ha gustado nuestro art\u00edculo? A lo mejor te\u00a0interesa tambi\u00e9n:<\/h2>\n<ul>\n<li><a href=\"https:\/\/www.centregrat.com\/es\/10-cuentos-recomendados-por-una-madre-psicologa\/\">10 cuentos recomendados por una madre psic\u00f3loga.<\/a><\/li>\n<li><a href=\"https:\/\/www.centregrat.com\/es\/como-gestionar-las-rabietas-infantiles\/\">\u00bfC\u00f3mo gestionar las rabietas infantiles?<\/a><\/li>\n<li><a href=\"https:\/\/www.centregrat.com\/es\/por-que-los-ninos-no-obedecen\/\">\u00bfPor qu\u00e9 los ni\u00f1os no obedecen?<\/a><\/li>\n<li style=\"text-align: left;\"><a href=\"https:\/\/www.centregrat.com\/es\/problemas-comunicacion-comportamiento-con-hijo-adolescente\/\">\u00a1Socorro! la dolescencia se ha colado en casa y no la hab\u00eda llamado.<\/a><\/li>\n<li style=\"text-align: left;\"><a href=\"https:\/\/www.centregrat.com\/es\/como-mejorar-la-autoestima-de-mi-hijo-8-consejos-y-3-tareas-para-conseguirlo\/\">\u00bfC\u00f3mo mejorar la autoestima de mi hijo? 8 consejos y 3 tareas para conseguirlo.<\/a><\/li>\n<li style=\"text-align: left;\"><a href=\"https:\/\/www.centregrat.com\/es\/adolescentes-faltas-respecto-trastorno-conducta\/\">\u00bfPor qu\u00e9 algunos adolescentes faltan el respecto a sus padres?<\/a><\/li>\n<li><a href=\"https:\/\/www.centregrat.com\/es\/cuando-decir-quienes-son-los-reyes-magos\/\">\u00bfCu\u00e1ndo decir quienes son los Reyes Magos?<\/a><\/li>\n<li><a href=\"https:\/\/www.centregrat.com\/es\/por-que-no-aprueba-mi-hijo\/\">\u00bfPor qu\u00e9 mi hijo no aprueba?<\/a><\/li>\n<li><a href=\"https:\/\/www.centregrat.com\/es\/claves-hacer-mas-facil-hora-deberes\/\">Claves para hacer m\u00e1s f\u00e1cil la hora de los deberes<\/a><\/li>\n<\/ul>\n<\/div>\n<\/div>\n<\/div>\n<\/div>\n<p>&nbsp;<\/p>\n","protected":false},"excerpt":{"rendered":"<p>\u00bfVes que tu hijo tiene dificultades para hacer amigos y no sabes c\u00f3mo ayudarle? Te explicamos como el grupo de habilidades sociales puede ayudarle.<\/p>\n","protected":false},"author":2,"featured_media":3319,"comment_status":"open","ping_status":"open","sticky":false,"template":"","format":"standard","meta":{"_acf_changed":false,"_exactmetrics_skip_tracking":false,"_exactmetrics_sitenote_active":false,"_exactmetrics_sitenote_note":"","_exactmetrics_sitenote_category":0,"footnotes":""},"categories":[1543],"tags":[1287,1012,1092],"class_list":["post-1410","post","type-post","status-publish","format-standard","has-post-thumbnail","hentry","category-adolescentes","tag-grupos-habilidades-sociales-para-adolescentes","tag-habilidades-sociales-adolescencia","tag-mejorar-habilidades-sociales-adolescencia"],"acf":[],"yoast_head":"<!-- This site is optimized with the Yoast SEO plugin v27.4 - https:\/\/yoast.com\/product\/yoast-seo-wordpress\/ -->\n<title>Mi hijo no se relaciona - Trabajar las Habilidades Sociales Adolescencia<\/title>\n<meta name=\"description\" content=\"\u00bfTiene tu hijo problemas para relacionarse? Las habilidades sociales en la adolescencia son muy importantes y trabajarlas en grupo lo m\u00e1s efectivo.\" \/>\n<meta name=\"robots\" content=\"index, follow, max-snippet:-1, max-image-preview:large, max-video-preview:-1\" \/>\n<link rel=\"canonical\" href=\"https:\/\/www.centregrat.com\/es\/problemas-relacion-habilidades-sociales-adolescencia\/\" \/>\n<meta property=\"og:locale\" content=\"es_ES\" \/>\n<meta property=\"og:type\" content=\"article\" \/>\n<meta property=\"og:title\" content=\"Mi hijo no se relaciona - Trabajar las Habilidades Sociales Adolescencia\" \/>\n<meta property=\"og:description\" content=\"\u00bfTiene tu hijo problemas para relacionarse? Las habilidades sociales en la adolescencia son muy importantes y trabajarlas en grupo lo m\u00e1s efectivo.\" \/>\n<meta property=\"og:url\" content=\"https:\/\/www.centregrat.com\/es\/problemas-relacion-habilidades-sociales-adolescencia\/\" \/>\n<meta property=\"og:site_name\" content=\"Centre GRAT | Centre de psicologia a Barcelona\" \/>\n<meta property=\"article:published_time\" content=\"2016-02-23T14:40:45+00:00\" \/>\n<meta property=\"article:modified_time\" content=\"2025-09-30T09:03:59+00:00\" \/>\n<meta property=\"og:image\" content=\"https:\/\/www.centregrat.com\/wp-content\/uploads\/2016\/02\/problemas-relaci\u00f3n-habilidades-sociales-adolescencia.jpg\" \/>\n\t<meta property=\"og:image:width\" content=\"1100\" \/>\n\t<meta property=\"og:image:height\" content=\"600\" \/>\n\t<meta property=\"og:image:type\" content=\"image\/jpeg\" \/>\n<meta name=\"author\" content=\"Centre Grat\" \/>\n<meta name=\"twitter:card\" content=\"summary_large_image\" \/>\n<meta name=\"twitter:label1\" content=\"Escrito por\" \/>\n\t<meta name=\"twitter:data1\" content=\"Centre Grat\" \/>\n\t<meta name=\"twitter:label2\" content=\"Tiempo de lectura\" \/>\n\t<meta name=\"twitter:data2\" content=\"4 minutos\" \/>\n<script type=\"application\/ld+json\" class=\"yoast-schema-graph\">{\"@context\":\"https:\\\/\\\/schema.org\",\"@graph\":[{\"@type\":\"Article\",\"@id\":\"https:\\\/\\\/www.centregrat.com\\\/es\\\/problemas-relacion-habilidades-sociales-adolescencia\\\/#article\",\"isPartOf\":{\"@id\":\"https:\\\/\\\/www.centregrat.com\\\/es\\\/problemas-relacion-habilidades-sociales-adolescencia\\\/\"},\"author\":{\"name\":\"Centre Grat\",\"@id\":\"https:\\\/\\\/www.centregrat.com\\\/ca\\\/#\\\/schema\\\/person\\\/b2b01a7ecc622fa9a0a36e1370ecba97\"},\"headline\":\"TRABAJAR LAS HABILIDADES SOCIALES EN LA ADOLESCENCIA\",\"datePublished\":\"2016-02-23T14:40:45+00:00\",\"dateModified\":\"2025-09-30T09:03:59+00:00\",\"mainEntityOfPage\":{\"@id\":\"https:\\\/\\\/www.centregrat.com\\\/es\\\/problemas-relacion-habilidades-sociales-adolescencia\\\/\"},\"wordCount\":828,\"commentCount\":0,\"publisher\":{\"@id\":\"https:\\\/\\\/www.centregrat.com\\\/ca\\\/#organization\"},\"image\":{\"@id\":\"https:\\\/\\\/www.centregrat.com\\\/es\\\/problemas-relacion-habilidades-sociales-adolescencia\\\/#primaryimage\"},\"thumbnailUrl\":\"https:\\\/\\\/www.centregrat.com\\\/wp-content\\\/uploads\\\/2016\\\/02\\\/problemas-relaci\u00f3n-habilidades-sociales-adolescencia.jpg\",\"keywords\":[\"grupos habilidades sociales para adolescentes\",\"habilidades sociales adolescencia\",\"mejorar habilidades sociales adolescencia\"],\"articleSection\":[\"Adolescentes\"],\"inLanguage\":\"es\",\"potentialAction\":[{\"@type\":\"CommentAction\",\"name\":\"Comment\",\"target\":[\"https:\\\/\\\/www.centregrat.com\\\/es\\\/problemas-relacion-habilidades-sociales-adolescencia\\\/#respond\"]}]},{\"@type\":\"WebPage\",\"@id\":\"https:\\\/\\\/www.centregrat.com\\\/es\\\/problemas-relacion-habilidades-sociales-adolescencia\\\/\",\"url\":\"https:\\\/\\\/www.centregrat.com\\\/es\\\/problemas-relacion-habilidades-sociales-adolescencia\\\/\",\"name\":\"Mi hijo no se relaciona - Trabajar las Habilidades Sociales Adolescencia\",\"isPartOf\":{\"@id\":\"https:\\\/\\\/www.centregrat.com\\\/ca\\\/#website\"},\"primaryImageOfPage\":{\"@id\":\"https:\\\/\\\/www.centregrat.com\\\/es\\\/problemas-relacion-habilidades-sociales-adolescencia\\\/#primaryimage\"},\"image\":{\"@id\":\"https:\\\/\\\/www.centregrat.com\\\/es\\\/problemas-relacion-habilidades-sociales-adolescencia\\\/#primaryimage\"},\"thumbnailUrl\":\"https:\\\/\\\/www.centregrat.com\\\/wp-content\\\/uploads\\\/2016\\\/02\\\/problemas-relaci\u00f3n-habilidades-sociales-adolescencia.jpg\",\"datePublished\":\"2016-02-23T14:40:45+00:00\",\"dateModified\":\"2025-09-30T09:03:59+00:00\",\"description\":\"\u00bfTiene tu hijo problemas para relacionarse? Las habilidades sociales en la adolescencia son muy importantes y trabajarlas en grupo lo m\u00e1s efectivo.\",\"breadcrumb\":{\"@id\":\"https:\\\/\\\/www.centregrat.com\\\/es\\\/problemas-relacion-habilidades-sociales-adolescencia\\\/#breadcrumb\"},\"inLanguage\":\"es\",\"potentialAction\":[{\"@type\":\"ReadAction\",\"target\":[\"https:\\\/\\\/www.centregrat.com\\\/es\\\/problemas-relacion-habilidades-sociales-adolescencia\\\/\"]}]},{\"@type\":\"ImageObject\",\"inLanguage\":\"es\",\"@id\":\"https:\\\/\\\/www.centregrat.com\\\/es\\\/problemas-relacion-habilidades-sociales-adolescencia\\\/#primaryimage\",\"url\":\"https:\\\/\\\/www.centregrat.com\\\/wp-content\\\/uploads\\\/2016\\\/02\\\/problemas-relaci\u00f3n-habilidades-sociales-adolescencia.jpg\",\"contentUrl\":\"https:\\\/\\\/www.centregrat.com\\\/wp-content\\\/uploads\\\/2016\\\/02\\\/problemas-relaci\u00f3n-habilidades-sociales-adolescencia.jpg\",\"width\":1100,\"height\":600,\"caption\":\"problemas-relaci\u00f3n-habilidades-sociales-adolescencia\"},{\"@type\":\"BreadcrumbList\",\"@id\":\"https:\\\/\\\/www.centregrat.com\\\/es\\\/problemas-relacion-habilidades-sociales-adolescencia\\\/#breadcrumb\",\"itemListElement\":[{\"@type\":\"ListItem\",\"position\":1,\"name\":\"Portada\",\"item\":\"https:\\\/\\\/www.centregrat.com\\\/es\\\/\"},{\"@type\":\"ListItem\",\"position\":2,\"name\":\"TRABAJAR LAS HABILIDADES SOCIALES EN LA ADOLESCENCIA\"}]},{\"@type\":\"WebSite\",\"@id\":\"https:\\\/\\\/www.centregrat.com\\\/ca\\\/#website\",\"url\":\"https:\\\/\\\/www.centregrat.com\\\/ca\\\/\",\"name\":\"Centre GRAT | Centre de psicologia a Barcelona\",\"description\":\"Millora la teva qualitat de vida. Et donem les eines necess\u00e0ries perqu\u00e8 aconsegueixis portar una vida satisfact\u00f2ria. Coneix el nostre centre de psicologia a Barcelona\",\"publisher\":{\"@id\":\"https:\\\/\\\/www.centregrat.com\\\/ca\\\/#organization\"},\"potentialAction\":[{\"@type\":\"SearchAction\",\"target\":{\"@type\":\"EntryPoint\",\"urlTemplate\":\"https:\\\/\\\/www.centregrat.com\\\/ca\\\/?s={search_term_string}\"},\"query-input\":{\"@type\":\"PropertyValueSpecification\",\"valueRequired\":true,\"valueName\":\"search_term_string\"}}],\"inLanguage\":\"es\"},{\"@type\":\"Organization\",\"@id\":\"https:\\\/\\\/www.centregrat.com\\\/ca\\\/#organization\",\"name\":\"Centre GRAT\",\"url\":\"https:\\\/\\\/www.centregrat.com\\\/ca\\\/\",\"logo\":{\"@type\":\"ImageObject\",\"inLanguage\":\"es\",\"@id\":\"https:\\\/\\\/www.centregrat.com\\\/ca\\\/#\\\/schema\\\/logo\\\/image\\\/\",\"url\":\"https:\\\/\\\/www.centregrat.com\\\/wp-content\\\/uploads\\\/2017\\\/03\\\/logo-grat-90-psicologia-educacio.png\",\"contentUrl\":\"https:\\\/\\\/www.centregrat.com\\\/wp-content\\\/uploads\\\/2017\\\/03\\\/logo-grat-90-psicologia-educacio.png\",\"width\":90,\"height\":90,\"caption\":\"Centre GRAT\"},\"image\":{\"@id\":\"https:\\\/\\\/www.centregrat.com\\\/ca\\\/#\\\/schema\\\/logo\\\/image\\\/\"}},{\"@type\":\"Person\",\"@id\":\"https:\\\/\\\/www.centregrat.com\\\/ca\\\/#\\\/schema\\\/person\\\/b2b01a7ecc622fa9a0a36e1370ecba97\",\"name\":\"Centre Grat\",\"image\":{\"@type\":\"ImageObject\",\"inLanguage\":\"es\",\"@id\":\"https:\\\/\\\/secure.gravatar.com\\\/avatar\\\/7f86715d0984a8778cd2c958ac0676b28b1e18efbc7ac85723e5a2e4a9a4191f?s=96&d=mm&r=g\",\"url\":\"https:\\\/\\\/secure.gravatar.com\\\/avatar\\\/7f86715d0984a8778cd2c958ac0676b28b1e18efbc7ac85723e5a2e4a9a4191f?s=96&d=mm&r=g\",\"contentUrl\":\"https:\\\/\\\/secure.gravatar.com\\\/avatar\\\/7f86715d0984a8778cd2c958ac0676b28b1e18efbc7ac85723e5a2e4a9a4191f?s=96&d=mm&r=g\",\"caption\":\"Centre Grat\"}}]}<\/script>\n<!-- \/ Yoast SEO plugin. -->","yoast_head_json":{"title":"Mi hijo no se relaciona - Trabajar las Habilidades Sociales Adolescencia","description":"\u00bfTiene tu hijo problemas para relacionarse? Las habilidades sociales en la adolescencia son muy importantes y trabajarlas en grupo lo m\u00e1s efectivo.","robots":{"index":"index","follow":"follow","max-snippet":"max-snippet:-1","max-image-preview":"max-image-preview:large","max-video-preview":"max-video-preview:-1"},"canonical":"https:\/\/www.centregrat.com\/es\/problemas-relacion-habilidades-sociales-adolescencia\/","og_locale":"es_ES","og_type":"article","og_title":"Mi hijo no se relaciona - Trabajar las Habilidades Sociales Adolescencia","og_description":"\u00bfTiene tu hijo problemas para relacionarse? Las habilidades sociales en la adolescencia son muy importantes y trabajarlas en grupo lo m\u00e1s efectivo.","og_url":"https:\/\/www.centregrat.com\/es\/problemas-relacion-habilidades-sociales-adolescencia\/","og_site_name":"Centre GRAT | Centre de psicologia a Barcelona","article_published_time":"2016-02-23T14:40:45+00:00","article_modified_time":"2025-09-30T09:03:59+00:00","og_image":[{"width":1100,"height":600,"url":"https:\/\/www.centregrat.com\/wp-content\/uploads\/2016\/02\/problemas-relaci\u00f3n-habilidades-sociales-adolescencia.jpg","type":"image\/jpeg"}],"author":"Centre Grat","twitter_card":"summary_large_image","twitter_misc":{"Escrito por":"Centre Grat","Tiempo de lectura":"4 minutos"},"schema":{"@context":"https:\/\/schema.org","@graph":[{"@type":"Article","@id":"https:\/\/www.centregrat.com\/es\/problemas-relacion-habilidades-sociales-adolescencia\/#article","isPartOf":{"@id":"https:\/\/www.centregrat.com\/es\/problemas-relacion-habilidades-sociales-adolescencia\/"},"author":{"name":"Centre Grat","@id":"https:\/\/www.centregrat.com\/ca\/#\/schema\/person\/b2b01a7ecc622fa9a0a36e1370ecba97"},"headline":"TRABAJAR LAS HABILIDADES SOCIALES EN LA ADOLESCENCIA","datePublished":"2016-02-23T14:40:45+00:00","dateModified":"2025-09-30T09:03:59+00:00","mainEntityOfPage":{"@id":"https:\/\/www.centregrat.com\/es\/problemas-relacion-habilidades-sociales-adolescencia\/"},"wordCount":828,"commentCount":0,"publisher":{"@id":"https:\/\/www.centregrat.com\/ca\/#organization"},"image":{"@id":"https:\/\/www.centregrat.com\/es\/problemas-relacion-habilidades-sociales-adolescencia\/#primaryimage"},"thumbnailUrl":"https:\/\/www.centregrat.com\/wp-content\/uploads\/2016\/02\/problemas-relaci\u00f3n-habilidades-sociales-adolescencia.jpg","keywords":["grupos habilidades sociales para adolescentes","habilidades sociales adolescencia","mejorar habilidades sociales adolescencia"],"articleSection":["Adolescentes"],"inLanguage":"es","potentialAction":[{"@type":"CommentAction","name":"Comment","target":["https:\/\/www.centregrat.com\/es\/problemas-relacion-habilidades-sociales-adolescencia\/#respond"]}]},{"@type":"WebPage","@id":"https:\/\/www.centregrat.com\/es\/problemas-relacion-habilidades-sociales-adolescencia\/","url":"https:\/\/www.centregrat.com\/es\/problemas-relacion-habilidades-sociales-adolescencia\/","name":"Mi hijo no se relaciona - Trabajar las Habilidades Sociales Adolescencia","isPartOf":{"@id":"https:\/\/www.centregrat.com\/ca\/#website"},"primaryImageOfPage":{"@id":"https:\/\/www.centregrat.com\/es\/problemas-relacion-habilidades-sociales-adolescencia\/#primaryimage"},"image":{"@id":"https:\/\/www.centregrat.com\/es\/problemas-relacion-habilidades-sociales-adolescencia\/#primaryimage"},"thumbnailUrl":"https:\/\/www.centregrat.com\/wp-content\/uploads\/2016\/02\/problemas-relaci\u00f3n-habilidades-sociales-adolescencia.jpg","datePublished":"2016-02-23T14:40:45+00:00","dateModified":"2025-09-30T09:03:59+00:00","description":"\u00bfTiene tu hijo problemas para relacionarse? Las habilidades sociales en la adolescencia son muy importantes y trabajarlas en grupo lo m\u00e1s efectivo.","breadcrumb":{"@id":"https:\/\/www.centregrat.com\/es\/problemas-relacion-habilidades-sociales-adolescencia\/#breadcrumb"},"inLanguage":"es","potentialAction":[{"@type":"ReadAction","target":["https:\/\/www.centregrat.com\/es\/problemas-relacion-habilidades-sociales-adolescencia\/"]}]},{"@type":"ImageObject","inLanguage":"es","@id":"https:\/\/www.centregrat.com\/es\/problemas-relacion-habilidades-sociales-adolescencia\/#primaryimage","url":"https:\/\/www.centregrat.com\/wp-content\/uploads\/2016\/02\/problemas-relaci\u00f3n-habilidades-sociales-adolescencia.jpg","contentUrl":"https:\/\/www.centregrat.com\/wp-content\/uploads\/2016\/02\/problemas-relaci\u00f3n-habilidades-sociales-adolescencia.jpg","width":1100,"height":600,"caption":"problemas-relaci\u00f3n-habilidades-sociales-adolescencia"},{"@type":"BreadcrumbList","@id":"https:\/\/www.centregrat.com\/es\/problemas-relacion-habilidades-sociales-adolescencia\/#breadcrumb","itemListElement":[{"@type":"ListItem","position":1,"name":"Portada","item":"https:\/\/www.centregrat.com\/es\/"},{"@type":"ListItem","position":2,"name":"TRABAJAR LAS HABILIDADES SOCIALES EN LA ADOLESCENCIA"}]},{"@type":"WebSite","@id":"https:\/\/www.centregrat.com\/ca\/#website","url":"https:\/\/www.centregrat.com\/ca\/","name":"Centre GRAT | Centre de psicologia a Barcelona","description":"Millora la teva qualitat de vida. Et donem les eines necess\u00e0ries perqu\u00e8 aconsegueixis portar una vida satisfact\u00f2ria. Coneix el nostre centre de psicologia a Barcelona","publisher":{"@id":"https:\/\/www.centregrat.com\/ca\/#organization"},"potentialAction":[{"@type":"SearchAction","target":{"@type":"EntryPoint","urlTemplate":"https:\/\/www.centregrat.com\/ca\/?s={search_term_string}"},"query-input":{"@type":"PropertyValueSpecification","valueRequired":true,"valueName":"search_term_string"}}],"inLanguage":"es"},{"@type":"Organization","@id":"https:\/\/www.centregrat.com\/ca\/#organization","name":"Centre GRAT","url":"https:\/\/www.centregrat.com\/ca\/","logo":{"@type":"ImageObject","inLanguage":"es","@id":"https:\/\/www.centregrat.com\/ca\/#\/schema\/logo\/image\/","url":"https:\/\/www.centregrat.com\/wp-content\/uploads\/2017\/03\/logo-grat-90-psicologia-educacio.png","contentUrl":"https:\/\/www.centregrat.com\/wp-content\/uploads\/2017\/03\/logo-grat-90-psicologia-educacio.png","width":90,"height":90,"caption":"Centre GRAT"},"image":{"@id":"https:\/\/www.centregrat.com\/ca\/#\/schema\/logo\/image\/"}},{"@type":"Person","@id":"https:\/\/www.centregrat.com\/ca\/#\/schema\/person\/b2b01a7ecc622fa9a0a36e1370ecba97","name":"Centre Grat","image":{"@type":"ImageObject","inLanguage":"es","@id":"https:\/\/secure.gravatar.com\/avatar\/7f86715d0984a8778cd2c958ac0676b28b1e18efbc7ac85723e5a2e4a9a4191f?s=96&d=mm&r=g","url":"https:\/\/secure.gravatar.com\/avatar\/7f86715d0984a8778cd2c958ac0676b28b1e18efbc7ac85723e5a2e4a9a4191f?s=96&d=mm&r=g","contentUrl":"https:\/\/secure.gravatar.com\/avatar\/7f86715d0984a8778cd2c958ac0676b28b1e18efbc7ac85723e5a2e4a9a4191f?s=96&d=mm&r=g","caption":"Centre Grat"}}]}},"_links":{"self":[{"href":"https:\/\/www.centregrat.com\/es\/wp-json\/wp\/v2\/posts\/1410","targetHints":{"allow":["GET"]}}],"collection":[{"href":"https:\/\/www.centregrat.com\/es\/wp-json\/wp\/v2\/posts"}],"about":[{"href":"https:\/\/www.centregrat.com\/es\/wp-json\/wp\/v2\/types\/post"}],"author":[{"embeddable":true,"href":"https:\/\/www.centregrat.com\/es\/wp-json\/wp\/v2\/users\/2"}],"replies":[{"embeddable":true,"href":"https:\/\/www.centregrat.com\/es\/wp-json\/wp\/v2\/comments?post=1410"}],"version-history":[{"count":10,"href":"https:\/\/www.centregrat.com\/es\/wp-json\/wp\/v2\/posts\/1410\/revisions"}],"predecessor-version":[{"id":12799,"href":"https:\/\/www.centregrat.com\/es\/wp-json\/wp\/v2\/posts\/1410\/revisions\/12799"}],"wp:featuredmedia":[{"embeddable":true,"href":"https:\/\/www.centregrat.com\/es\/wp-json\/wp\/v2\/media\/3319"}],"wp:attachment":[{"href":"https:\/\/www.centregrat.com\/es\/wp-json\/wp\/v2\/media?parent=1410"}],"wp:term":[{"taxonomy":"category","embeddable":true,"href":"https:\/\/www.centregrat.com\/es\/wp-json\/wp\/v2\/categories?post=1410"},{"taxonomy":"post_tag","embeddable":true,"href":"https:\/\/www.centregrat.com\/es\/wp-json\/wp\/v2\/tags?post=1410"}],"curies":[{"name":"wp","href":"https:\/\/api.w.org\/{rel}","templated":true}]}}