{"id":1442,"date":"2017-09-18T14:35:11","date_gmt":"2017-09-18T14:35:11","guid":{"rendered":"https:\/\/www.centregrat.com\/2014\/11\/20\/el-pajarito-al-que-le-fallaron-las-alas-2\/"},"modified":"2025-09-30T09:03:55","modified_gmt":"2025-09-30T09:03:55","slug":"el-pajarito-al-que-le-fallaron-las-alas-agorafobia","status":"publish","type":"post","link":"https:\/\/www.centregrat.com\/es\/el-pajarito-al-que-le-fallaron-las-alas-agorafobia\/","title":{"rendered":"EL PAJARITO AL QUE LE FALLARON LAS ALAS. (UNA HISTORIA DE AGORAFOBIA)"},"content":{"rendered":"<p>Este es un <strong>cuento terap\u00e9utico<\/strong> que escrib\u00ed para un chico que dej\u00f3 de salir y de ir al instituto, es decir sufr\u00eda <strong>agorafobia<\/strong>. Se le entreg\u00f3 al final de su tratamiento como recurso para asegurarme de que comprendiera lo que le hab\u00eda ocurrido y prevenir que le volviera a ocurrir lo mismo. Podr\u00eda explicaros en palabras t\u00e9cnicas qu\u00e9 es la <strong>agorafobia<\/strong> y las causas, pero me parece que este cuento permite entenderlo de una forma sencilla y clara.<\/p>\n<p>Precisamente, los psic\u00f3logos\/as a menudo\u00a0trabajamos con cuentos para que nuestros pacientes comprendan qu\u00e9 les ocurre. Aqu\u00ed os dejamos este cuento lleno de significado y ya nos dir\u00e9is qu\u00e9 os parece.<\/p>\n<p>&nbsp;<\/p>\n<h2 style=\"text-align: center;\" align=\"center\"><strong>El pajarito al que le fallaron las alas.\u00a0<\/strong><strong>(Una historia de agorafobia)<\/strong><\/h2>\n<p>Hab\u00eda una vez un pajarito que viv\u00eda feliz con su familia. \u00c9l era el \u00fanico pajarito de la familia, los dem\u00e1s eran p\u00e1jaros, as\u00ed que todos estaban encantados con \u00e9l y siempre estaban pendientes de que estuviera bien y no le faltara de nada, atentos al m\u00ednimo gesto que hiciera.<\/p>\n<p>El pajarito, como os pod\u00e9is imaginar, tambi\u00e9n estaba encantado con los cuidados que recib\u00eda en casa. Fuera revoloteaba despreocupado con sus amigos, hasta que se hizo mayor y se dio cuenta de lo complicadas que eran las relaciones con los dem\u00e1s. Sus amigos y los dem\u00e1s p\u00e1jaros no le trataban como \u00e9l estaba acostumbrado. Todo el mundo estaba centrado en sus propias cosas, no le ten\u00edan en cuenta como le hab\u00edan tenido en casa y encima empez\u00f3 a haber malos entendidos con los amigos. As\u00ed que el pajarito empez\u00f3 a sentirse inc\u00f3modo con los dem\u00e1s de manera que cada vez se sent\u00eda m\u00e1s inseguro, hasta el punto de que la inseguridad le afect\u00f3 al vuelo de sus alas. Se estaba volviendo cada vez m\u00e1s torpe hasta el punto de no poder casi ni volar. Lleg\u00f3 a tal punto su inseguridad que decidi\u00f3 quedarse en su jaula sin salir: \u201caqu\u00ed dentro estar\u00e9 seguro, no me pasar\u00e1 nada\u201d, pens\u00f3 \u00e9l.<\/p>\n<p>Y as\u00ed era, estaba a salvo dentro de su jaula. Lo que sucedi\u00f3 fue que cuando quiso hacer un intento de salir, se dio cuenta de que \u00a1sus alas se hab\u00edan atrofiado! Y tuvo que volver a su jaula porque no consegu\u00eda volar. Dentro de la jaula \u00e9l se sent\u00eda confortable, no sent\u00eda la debilidad de sus alas y estaba tranquilo. A\u00fan as\u00ed hab\u00eda una parte de \u00e9l a la que no le gustaba estar all\u00ed dentro. Ve\u00eda a sus compa\u00f1eros y amigos pajaritos revoloteando fuera y pas\u00e1ndoselo bien. Los ve\u00eda aprendiendo a cazar gusanos, a coger el n\u00e9ctar de las flores, a defenderse de los depredadores, a ligar con las pajaritas y preparar su futuro para ser p\u00e1jaros adultos. Los ve\u00eda llenos de vida, mientras \u00e9l se sent\u00eda cada vez m\u00e1s aislado de la vida, fuera de ella y sin poderla disfrutar.<\/p>\n<p>Un buen d\u00eda, cansado de ver la vida pasar desde detr\u00e1s de los barrotes de su jaula decidi\u00f3 armarse de valor y salir. Fue ejercitando poco a poco sus alas para recuperar el movimiento y poder volar. No se rindi\u00f3 y sali\u00f3. No era nada f\u00e1cil, a veces soplaba un viento muy fuerte que le hac\u00eda zarandearse y desviarse de su camino, pero \u00e9l segu\u00eda volando. Los amigos no eran como \u00e9l esperaba o como a \u00e9l le habr\u00eda gustado, pero aprendi\u00f3 a aceptar que nunca lo cuidar\u00edan ni lo tendr\u00edan en cuenta como hab\u00edan hecho en su casa y empez\u00f3 a relacionarse con ellos acept\u00e1ndolos tal y como eran. Poco a poco sus alas cogieron fuerza y el pajarito pudo seguir volando y pudiendo disfrutar de la vida.<\/p>\n<p style=\"text-align: right;\"><strong><em>N\u00faria Tarifa Garcia<\/em><\/strong><\/p>\n<p style=\"text-align: right;\"><strong><em>Psic\u00f3loga Centre GRAT<\/em><\/strong><\/p>\n<p style=\"text-align: right;\"><strong><em>Colegiada n\u00ba18273<\/em><\/strong><\/p>\n<p>&nbsp;<\/p>\n<p>Si te ha interesado este art\u00edculo, puede ser que tambi\u00e9n te interese:<\/p>\n<ul>\n<li><a href=\"https:\/\/www.centregrat.com\/es\/como-dejar-de-compararse-con-los-demas\/\">8 preguntas para reflexionar y dejar de compararte con los dem\u00e1s.<\/a><\/li>\n<li><a href=\"https:\/\/www.centregrat.com\/es\/blog\/es-posible-superar-una-infidelidad\">\u00bfEs posible superar una infidelidad<\/a>?<\/li>\n<li><a href=\"https:\/\/www.centregrat.com\/es\/como-afecta-tener-hijos-a-la-relacion-de-pareja\/\">\u00bfC\u00f3mo afecta tener hijos a la relaci\u00f3n de pareja?<\/a><\/li>\n<li><a href=\"https:\/\/www.centregrat.com\/es\/depedencia-emocional-pareja\/\">\u00bfEstoy en una relaci\u00f3n de dependencia emocional?<\/a><\/li>\n<li><a href=\"https:\/\/www.centregrat.com\/es\/celos-en-la-pareja\/\">\u00bfSon inevitables los celos en la pareja?<\/a><\/li>\n<li><a href=\"https:\/\/www.centregrat.com\/aprende-a-discutir-en-pareja-sin-perder-el-control\/\">Aprende a discutir en pareja sin perder el control.<\/a><\/li>\n<li><a href=\"https:\/\/www.centregrat.com\/es\/es-posible-mejorar-mis-habilidades-sociales\/\">\u00bfEs posible mejorar mis habilidades sociales?<\/a><\/li>\n<li><a href=\"https:\/\/www.centregrat.com\/es\/duelo-por-ruptura-sentimental\/\">El duelo por ruptura sentimental: fases y c\u00f3mo superarlo.<\/a><\/li>\n<li><a href=\"https:\/\/www.centregrat.com\/es\/blog\/como-recuperar-la-chispa-en-tu-relacion-de-pareja\">\u00bfC\u00f3mo recuperar la chispa en tu relaci\u00f3n de pareja? 8 consejos para parejas (con y sin hijos).<\/a><\/li>\n<\/ul>\n<h2 style=\"text-align: center;\">\u00bfQuieres hacernos una consulta?<\/h2>\n<h2 style=\"text-align: center;\">Te atendemos presencialmente u online.<\/h2>\n<p style=\"text-align: center;\">Nuestros profesionales est\u00e1n a tu servicio para ayudarte. <a href=\"https:\/\/www.centregrat.com\/es\/psicoterapia-psicoterapeutas-adultos-barcelona\/\">\u00a1Contacta con nosotros!<\/a><\/p>\n","protected":false},"excerpt":{"rendered":"<p>Cuentos terap\u00e9uticos &#8211; Una historia de agorafobia<\/p>\n","protected":false},"author":2,"featured_media":3060,"comment_status":"open","ping_status":"open","sticky":false,"template":"","format":"standard","meta":{"_acf_changed":false,"_exactmetrics_skip_tracking":false,"_exactmetrics_sitenote_active":false,"_exactmetrics_sitenote_note":"","_exactmetrics_sitenote_category":0,"footnotes":""},"categories":[783],"tags":[765,926],"class_list":["post-1442","post","type-post","status-publish","format-standard","has-post-thumbnail","hentry","category-adultos","tag-agorafobia-es","tag-cuento-terapeutico"],"acf":[],"yoast_head":"<!-- This site is optimized with the Yoast SEO plugin v27.4 - https:\/\/yoast.com\/product\/yoast-seo-wordpress\/ -->\n<title>El pajarito al que le fallaron las alas. Una historia de agorafobia<\/title>\n<meta name=\"description\" content=\"Aqu\u00ed os dejamos un cuento terap\u00e9utico que nos explica el caso de una pajarito que perdi\u00f3 la confianza en que podia volar y se qued\u00f3 en su jaula encerrado.\" \/>\n<meta name=\"robots\" content=\"index, follow, max-snippet:-1, max-image-preview:large, max-video-preview:-1\" \/>\n<link rel=\"canonical\" href=\"https:\/\/www.centregrat.com\/es\/el-pajarito-al-que-le-fallaron-las-alas-agorafobia\/\" \/>\n<meta property=\"og:locale\" content=\"es_ES\" \/>\n<meta property=\"og:type\" content=\"article\" \/>\n<meta property=\"og:title\" content=\"Una historia de agorafobia: El pajarito al que le fallaron las alas\" \/>\n<meta property=\"og:description\" content=\"Al final del tratamiento de un paciente con agorafobia su psic\u00f3loga le entreg\u00f3 este cuento para asegurarse que comprendiera lo que le hab\u00eda ocurrido y prevenir que le volviera a ocurrir lo mismo.\" \/>\n<meta property=\"og:url\" content=\"https:\/\/www.centregrat.com\/es\/el-pajarito-al-que-le-fallaron-las-alas-agorafobia\/\" \/>\n<meta property=\"og:site_name\" content=\"Centre GRAT | Centre de psicologia a Barcelona\" \/>\n<meta property=\"article:published_time\" content=\"2017-09-18T14:35:11+00:00\" \/>\n<meta property=\"article:modified_time\" content=\"2025-09-30T09:03:55+00:00\" \/>\n<meta property=\"og:image\" content=\"https:\/\/www.centregrat.com\/wp-content\/uploads\/2017\/03\/logo-grat-90-psicologia-educacio.png\" \/>\n\t<meta property=\"og:image:width\" content=\"90\" \/>\n\t<meta property=\"og:image:height\" content=\"90\" \/>\n\t<meta property=\"og:image:type\" content=\"image\/png\" \/>\n<meta name=\"author\" content=\"Centre Grat\" \/>\n<meta name=\"twitter:card\" content=\"summary_large_image\" \/>\n<meta name=\"twitter:label1\" content=\"Escrito por\" \/>\n\t<meta name=\"twitter:data1\" content=\"Centre Grat\" \/>\n\t<meta name=\"twitter:label2\" content=\"Tiempo de lectura\" \/>\n\t<meta name=\"twitter:data2\" content=\"4 minutos\" \/>\n<script type=\"application\/ld+json\" class=\"yoast-schema-graph\">{\"@context\":\"https:\\\/\\\/schema.org\",\"@graph\":[{\"@type\":\"Article\",\"@id\":\"https:\\\/\\\/www.centregrat.com\\\/es\\\/el-pajarito-al-que-le-fallaron-las-alas-agorafobia\\\/#article\",\"isPartOf\":{\"@id\":\"https:\\\/\\\/www.centregrat.com\\\/es\\\/el-pajarito-al-que-le-fallaron-las-alas-agorafobia\\\/\"},\"author\":{\"name\":\"Centre Grat\",\"@id\":\"https:\\\/\\\/www.centregrat.com\\\/ca\\\/#\\\/schema\\\/person\\\/b2b01a7ecc622fa9a0a36e1370ecba97\"},\"headline\":\"EL PAJARITO AL QUE LE FALLARON LAS ALAS. (UNA HISTORIA DE AGORAFOBIA)\",\"datePublished\":\"2017-09-18T14:35:11+00:00\",\"dateModified\":\"2025-09-30T09:03:55+00:00\",\"mainEntityOfPage\":{\"@id\":\"https:\\\/\\\/www.centregrat.com\\\/es\\\/el-pajarito-al-que-le-fallaron-las-alas-agorafobia\\\/\"},\"wordCount\":796,\"commentCount\":2,\"publisher\":{\"@id\":\"https:\\\/\\\/www.centregrat.com\\\/ca\\\/#organization\"},\"image\":{\"@id\":\"https:\\\/\\\/www.centregrat.com\\\/es\\\/el-pajarito-al-que-le-fallaron-las-alas-agorafobia\\\/#primaryimage\"},\"thumbnailUrl\":\"https:\\\/\\\/www.centregrat.com\\\/wp-content\\\/uploads\\\/2017\\\/09\\\/Pajarillo-le-fallaron-alas-agorafobia.jpg\",\"keywords\":[\"agorafobia\",\"cuento terap\u00e9utico\"],\"articleSection\":[\"Adultos\"],\"inLanguage\":\"es\",\"potentialAction\":[{\"@type\":\"CommentAction\",\"name\":\"Comment\",\"target\":[\"https:\\\/\\\/www.centregrat.com\\\/es\\\/el-pajarito-al-que-le-fallaron-las-alas-agorafobia\\\/#respond\"]}]},{\"@type\":\"WebPage\",\"@id\":\"https:\\\/\\\/www.centregrat.com\\\/es\\\/el-pajarito-al-que-le-fallaron-las-alas-agorafobia\\\/\",\"url\":\"https:\\\/\\\/www.centregrat.com\\\/es\\\/el-pajarito-al-que-le-fallaron-las-alas-agorafobia\\\/\",\"name\":\"El pajarito al que le fallaron las alas. Una historia de agorafobia\",\"isPartOf\":{\"@id\":\"https:\\\/\\\/www.centregrat.com\\\/ca\\\/#website\"},\"primaryImageOfPage\":{\"@id\":\"https:\\\/\\\/www.centregrat.com\\\/es\\\/el-pajarito-al-que-le-fallaron-las-alas-agorafobia\\\/#primaryimage\"},\"image\":{\"@id\":\"https:\\\/\\\/www.centregrat.com\\\/es\\\/el-pajarito-al-que-le-fallaron-las-alas-agorafobia\\\/#primaryimage\"},\"thumbnailUrl\":\"https:\\\/\\\/www.centregrat.com\\\/wp-content\\\/uploads\\\/2017\\\/09\\\/Pajarillo-le-fallaron-alas-agorafobia.jpg\",\"datePublished\":\"2017-09-18T14:35:11+00:00\",\"dateModified\":\"2025-09-30T09:03:55+00:00\",\"description\":\"Aqu\u00ed os dejamos un cuento terap\u00e9utico que nos explica el caso de una pajarito que perdi\u00f3 la confianza en que podia volar y se qued\u00f3 en su jaula encerrado.\",\"breadcrumb\":{\"@id\":\"https:\\\/\\\/www.centregrat.com\\\/es\\\/el-pajarito-al-que-le-fallaron-las-alas-agorafobia\\\/#breadcrumb\"},\"inLanguage\":\"es\",\"potentialAction\":[{\"@type\":\"ReadAction\",\"target\":[\"https:\\\/\\\/www.centregrat.com\\\/es\\\/el-pajarito-al-que-le-fallaron-las-alas-agorafobia\\\/\"]}]},{\"@type\":\"ImageObject\",\"inLanguage\":\"es\",\"@id\":\"https:\\\/\\\/www.centregrat.com\\\/es\\\/el-pajarito-al-que-le-fallaron-las-alas-agorafobia\\\/#primaryimage\",\"url\":\"https:\\\/\\\/www.centregrat.com\\\/wp-content\\\/uploads\\\/2017\\\/09\\\/Pajarillo-le-fallaron-alas-agorafobia.jpg\",\"contentUrl\":\"https:\\\/\\\/www.centregrat.com\\\/wp-content\\\/uploads\\\/2017\\\/09\\\/Pajarillo-le-fallaron-alas-agorafobia.jpg\",\"width\":1100,\"height\":600},{\"@type\":\"BreadcrumbList\",\"@id\":\"https:\\\/\\\/www.centregrat.com\\\/es\\\/el-pajarito-al-que-le-fallaron-las-alas-agorafobia\\\/#breadcrumb\",\"itemListElement\":[{\"@type\":\"ListItem\",\"position\":1,\"name\":\"Portada\",\"item\":\"https:\\\/\\\/www.centregrat.com\\\/es\\\/\"},{\"@type\":\"ListItem\",\"position\":2,\"name\":\"EL PAJARITO AL QUE LE FALLARON LAS ALAS. (UNA HISTORIA DE AGORAFOBIA)\"}]},{\"@type\":\"WebSite\",\"@id\":\"https:\\\/\\\/www.centregrat.com\\\/ca\\\/#website\",\"url\":\"https:\\\/\\\/www.centregrat.com\\\/ca\\\/\",\"name\":\"Centre GRAT | Centre de psicologia a Barcelona\",\"description\":\"Millora la teva qualitat de vida. Et donem les eines necess\u00e0ries perqu\u00e8 aconsegueixis portar una vida satisfact\u00f2ria. Coneix el nostre centre de psicologia a Barcelona\",\"publisher\":{\"@id\":\"https:\\\/\\\/www.centregrat.com\\\/ca\\\/#organization\"},\"potentialAction\":[{\"@type\":\"SearchAction\",\"target\":{\"@type\":\"EntryPoint\",\"urlTemplate\":\"https:\\\/\\\/www.centregrat.com\\\/ca\\\/?s={search_term_string}\"},\"query-input\":{\"@type\":\"PropertyValueSpecification\",\"valueRequired\":true,\"valueName\":\"search_term_string\"}}],\"inLanguage\":\"es\"},{\"@type\":\"Organization\",\"@id\":\"https:\\\/\\\/www.centregrat.com\\\/ca\\\/#organization\",\"name\":\"Centre GRAT\",\"url\":\"https:\\\/\\\/www.centregrat.com\\\/ca\\\/\",\"logo\":{\"@type\":\"ImageObject\",\"inLanguage\":\"es\",\"@id\":\"https:\\\/\\\/www.centregrat.com\\\/ca\\\/#\\\/schema\\\/logo\\\/image\\\/\",\"url\":\"https:\\\/\\\/www.centregrat.com\\\/wp-content\\\/uploads\\\/2017\\\/03\\\/logo-grat-90-psicologia-educacio.png\",\"contentUrl\":\"https:\\\/\\\/www.centregrat.com\\\/wp-content\\\/uploads\\\/2017\\\/03\\\/logo-grat-90-psicologia-educacio.png\",\"width\":90,\"height\":90,\"caption\":\"Centre GRAT\"},\"image\":{\"@id\":\"https:\\\/\\\/www.centregrat.com\\\/ca\\\/#\\\/schema\\\/logo\\\/image\\\/\"}},{\"@type\":\"Person\",\"@id\":\"https:\\\/\\\/www.centregrat.com\\\/ca\\\/#\\\/schema\\\/person\\\/b2b01a7ecc622fa9a0a36e1370ecba97\",\"name\":\"Centre Grat\",\"image\":{\"@type\":\"ImageObject\",\"inLanguage\":\"es\",\"@id\":\"https:\\\/\\\/secure.gravatar.com\\\/avatar\\\/7f86715d0984a8778cd2c958ac0676b28b1e18efbc7ac85723e5a2e4a9a4191f?s=96&d=mm&r=g\",\"url\":\"https:\\\/\\\/secure.gravatar.com\\\/avatar\\\/7f86715d0984a8778cd2c958ac0676b28b1e18efbc7ac85723e5a2e4a9a4191f?s=96&d=mm&r=g\",\"contentUrl\":\"https:\\\/\\\/secure.gravatar.com\\\/avatar\\\/7f86715d0984a8778cd2c958ac0676b28b1e18efbc7ac85723e5a2e4a9a4191f?s=96&d=mm&r=g\",\"caption\":\"Centre Grat\"}}]}<\/script>\n<!-- \/ Yoast SEO plugin. -->","yoast_head_json":{"title":"El pajarito al que le fallaron las alas. Una historia de agorafobia","description":"Aqu\u00ed os dejamos un cuento terap\u00e9utico que nos explica el caso de una pajarito que perdi\u00f3 la confianza en que podia volar y se qued\u00f3 en su jaula encerrado.","robots":{"index":"index","follow":"follow","max-snippet":"max-snippet:-1","max-image-preview":"max-image-preview:large","max-video-preview":"max-video-preview:-1"},"canonical":"https:\/\/www.centregrat.com\/es\/el-pajarito-al-que-le-fallaron-las-alas-agorafobia\/","og_locale":"es_ES","og_type":"article","og_title":"Una historia de agorafobia: El pajarito al que le fallaron las alas","og_description":"Al final del tratamiento de un paciente con agorafobia su psic\u00f3loga le entreg\u00f3 este cuento para asegurarse que comprendiera lo que le hab\u00eda ocurrido y prevenir que le volviera a ocurrir lo mismo.","og_url":"https:\/\/www.centregrat.com\/es\/el-pajarito-al-que-le-fallaron-las-alas-agorafobia\/","og_site_name":"Centre GRAT | Centre de psicologia a Barcelona","article_published_time":"2017-09-18T14:35:11+00:00","article_modified_time":"2025-09-30T09:03:55+00:00","og_image":[{"width":90,"height":90,"url":"https:\/\/www.centregrat.com\/wp-content\/uploads\/2017\/03\/logo-grat-90-psicologia-educacio.png","type":"image\/png"}],"author":"Centre Grat","twitter_card":"summary_large_image","twitter_misc":{"Escrito por":"Centre Grat","Tiempo de lectura":"4 minutos"},"schema":{"@context":"https:\/\/schema.org","@graph":[{"@type":"Article","@id":"https:\/\/www.centregrat.com\/es\/el-pajarito-al-que-le-fallaron-las-alas-agorafobia\/#article","isPartOf":{"@id":"https:\/\/www.centregrat.com\/es\/el-pajarito-al-que-le-fallaron-las-alas-agorafobia\/"},"author":{"name":"Centre Grat","@id":"https:\/\/www.centregrat.com\/ca\/#\/schema\/person\/b2b01a7ecc622fa9a0a36e1370ecba97"},"headline":"EL PAJARITO AL QUE LE FALLARON LAS ALAS. (UNA HISTORIA DE AGORAFOBIA)","datePublished":"2017-09-18T14:35:11+00:00","dateModified":"2025-09-30T09:03:55+00:00","mainEntityOfPage":{"@id":"https:\/\/www.centregrat.com\/es\/el-pajarito-al-que-le-fallaron-las-alas-agorafobia\/"},"wordCount":796,"commentCount":2,"publisher":{"@id":"https:\/\/www.centregrat.com\/ca\/#organization"},"image":{"@id":"https:\/\/www.centregrat.com\/es\/el-pajarito-al-que-le-fallaron-las-alas-agorafobia\/#primaryimage"},"thumbnailUrl":"https:\/\/www.centregrat.com\/wp-content\/uploads\/2017\/09\/Pajarillo-le-fallaron-alas-agorafobia.jpg","keywords":["agorafobia","cuento terap\u00e9utico"],"articleSection":["Adultos"],"inLanguage":"es","potentialAction":[{"@type":"CommentAction","name":"Comment","target":["https:\/\/www.centregrat.com\/es\/el-pajarito-al-que-le-fallaron-las-alas-agorafobia\/#respond"]}]},{"@type":"WebPage","@id":"https:\/\/www.centregrat.com\/es\/el-pajarito-al-que-le-fallaron-las-alas-agorafobia\/","url":"https:\/\/www.centregrat.com\/es\/el-pajarito-al-que-le-fallaron-las-alas-agorafobia\/","name":"El pajarito al que le fallaron las alas. Una historia de agorafobia","isPartOf":{"@id":"https:\/\/www.centregrat.com\/ca\/#website"},"primaryImageOfPage":{"@id":"https:\/\/www.centregrat.com\/es\/el-pajarito-al-que-le-fallaron-las-alas-agorafobia\/#primaryimage"},"image":{"@id":"https:\/\/www.centregrat.com\/es\/el-pajarito-al-que-le-fallaron-las-alas-agorafobia\/#primaryimage"},"thumbnailUrl":"https:\/\/www.centregrat.com\/wp-content\/uploads\/2017\/09\/Pajarillo-le-fallaron-alas-agorafobia.jpg","datePublished":"2017-09-18T14:35:11+00:00","dateModified":"2025-09-30T09:03:55+00:00","description":"Aqu\u00ed os dejamos un cuento terap\u00e9utico que nos explica el caso de una pajarito que perdi\u00f3 la confianza en que podia volar y se qued\u00f3 en su jaula encerrado.","breadcrumb":{"@id":"https:\/\/www.centregrat.com\/es\/el-pajarito-al-que-le-fallaron-las-alas-agorafobia\/#breadcrumb"},"inLanguage":"es","potentialAction":[{"@type":"ReadAction","target":["https:\/\/www.centregrat.com\/es\/el-pajarito-al-que-le-fallaron-las-alas-agorafobia\/"]}]},{"@type":"ImageObject","inLanguage":"es","@id":"https:\/\/www.centregrat.com\/es\/el-pajarito-al-que-le-fallaron-las-alas-agorafobia\/#primaryimage","url":"https:\/\/www.centregrat.com\/wp-content\/uploads\/2017\/09\/Pajarillo-le-fallaron-alas-agorafobia.jpg","contentUrl":"https:\/\/www.centregrat.com\/wp-content\/uploads\/2017\/09\/Pajarillo-le-fallaron-alas-agorafobia.jpg","width":1100,"height":600},{"@type":"BreadcrumbList","@id":"https:\/\/www.centregrat.com\/es\/el-pajarito-al-que-le-fallaron-las-alas-agorafobia\/#breadcrumb","itemListElement":[{"@type":"ListItem","position":1,"name":"Portada","item":"https:\/\/www.centregrat.com\/es\/"},{"@type":"ListItem","position":2,"name":"EL PAJARITO AL QUE LE FALLARON LAS ALAS. (UNA HISTORIA DE AGORAFOBIA)"}]},{"@type":"WebSite","@id":"https:\/\/www.centregrat.com\/ca\/#website","url":"https:\/\/www.centregrat.com\/ca\/","name":"Centre GRAT | Centre de psicologia a Barcelona","description":"Millora la teva qualitat de vida. Et donem les eines necess\u00e0ries perqu\u00e8 aconsegueixis portar una vida satisfact\u00f2ria. Coneix el nostre centre de psicologia a Barcelona","publisher":{"@id":"https:\/\/www.centregrat.com\/ca\/#organization"},"potentialAction":[{"@type":"SearchAction","target":{"@type":"EntryPoint","urlTemplate":"https:\/\/www.centregrat.com\/ca\/?s={search_term_string}"},"query-input":{"@type":"PropertyValueSpecification","valueRequired":true,"valueName":"search_term_string"}}],"inLanguage":"es"},{"@type":"Organization","@id":"https:\/\/www.centregrat.com\/ca\/#organization","name":"Centre GRAT","url":"https:\/\/www.centregrat.com\/ca\/","logo":{"@type":"ImageObject","inLanguage":"es","@id":"https:\/\/www.centregrat.com\/ca\/#\/schema\/logo\/image\/","url":"https:\/\/www.centregrat.com\/wp-content\/uploads\/2017\/03\/logo-grat-90-psicologia-educacio.png","contentUrl":"https:\/\/www.centregrat.com\/wp-content\/uploads\/2017\/03\/logo-grat-90-psicologia-educacio.png","width":90,"height":90,"caption":"Centre GRAT"},"image":{"@id":"https:\/\/www.centregrat.com\/ca\/#\/schema\/logo\/image\/"}},{"@type":"Person","@id":"https:\/\/www.centregrat.com\/ca\/#\/schema\/person\/b2b01a7ecc622fa9a0a36e1370ecba97","name":"Centre Grat","image":{"@type":"ImageObject","inLanguage":"es","@id":"https:\/\/secure.gravatar.com\/avatar\/7f86715d0984a8778cd2c958ac0676b28b1e18efbc7ac85723e5a2e4a9a4191f?s=96&d=mm&r=g","url":"https:\/\/secure.gravatar.com\/avatar\/7f86715d0984a8778cd2c958ac0676b28b1e18efbc7ac85723e5a2e4a9a4191f?s=96&d=mm&r=g","contentUrl":"https:\/\/secure.gravatar.com\/avatar\/7f86715d0984a8778cd2c958ac0676b28b1e18efbc7ac85723e5a2e4a9a4191f?s=96&d=mm&r=g","caption":"Centre Grat"}}]}},"_links":{"self":[{"href":"https:\/\/www.centregrat.com\/es\/wp-json\/wp\/v2\/posts\/1442","targetHints":{"allow":["GET"]}}],"collection":[{"href":"https:\/\/www.centregrat.com\/es\/wp-json\/wp\/v2\/posts"}],"about":[{"href":"https:\/\/www.centregrat.com\/es\/wp-json\/wp\/v2\/types\/post"}],"author":[{"embeddable":true,"href":"https:\/\/www.centregrat.com\/es\/wp-json\/wp\/v2\/users\/2"}],"replies":[{"embeddable":true,"href":"https:\/\/www.centregrat.com\/es\/wp-json\/wp\/v2\/comments?post=1442"}],"version-history":[{"count":10,"href":"https:\/\/www.centregrat.com\/es\/wp-json\/wp\/v2\/posts\/1442\/revisions"}],"predecessor-version":[{"id":21191,"href":"https:\/\/www.centregrat.com\/es\/wp-json\/wp\/v2\/posts\/1442\/revisions\/21191"}],"wp:featuredmedia":[{"embeddable":true,"href":"https:\/\/www.centregrat.com\/es\/wp-json\/wp\/v2\/media\/3060"}],"wp:attachment":[{"href":"https:\/\/www.centregrat.com\/es\/wp-json\/wp\/v2\/media?parent=1442"}],"wp:term":[{"taxonomy":"category","embeddable":true,"href":"https:\/\/www.centregrat.com\/es\/wp-json\/wp\/v2\/categories?post=1442"},{"taxonomy":"post_tag","embeddable":true,"href":"https:\/\/www.centregrat.com\/es\/wp-json\/wp\/v2\/tags?post=1442"}],"curies":[{"name":"wp","href":"https:\/\/api.w.org\/{rel}","templated":true}]}}